{"id":113430,"date":"2025-11-22T15:40:07","date_gmt":"2025-11-22T15:40:07","guid":{"rendered":"https:\/\/www.europesays.com\/pl\/113430\/"},"modified":"2025-11-22T15:40:07","modified_gmt":"2025-11-22T15:40:07","slug":"hit-z-udzialem-barcelony-sledz-mecz-13-kolejki-la-liga-na-zywo-sport-tvp-pl","status":"publish","type":"post","link":"https:\/\/www.europesays.com\/pl\/113430\/","title":{"rendered":"Hit z udzia\u0142em Barcelony! \u015aled\u017a mecz 13. kolejki La Liga [NA \u017bYWO] &#8211; sport.tvp.pl"},"content":{"rendered":"<ol>\n<li><a href=\"https:\/\/news.google.com\/rss\/articles\/CBMiwwFBVV95cUxOdEhicXVxZ1BXdjF4YVRYd1MyZE9uNDE3RVZUR0NCSTVzSklWdGdPazNoOUoyTGNJYk9oU0paUGV1d1FkaFZkd3otRVhRNXNnM05Rb3I4TDA4T0NWQTUxNENFaHJSSFpOQW1EQjhkd3ZXVUlfNHQ4RFUwYXNhTV9BQlF1SHIzQmY5Y1JOMnBwbGhWVFVodC1FQXcwQk1oR3pDdmVyVjFoekVwSDliQmo4elpJSENsQmJjSDN4eVItYThuRFU?oc=5\" target=\"_blank\" rel=\"nofollow noopener\">Hit z udzia\u0142em Barcelony! \u015aled\u017a mecz 13. kolejki La Liga [NA \u017bYWO]<\/a>&nbsp;&nbsp;sport.tvp.pl<\/li>\n<li><a href=\"https:\/\/news.google.com\/rss\/articles\/CBMi1AFBVV95cUxONVF1ZG5XemJJTFNnQVBfVldPVlgyb0NBVjhBQzQxVmFENm5Bblc4VW1ER1kxb1pFVTJ3VWxZUEwtczZLcTBoU0tJdTNTNkE5MU1NdHhzTWYyMDJNWk5GLWkza1Z0S2RtaElYWVBNcWJUMjNoQ283NmdzV1FoUTJmbllPQ09SVFhNdFhKN1o1TDg0R3NvR3ozMVNIV3ExakpSOVNUN090NXNZTDR3cW9YbkRtVzhQMnI2VDByVEhQRk9pbzRibjZYV3dPX0Q4QzJHRGtYeg?oc=5\" target=\"_blank\" rel=\"nofollow noopener\">Jest decyzja w sprawie Roberta Lewandowskiego i Wojciecha Szcz\u0119snego! Oto sk\u0142ad Barcelony<\/a>&nbsp;&nbsp;Przegl\u0105d Sportowy Onet<\/li>\n<li><a href=\"https:\/\/news.google.com\/rss\/articles\/CBMijwFBVV95cUxNYlY2SXQyeGJjWFBoOHFtUnVmMXhaRHZHTWY4S09uZzVJZHhBLU90Y2pQQk1aUVhhLWd4V3hNeXAwa3RHbFNTLTREdC1aUmlnanZET1pjWWFpT2xuVzNJdkE0b18xeHMzVjVKU2FsZERyaEdETHlzOXE0Vl9KUURGUjFLeUhFLTNXOUxON05CQQ?oc=5\" target=\"_blank\" rel=\"nofollow noopener\">Ogromne wyr\u00f3\u017cnienie dla Lewandowskiego<\/a>&nbsp;&nbsp;SportoweFakty<\/li>\n<li><a href=\"https:\/\/news.google.com\/rss\/articles\/CBMiwAFBVV95cUxOd1dSd0xXQmJCZGlqNWNPWEJMZ0s5STltSXFVemRuZlJxVFExTHBrNGx1ak1DV1JLZnA0TUNFTnNPdzRSRlBjaDhNVE4ydUxyQ2FhNktZVWgxMXJYbGEyeFhXNUFiVjc0aENUX0Jtc2habWNLUEZJSGRrSEU0MkRUc2NRemNHR1RlSHMxR1V3TFpYMW5uMVNxZFFmUi1MR00zSE5ZWkxoM205MXo3ZEEtV3piTXJQMHlsajdQSndyNXc?oc=5\" target=\"_blank\" rel=\"nofollow noopener\">FC Barcelona &#8211; Athletic Bilbao w 13. kolejce La Ligi. Relacja na \u017cywo<\/a>&nbsp;&nbsp;Sport w INTERIA.PL<\/li>\n<li><a href=\"https:\/\/news.google.com\/rss\/articles\/CBMipgFBVV95cUxNeWtLUm4zZlJyNTV3bGlqT05UYU5uajZDRE1kUEttc1hENWx6c1g5c3haZklPVUozOHNEV1NUY01pWm8tTmdhVGFqcmdQcGpyRzBBWlFnRHgyTXJqeTVva3lvbms1TGhmcnc0YThLWHU0bm1mdWV4TkhmVmJDV3VzS2JXQXRQVXgzOG82dXJVQXZTNldUaUVRaHJCSXFWUTl2enREMk1n?oc=5\" target=\"_blank\" rel=\"nofollow noopener\">Szcz\u0119sny na \u0142awce. Sk\u0142ad Barcelony na mecz z Athletikiem<\/a>&nbsp;&nbsp;Meczyki.pl<\/li>\n<\/ol>\n","protected":false},"excerpt":{"rendered":"Hit z udzia\u0142em Barcelony! \u015aled\u017a mecz 13. kolejki La Liga [NA \u017bYWO]&nbsp;&nbsp;sport.tvp.pl Jest decyzja w sprawie Roberta Lewandowskiego&hellip;\n","protected":false},"author":2,"featured_media":113431,"comment_status":"","ping_status":"","sticky":false,"template":"","format":"standard","meta":{"footnotes":""},"categories":[24],"tags":[7145,272,538,269,42,38,40,39,41,19737,127,334,126],"class_list":{"0":"post-113430","1":"post","2":"type-post","3":"status-publish","4":"format-standard","5":"has-post-thumbnail","7":"category-sport","8":"tag-athletic-bilbao","9":"tag-fc-barcelona","10":"tag-la-liga","11":"tag-pilka-nozna","12":"tag-pl","13":"tag-poland","14":"tag-polish","15":"tag-polska","16":"tag-polski","17":"tag-realcja-na-zywo","18":"tag-sport","19":"tag-sport-tvp-pl","20":"tag-sports"},"share_on_mastodon":{"url":"https:\/\/pubeurope.com\/@pl\/115594108893066978","error":""},"_links":{"self":[{"href":"https:\/\/www.europesays.com\/pl\/wp-json\/wp\/v2\/posts\/113430","targetHints":{"allow":["GET"]}}],"collection":[{"href":"https:\/\/www.europesays.com\/pl\/wp-json\/wp\/v2\/posts"}],"about":[{"href":"https:\/\/www.europesays.com\/pl\/wp-json\/wp\/v2\/types\/post"}],"author":[{"embeddable":true,"href":"https:\/\/www.europesays.com\/pl\/wp-json\/wp\/v2\/users\/2"}],"replies":[{"embeddable":true,"href":"https:\/\/www.europesays.com\/pl\/wp-json\/wp\/v2\/comments?post=113430"}],"version-history":[{"count":0,"href":"https:\/\/www.europesays.com\/pl\/wp-json\/wp\/v2\/posts\/113430\/revisions"}],"wp:featuredmedia":[{"embeddable":true,"href":"https:\/\/www.europesays.com\/pl\/wp-json\/wp\/v2\/media\/113431"}],"wp:attachment":[{"href":"https:\/\/www.europesays.com\/pl\/wp-json\/wp\/v2\/media?parent=113430"}],"wp:term":[{"taxonomy":"category","embeddable":true,"href":"https:\/\/www.europesays.com\/pl\/wp-json\/wp\/v2\/categories?post=113430"},{"taxonomy":"post_tag","embeddable":true,"href":"https:\/\/www.europesays.com\/pl\/wp-json\/wp\/v2\/tags?post=113430"}],"curies":[{"name":"wp","href":"https:\/\/api.w.org\/{rel}","templated":true}]}}