{"id":113432,"date":"2025-11-22T15:41:17","date_gmt":"2025-11-22T15:41:17","guid":{"rendered":"https:\/\/www.europesays.com\/pl\/113432\/"},"modified":"2025-11-22T15:41:17","modified_gmt":"2025-11-22T15:41:17","slug":"kaczorowska-nie-mogla-oderwac-rak-od-rogacewicza-obok-posagowa-racewicz-plejada","status":"publish","type":"post","link":"https:\/\/www.europesays.com\/pl\/113432\/","title":{"rendered":"Kaczorowska nie mog\u0142a oderwa\u0107 r\u0105k od Rogacewicza. Obok pos\u0105gowa Racewicz &#8211; Plejada"},"content":{"rendered":"<ol>\n<li><a href=\"https:\/\/news.google.com\/rss\/articles\/CBMiswFBVV95cUxOU0x5a3NEdXM4Vy1ubV9qblp1WHdyS2xvc05tWXpnMWN3ZWcxWWZibVAtRlFUV01Yc2RocU05TEEyN1hwNmVlSFRQbFVGb2xzRHlGd040aG1GakJackl5UzNuZmdTZjRLdTJ6bDlFekU0SFM4elhaZXNIeW5mQk05VlZoMlFUNm5MNmsxNUxVbGxmSmx3VU5qQ0pwNUJBWnExUnJzUmwxUVY5b0hhWVlhZGR0WQ?oc=5\" target=\"_blank\" rel=\"nofollow noopener\">Kaczorowska nie mog\u0142a oderwa\u0107 r\u0105k od Rogacewicza. Obok pos\u0105gowa Racewicz<\/a>&nbsp;&nbsp;Plejada<\/li>\n<li><a href=\"https:\/\/news.google.com\/rss\/articles\/CBMi5gFBVV95cUxOYWkxNnVEX1preUgtemVjcGR1cDN0WDRRZ2dOZjBoTUZnYnlCTWJBTTVlTkVmREJtZFp5MDN3cjZPN3FNN1hZV3huQTZsWmFrcVFLRDFQOGcyZ00wVFFDa3V4QjlQM1NBRXZzNThOSXJTdkl3NDZpdEtKaFE1THpwY3FQY2JCb2ZydzJrSURvSGZON2xyYVJSUU5LZkxEY0NKQ3NvdmF1NmstRW1RNTJMcU9BYlRPVWpzNXk0SE5UQnIxQW95eW41TFQtd1pOazNXOWozMzRvenJZOWZneWFFa0xoVUMxZw?oc=5\" target=\"_blank\" rel=\"nofollow noopener\">Gwiazdy podbijaj\u0105 premier\u0119 spektaklu: Kaczorowska z Rogacewiczem, Zaj\u0105c, Wierzbicka (ZDJ\u0118CIA)<\/a>&nbsp;&nbsp;Pudelek<\/li>\n<li><a href=\"https:\/\/news.google.com\/rss\/articles\/CBMisgFBVV95cUxNUE9YMl9rLThzYlR6bjNWRUhtVVowLWFEUERMcHZWc3pTSlhJZDRZU011bDFyX2JaeGxBU0lNdlpSemg3WngwSm00Wk85U0t4S0VlRFFNSFk3VEtqOHBlUzRQRTJBbk9OaUs5eG5pRjRFYjU2eGVDV1pETVNvRVVqc3hEM0dqU0FISjd1MUFCS3FGdDd0Nkw5eDk2Zm5KV09FRWs1RzV1SWdiU18ydkZIWm13?oc=5\" target=\"_blank\" rel=\"nofollow noopener\">Publicznie nie szcz\u0119dzili sobie romantycznych gest\u00f3w. Ju\u017c nie ukrywaj\u0105 zwi\u0105zku!<\/a>&nbsp;&nbsp;Telemagazyn<\/li>\n<li><a href=\"https:\/\/news.google.com\/rss\/articles\/CBMisgFBVV95cUxOXzhuQWJqNXRUM21LYWF3eDBVdTgta3Q2bjdDSmdsa254VFpRNXlqRjNzY1ZRRzRvOHhuWUVtUnh0MVlGT3duOUNoUnJoNnlqdnU1STJ3N19reUFMWFJDdUt6Zm9tcmlrekVFSHgwbkVPQ0dNeFp0TlgxYVdxQlFWWG51Z195ODhIc0xTTlpoaG9XSUpxUFVoOFEyMndMdktZRXczRUZsZHNOLUF4WGR0WnBn?oc=5\" target=\"_blank\" rel=\"nofollow noopener\">Kaczorowska i Rogacewicz zn\u00f3w na \u015bciance. Nie przestawali si\u0119 przytula\u0107<\/a>&nbsp;&nbsp;Plotek.pl<\/li>\n<li><a href=\"https:\/\/news.google.com\/rss\/articles\/CBMizgFBVV95cUxQblhza1NwX20zWWpUMWhRdnFSNVpuV0t0eXZObXF4SHdXR0I1YlAyT0VjMEYyaDdVeFVfeERZY0dPSGpoR3RyVVpUZDJabk1aclRFcUdNMzFpWnh5SHgzRkJ6Rkh5VDBXZUVTTUVoaG41dVdfcFRIQk1QeWRaeUZFLUJFekwxMzVBSWM0cGltQy1SV1U3cWVReWJDRWhzSUp2UXlsVzJTdTBKQng5MEp5c1NnQnRaRE5QTVdJa0lJOC0yR3dOVktFakVmQ2d2QQ?oc=5\" target=\"_blank\" rel=\"nofollow noopener\">Agnieszka Kaczorowska i Marcin Rogacewicz w obj\u0119ciach. Tak si\u0119 prezentowali na premierze<\/a>&nbsp;&nbsp;Onet<\/li>\n<\/ol>\n","protected":false},"excerpt":{"rendered":"Kaczorowska nie mog\u0142a oderwa\u0107 r\u0105k od Rogacewicza. Obok pos\u0105gowa Racewicz&nbsp;&nbsp;Plejada Gwiazdy podbijaj\u0105 premier\u0119 spektaklu: Kaczorowska z Rogacewiczem, Zaj\u0105c,&hellip;\n","protected":false},"author":2,"featured_media":113433,"comment_status":"","ping_status":"","sticky":false,"template":"","format":"standard","meta":{"footnotes":""},"categories":[22],"tags":[172,122,16879,5552,3462,22307,48,46,42,38,40,39,41,123,47,804],"class_list":{"0":"post-113432","1":"post","2":"type-post","3":"status-publish","4":"format-standard","5":"has-post-thumbnail","7":"category-rozrywka","8":"tag-agnieszka_kaczorowska","9":"tag-entertainment","10":"tag-grazyna_wolszczak","11":"tag-joanna_racewicz","12":"tag-marcin_rogacewicz","13":"tag-monika_mrozowska","14":"tag-nat_styl","15":"tag-omp","16":"tag-pl","17":"tag-poland","18":"tag-polish","19":"tag-polska","20":"tag-polski","21":"tag-rozrywka","22":"tag-screening_general","23":"tag-zdjecia_gwiazd"},"share_on_mastodon":{"url":"https:\/\/pubeurope.com\/@pl\/115594112741734425","error":""},"_links":{"self":[{"href":"https:\/\/www.europesays.com\/pl\/wp-json\/wp\/v2\/posts\/113432","targetHints":{"allow":["GET"]}}],"collection":[{"href":"https:\/\/www.europesays.com\/pl\/wp-json\/wp\/v2\/posts"}],"about":[{"href":"https:\/\/www.europesays.com\/pl\/wp-json\/wp\/v2\/types\/post"}],"author":[{"embeddable":true,"href":"https:\/\/www.europesays.com\/pl\/wp-json\/wp\/v2\/users\/2"}],"replies":[{"embeddable":true,"href":"https:\/\/www.europesays.com\/pl\/wp-json\/wp\/v2\/comments?post=113432"}],"version-history":[{"count":0,"href":"https:\/\/www.europesays.com\/pl\/wp-json\/wp\/v2\/posts\/113432\/revisions"}],"wp:featuredmedia":[{"embeddable":true,"href":"https:\/\/www.europesays.com\/pl\/wp-json\/wp\/v2\/media\/113433"}],"wp:attachment":[{"href":"https:\/\/www.europesays.com\/pl\/wp-json\/wp\/v2\/media?parent=113432"}],"wp:term":[{"taxonomy":"category","embeddable":true,"href":"https:\/\/www.europesays.com\/pl\/wp-json\/wp\/v2\/categories?post=113432"},{"taxonomy":"post_tag","embeddable":true,"href":"https:\/\/www.europesays.com\/pl\/wp-json\/wp\/v2\/tags?post=113432"}],"curies":[{"name":"wp","href":"https:\/\/api.w.org\/{rel}","templated":true}]}}