{"id":113436,"date":"2025-11-22T15:44:22","date_gmt":"2025-11-22T15:44:22","guid":{"rendered":"https:\/\/www.europesays.com\/pl\/113436\/"},"modified":"2025-11-22T15:44:22","modified_gmt":"2025-11-22T15:44:22","slug":"28-punktowy-plan-pokojowy-dla-ukrainy-ue-bedzie-wymagal-dalszych-prac","status":"publish","type":"post","link":"https:\/\/www.europesays.com\/pl\/113436\/","title":{"rendered":"28-punktowy plan pokojowy dla Ukrainy. UE: b\u0119dzie wymaga\u0142 dalszych prac"},"content":{"rendered":"<p class=\"ods-c-paragraph \">&#8222;Z zadowoleniem przyjmujemy dalsze wysi\u0142ki USA na rzecz pokoju w Ukrainie. Wst\u0119pny projekt 28-punktowego planu zawiera wa\u017cne elementy, kt\u00f3re b\u0119d\u0105 niezb\u0119dne dla sprawiedliwego i trwa\u0142ego pokoju. Uwa\u017camy, \u017ce projekt ten stanowi podstaw\u0119, kt\u00f3ra b\u0119dzie wymaga\u0142a dalszych prac&#8221; \u2014 napisa\u0142a na platformie X von der Leyen.<\/p>\n<p class=\"ods-c-paragraph \">Wpis jest komentarzem do rozmowy przeprowadzonej przy okazji szczytu w RPA, w kt\u00f3rej udzia\u0142 wzi\u0119li przyw\u00f3dcy UE, Kanady, W\u0142och, Francji, Wielkiej Brytanii, Niemiec i Japonii.<\/p>\n<p class=\"ods-c-paragraph \">&#8222;Jeste\u015bmy gotowi zaanga\u017cowa\u0107 si\u0119, aby zapewni\u0107 trwa\u0142o\u015b\u0107 przysz\u0142ego pokoju. Jeste\u015bmy przekonani o zasadzie, \u017ce granic nie wolno zmienia\u0107 si\u0142\u0105. Jeste\u015bmy r\u00f3wnie\u017c zaniepokojeni proponowanymi ograniczeniami si\u0142 zbrojnych Ukrainy, kt\u00f3re narazi\u0142yby Ukrain\u0119 na przysz\u0142e ataki&#8221; \u2014 zaznaczy\u0142a szefowa KE.<\/p>\n<p class=\"ods-c-paragraph \">Doda\u0142a, \u017ce wdro\u017cenie element\u00f3w [planu] dotycz\u0105cych Unii Europejskiej i NATO wymaga\u0142oby zgody cz\u0142onk\u00f3w tych organizacji. &#8222;Korzystamy z okazji, aby podkre\u015bli\u0107 si\u0142\u0119 naszego sta\u0142ego wsparcia dla Ukrainy. W nadchodz\u0105cych dniach b\u0119dziemy kontynuowa\u0107 \u015bcis\u0142\u0105 wsp\u00f3\u0142prac\u0119 z Ukrain\u0105 i Stanami Zjednoczonymi&#8221; \u2014 podkre\u015bli\u0142a szefowa KE.<\/p>\n<p>Dalszy ci\u0105g artyku\u0142u pod materia\u0142em wideo<\/p>\n<p> Jakie s\u0105 kluczowe elementy 28-punktowego planu dla Ukrainy? <\/p>\n<p> Kto bra\u0142 udzia\u0142 w rozmowach o planie pokojowym? <\/p>\n<p> Jakie zaniepokojenie wyrazi\u0142a Ursula von der Leyen? <\/p>\n<p> Co przewiduje alternatywna propozycja dla 28-punktowego planu? <\/p>\n<p class=\"ods-c-paragraph \">W spotkaniu uczestniczy\u0142 te\u017c przewodnicz\u0105cy Rady Europejskiej Antonio Costa, kt\u00f3ry poinformowa\u0142 w pi\u0105tek o rozmowie, kt\u00f3r\u0105 razem z von der Leyen przeprowadzi\u0142 z prezydentem Ukrainy Wo\u0142odymyrem Ze\u0142enskim. W komentarzu do niej napisa\u0142 na platformie X: &#8222;Nic o Ukrainie bez Ukrainy&#8221;.<\/p>\n<p class=\"ods-c-paragraph \">&#8222;Od pierwszego dnia Europa stoi po stronie Ukrainy w obliczu rosyjskiej agresji. Wsp\u00f3lnie z naszymi przyjaci\u00f3\u0142mi i partnerami pracujemy na rzecz sprawiedliwego i trwa\u0142ego pokoju na Ukrainie. Dzisiaj om\u00f3wili\u015bmy obecn\u0105 sytuacj\u0119 i jasno stwierdzili\u015bmy, \u017ce nie ma nic o Ukrainie bez Ukrainy&#8221; \u2014 o\u015bwiadczy\u0142 szef RE.<\/p>\n<p class=\"ods-c-paragraph \">Zapowiedzia\u0142, \u017ce <a href=\"https:\/\/wiadomosci.onet.pl\/swiat\/karol-nawrocki-przekazal-dobra-wiadomosc-polska-zaproszona-na-szczyt-g20\/22q066j\" id=\"f725e363-623e-49ae-b89a-a99539120b7f\" rel=\"nofollow noopener\" target=\"_blank\">europejscy przyw\u00f3dcy spotkaj\u0105 si\u0119 w sobot\u0119 na marginesie szczytu G20<\/a>, a nast\u0119pnie w Angoli na szczycie Unia Europejska \u2014 Unia Afryka\u0144ska [24-25 listopada].<\/p>\n<p>28-punktowy plan USA i Rosji<\/p>\n<p class=\"ods-c-paragraph \">Portal <a href=\"https:\/\/wiadomosci.onet.pl\/swiat\/28-punktowy-plan-pokojowy-dla-ukrainy-jeden-z-zapisow-dotyczy-polski\/lys4hb6\" id=\"6ae6cdce-c710-4618-aa6a-987c37839ca4\" rel=\"nofollow noopener\" target=\"_blank\">Axios opublikowa\u0142 w czwartek szczeg\u00f3\u0142y dotycz\u0105ce 28-punktowego planu pokojowego dla Ukrainy, negocjowanego przez USA i Rosj\u0119<\/a>. Zgodnie z nim Kij\u00f3w ma zobowi\u0105za\u0107 si\u0119 m.in. do nieprzyst\u0119powania do NATO, ograniczenia liczebno\u015bci wojsk do 600 tys. \u017co\u0142nierzy oraz oddania Rosji cz\u0119\u015bci terytorium. W zamian strona ukrai\u0144ska mog\u0142aby liczy\u0107 za gwarancje bezpiecze\u0144stwa, kt\u00f3re \u2014 w ocenie serwisu \u2014 s\u0105 zbli\u017cone do tych obowi\u0105zuj\u0105cych w ramach NATO.<\/p>\n<p class=\"ods-c-paragraph \">W pi\u0105tek agencja Reutera poinformowa\u0142a, \u017ce Ukraina, Francja, Niemcy i Wielka Brytania pracuj\u0105 nad propozycj\u0105 alternatywn\u0105 wobec ameryka\u0144skiego 28-punktowego planu pokojowego. Jedno ze \u017ar\u00f3de\u0142 powiedzia\u0142o agencji, \u017ce w opracowaniu propozycji prawdopodobnie wezm\u0105 udzia\u0142 r\u00f3wnie\u017c inne kraje europejskie.<\/p>\n","protected":false},"excerpt":{"rendered":"&#8222;Z zadowoleniem przyjmujemy dalsze wysi\u0142ki USA na rzecz pokoju w Ukrainie. Wst\u0119pny projekt 28-punktowego planu zawiera wa\u017cne elementy,&hellip;\n","protected":false},"author":2,"featured_media":23878,"comment_status":"","ping_status":"","sticky":false,"template":"","format":"standard","meta":{"footnotes":""},"categories":[14],"tags":[32,33,27,76,34,35,28,31,48,25,46,40,41,87,47,80,29,30,415,86,71,26,82,83,84],"class_list":{"0":"post-113436","1":"post","2":"type-post","3":"status-publish","4":"format-standard","5":"has-post-thumbnail","7":"category-swiat","8":"tag-breaking-news","9":"tag-breakingnews","10":"tag-headlines","11":"tag-inwazja_rosji_na_ukraine","12":"tag-latest-news","13":"tag-latestnews","14":"tag-naglowki","15":"tag-najwazniejsze-artykuly","16":"tag-nat_styl","17":"tag-news","18":"tag-omp","19":"tag-polish","20":"tag-polski","21":"tag-rosja","22":"tag-screening_general","23":"tag-swiat","24":"tag-top-stories","25":"tag-topstories","26":"tag-ukraina","27":"tag-unia_europejska","28":"tag-usa","29":"tag-wiadomosci","30":"tag-world","31":"tag-world-news","32":"tag-worldnews"},"share_on_mastodon":{"url":"https:\/\/pubeurope.com\/@pl\/115594124570930473","error":""},"_links":{"self":[{"href":"https:\/\/www.europesays.com\/pl\/wp-json\/wp\/v2\/posts\/113436","targetHints":{"allow":["GET"]}}],"collection":[{"href":"https:\/\/www.europesays.com\/pl\/wp-json\/wp\/v2\/posts"}],"about":[{"href":"https:\/\/www.europesays.com\/pl\/wp-json\/wp\/v2\/types\/post"}],"author":[{"embeddable":true,"href":"https:\/\/www.europesays.com\/pl\/wp-json\/wp\/v2\/users\/2"}],"replies":[{"embeddable":true,"href":"https:\/\/www.europesays.com\/pl\/wp-json\/wp\/v2\/comments?post=113436"}],"version-history":[{"count":0,"href":"https:\/\/www.europesays.com\/pl\/wp-json\/wp\/v2\/posts\/113436\/revisions"}],"wp:featuredmedia":[{"embeddable":true,"href":"https:\/\/www.europesays.com\/pl\/wp-json\/wp\/v2\/media\/23878"}],"wp:attachment":[{"href":"https:\/\/www.europesays.com\/pl\/wp-json\/wp\/v2\/media?parent=113436"}],"wp:term":[{"taxonomy":"category","embeddable":true,"href":"https:\/\/www.europesays.com\/pl\/wp-json\/wp\/v2\/categories?post=113436"},{"taxonomy":"post_tag","embeddable":true,"href":"https:\/\/www.europesays.com\/pl\/wp-json\/wp\/v2\/tags?post=113436"}],"curies":[{"name":"wp","href":"https:\/\/api.w.org\/{rel}","templated":true}]}}