{"id":113437,"date":"2025-11-22T15:46:28","date_gmt":"2025-11-22T15:46:28","guid":{"rendered":"https:\/\/www.europesays.com\/pl\/113437\/"},"modified":"2025-11-22T15:46:28","modified_gmt":"2025-11-22T15:46:28","slug":"koniec-obaw-o-limity-plac-minister-zdradza-jakie-rozwiazania-sa-na-stole","status":"publish","type":"post","link":"https:\/\/www.europesays.com\/pl\/113437\/","title":{"rendered":"Koniec obaw o limity p\u0142ac? Minister zdradza, jakie rozwi\u0105zania s\u0105 na stole"},"content":{"rendered":"<p>SPIS TRE\u015aCI<\/p>\n<ol class=\"ods-a-table-of-content__items\">\n<li class=\"ods-a-table-of-content__item\"><a href=\"#toc-do-ministerstwa-wplywaja-rozne-rozwiazania\" class=\"ods-a-table-of-content__link\">Do Ministerstwa wp\u0142ywaj\u0105 r\u00f3\u017cne rozwi\u0105zania<\/a><\/li>\n<li class=\"ods-a-table-of-content__item\"><a href=\"#toc-zmiany-w-finansowaniu-i-wynagrodzeniach\" class=\"ods-a-table-of-content__link\">Zmiany w finansowaniu i wynagrodzeniach<\/a><\/li>\n<\/ol>\n<p class=\"ods-c-paragraph \">Podczas posiedzenia Naczelnej Rady Lekarskiej, minister zdrowia Jolanta Sobiera\u0144ska-Grenda potwierdzi\u0142a, \u017ce obecnie nie ma plan\u00f3w zmian w kontraktach lekarskich. Zamiast tego, resort zdrowia rozwa\u017ca korekty najwy\u017cszych wynagrodze\u0144 poprzez wycen\u0119 \u015bwiadcze\u0144. Propozycje te by\u0142y omawiane na spotkaniu prezydium Tr\u00f3jstronnego Zespo\u0142u ds. Ochrony Zdrowia pod koniec pa\u017adziernika.<\/p>\n<p>Dalszy ci\u0105g artyku\u0142u pod materia\u0142em wideo<\/p>\n<p> Jakie zmiany w wynagrodzeniach proponuje minister zdrowia? <\/p>\n<p> Czy planowane s\u0105 g\u00f3rne limity p\u0142ac w ochronie zdrowia? <\/p>\n<p> Kiedy maj\u0105 wej\u015b\u0107 w \u017cycie nowe podwy\u017cki dla pracownik\u00f3w medycznych? <\/p>\n<p> Jakie propozycje dotycz\u0105ce wynagrodze\u0144 wp\u0142ywaj\u0105 do ministerstwa? <\/p>\n<p class=\"ods-c-paragraph \">Jedn\u0105 z propozycji jest okre\u015blenie maksymalnego wynagrodzenia dla os\u00f3b udzielaj\u0105cych \u015bwiadcze\u0144 na podstawie umowy cywilno-prawnej, czyli tzw. kontraktu. Obecnie przepisy nie okre\u015blaj\u0105 takiego maksimum, ale propozycja zak\u0142ada limit oko\u0142o 40 tys. z\u0142 brutto miesi\u0119cznie w przeliczeniu na etat. W wyj\u0105tkowych sytuacjach mo\u017cliwe by\u0142oby podniesienie stawki godzinowej, jednak wynagrodzenie maksymalne nie mog\u0142oby przekroczy\u0107 48 tys. z\u0142 brutto miesi\u0119cznie.<\/p>\n<p>   Do Ministerstwa wp\u0142ywaj\u0105 r\u00f3\u017cne rozwi\u0105zania<\/p>\n<p class=\"ods-c-paragraph \">Minister zdrowia zaznaczy\u0142a, \u017ce w ramach tr\u00f3jstronnego zespo\u0142u do spraw ochrony zdrowia dyskutowane s\u0105 r\u00f3\u017cne propozycje, kt\u00f3re nie s\u0105 ostateczne. Agencja Oceny Technologii Medycznych i Taryfikacji oszacowa\u0142a g\u00f3rn\u0105 granic\u0119 wynagrodze\u0144 lekarzy, co wywo\u0142a\u0142o wiele dyskusji. Sobiera\u0144ska-Grenda podkre\u015bli\u0142a, \u017ce do ministerstwa wp\u0142ywaj\u0105 r\u00f3\u017cne rozwi\u0105zania, kt\u00f3re nie wymagaj\u0105 wprowadzenia g\u00f3rnego limitu wynagrodze\u0144, ale dotycz\u0105 np. ograniczenia procentowego bud\u017cetu przeznaczanego na wynagrodzenia.<\/p>\n<p class=\"ods-c-paragraph \">W rozmowach poruszono tak\u017ce temat zakazu pracy w sektorze prywatnym dla lekarzy pracuj\u0105cych w systemie publicznym, co jest postulatem strony zwi\u0105zkowej. Sobiera\u0144ska-Grenda zaznaczy\u0142a, \u017ce potrzebna jest analiza, czy system jest gotowy na takie rozwi\u0105zanie, bior\u0105c pod uwag\u0119 liczb\u0119 os\u00f3b w zawodach medycznych.<\/p>\n<p>   Zmiany w finansowaniu i wynagrodzeniach<\/p>\n<p class=\"ods-c-paragraph \">Minister zdrowia zaproponowa\u0142a zmian\u0119 wska\u017anika waloryzacji w ustawie o minimalnym wynagrodzeniu dla pracownik\u00f3w medycznych oraz przesuni\u0119cie terminu wdro\u017cenia kolejnych podwy\u017cek o p\u00f3\u0142 roku, aby wchodzi\u0142y w \u017cycie w styczniu, a nie jak obecnie \u2014 w lipcu. Prezes NRL \u0141ukasz Jankowski podsumowa\u0142 rozmowy jako trudne, ale zako\u0144czone optymistycznym przes\u0142aniem, podkre\u015blaj\u0105c, \u017ce system ochrony zdrowia wymaga zmian, a nie lekarze s\u0105 problemem.<\/p>\n<p>   <a href=\"https:\/\/eventory.cc\/event\/i-kongres-medonetpro#dlapi_npa=0&amp;dlapi_aid=f49e856d87f3b4b0bde1ff771909bff6&amp;dlapi_lu=202410231157264939106249\" title=\"MedonetPRO OnetPremium\" data-astro-prefetch=\"tap\" rel=\"nofollow noopener\" target=\"_blank\"> <img decoding=\"async\" src=\"https:\/\/www.europesays.com\/pl\/wp-content\/uploads\/2025\/10\/1760947870_673_9xOk9lBaHR0cHM6Ly9vY2RuLmV1L3B1bHNjbXMvTURBXy9hMGY5NWNmMDcwYzA5MjFiZDc2NTFlYzU4MDEzNGIzNy5wbmeSlQMAA.jpeg\" height=\"200\" width=\"840\" alt=\"MedonetPRO OnetPremium\" loading=\"lazy\" class=\"ods-c-image__img ods-c-image__img--viewport-width\"\/> <\/a><\/p>\n<p>MedonetPRO OnetPremiumMedonet<\/p>\n<p class=\"ods-c-paragraph \">Sobiera\u0144ska-Grenda zaznaczy\u0142a, \u017ce przywr\u00f3cenie finansowania z bud\u017cetu pa\u0144stwa niekt\u00f3rych zada\u0144, takich jak ratownictwo medyczne i darmowe leki, b\u0119dzie wymaga\u0142o rozm\u00f3w z Ministerstwem Finans\u00f3w. W\u015br\u00f3d temat\u00f3w znalaz\u0142a si\u0119 tak\u017ce kwestia wprowadzenia tzw. no fault dotycz\u0105ca przepis\u00f3w karnych dla medyk\u00f3w w sytuacji uszkodzenia zdrowia pacjenta. Prezes NRL \u0141ukasz Jankowski zwr\u00f3ci\u0142 si\u0119 o spotkanie do prezydenta Karola Nawrockiego i premiera Donalda Tuska w obliczu zagro\u017ce\u0144 dla funkcjonowania systemu ochrony zdrowia w Polsce.<\/p>\n<p> Tre\u015bci z serwisu Medonet maj\u0105 na celu polepszenie, a nie zast\u0105pienie, kontaktu pomi\u0119dzy U\u017cytkownikiem a jego lekarzem. Serwis ma charakter wy\u0142\u0105cznie informacyjno-edukacyjny. Przed zastosowaniem si\u0119 do porad z zakresu wiedzy specjalistycznej, w szczeg\u00f3lno\u015bci medycznych, zawartych w Serwisie nale\u017cy bezwzgl\u0119dnie skonsultowa\u0107 si\u0119 z lekarzem. <\/p>\n","protected":false},"excerpt":{"rendered":"SPIS TRE\u015aCI Do Ministerstwa wp\u0142ywaj\u0105 r\u00f3\u017cne rozwi\u0105zania Zmiany w finansowaniu i wynagrodzeniach Podczas posiedzenia Naczelnej Rady Lekarskiej, minister&hellip;\n","protected":false},"author":2,"featured_media":113438,"comment_status":"","ping_status":"","sticky":false,"template":"","format":"standard","meta":{"footnotes":""},"categories":[5],"tags":[32,33,36,37,27,15492,34,35,20254,534,28,31,48,25,46,8585,42,38,40,39,41,47,29,30,26],"class_list":{"0":"post-113437","1":"post","2":"type-post","3":"status-publish","4":"format-standard","5":"has-post-thumbnail","7":"category-naglowki","8":"tag-breaking-news","9":"tag-breakingnews","10":"tag-featured-news","11":"tag-featurednews","12":"tag-headlines","13":"tag-jolanta_sobieranska_grenda","14":"tag-latest-news","15":"tag-latestnews","16":"tag-lukasz_jankowski","17":"tag-ministerstwo_zdrowia","18":"tag-naglowki","19":"tag-najwazniejsze-artykuly","20":"tag-nat_styl","21":"tag-news","22":"tag-omp","23":"tag-opieka_zdrowotna","24":"tag-pl","25":"tag-poland","26":"tag-polish","27":"tag-polska","28":"tag-polski","29":"tag-screening_general","30":"tag-top-stories","31":"tag-topstories","32":"tag-wiadomosci"},"share_on_mastodon":{"url":"https:\/\/pubeurope.com\/@pl\/115594132985894340","error":""},"_links":{"self":[{"href":"https:\/\/www.europesays.com\/pl\/wp-json\/wp\/v2\/posts\/113437","targetHints":{"allow":["GET"]}}],"collection":[{"href":"https:\/\/www.europesays.com\/pl\/wp-json\/wp\/v2\/posts"}],"about":[{"href":"https:\/\/www.europesays.com\/pl\/wp-json\/wp\/v2\/types\/post"}],"author":[{"embeddable":true,"href":"https:\/\/www.europesays.com\/pl\/wp-json\/wp\/v2\/users\/2"}],"replies":[{"embeddable":true,"href":"https:\/\/www.europesays.com\/pl\/wp-json\/wp\/v2\/comments?post=113437"}],"version-history":[{"count":0,"href":"https:\/\/www.europesays.com\/pl\/wp-json\/wp\/v2\/posts\/113437\/revisions"}],"wp:featuredmedia":[{"embeddable":true,"href":"https:\/\/www.europesays.com\/pl\/wp-json\/wp\/v2\/media\/113438"}],"wp:attachment":[{"href":"https:\/\/www.europesays.com\/pl\/wp-json\/wp\/v2\/media?parent=113437"}],"wp:term":[{"taxonomy":"category","embeddable":true,"href":"https:\/\/www.europesays.com\/pl\/wp-json\/wp\/v2\/categories?post=113437"},{"taxonomy":"post_tag","embeddable":true,"href":"https:\/\/www.europesays.com\/pl\/wp-json\/wp\/v2\/tags?post=113437"}],"curies":[{"name":"wp","href":"https:\/\/api.w.org\/{rel}","templated":true}]}}