{"id":113460,"date":"2025-11-22T16:06:11","date_gmt":"2025-11-22T16:06:11","guid":{"rendered":"https:\/\/www.europesays.com\/pl\/113460\/"},"modified":"2025-11-22T16:06:11","modified_gmt":"2025-11-22T16:06:11","slug":"radiowoz-przy-moscie-na-trasie-kolejowej-pod-poznaniem-na-dworcu-wojsko-z-dluga-bronia-ciekawa-sprawa","status":"publish","type":"post","link":"https:\/\/www.europesays.com\/pl\/113460\/","title":{"rendered":"Radiow\u00f3z przy mo\u015bcie na trasie kolejowej pod Poznaniem, na dworcu wojsko z d\u0142ug\u0105 broni\u0105. &#8222;Ciekawa sprawa&#8221;"},"content":{"rendered":"<p>    Okazuje si\u0119, \u017ce nic powa\u017cnego si\u0119 nie dzieje.<\/p>\n<p>O sytuacji informuje nas Czytelnik. &#8222;Poci\u0105gi Kolei Wielkopolskich bardzo zwalniaj\u0105 na mo\u015bcie nad Wirynk\u0105 w Wirach. Na dole stoi radiow\u00f3z policji. Czy kto\u015b manipulowa\u0142 przy komorach minowych pod nasypem? A na stacji Pozna\u0144-G\u0142\u00f3wny patrole wojska z d\u0142ug\u0105 broni\u0105. Ciekawa sprawa, mo\u017ce co\u015b wi\u0119cej si\u0119 dowiecie&#8221; &#8211; pisze.  <\/p>\n<p>Jak m\u00f3wi nam podkom. \u0141ukasz Paterski, oficer prasowy policji w Poznaniu, nie dzieje si\u0119 nic niepokoj\u0105cego. Dzia\u0142ania policjant\u00f3w prowadzone s\u0105 w ramach operacji &#8222;Horyzont&#8221;. Taki widok nie powinien nikogo dziwi\u0107. Jak przekaza\u0142 nam rzecznik, policjanci b\u0119d\u0105 pojawia\u0107 si\u0119 w rejonach newralgicznych miejsc czy w okolicach nasyp\u00f3w kolejowych i most\u00f3w. &#8222;Wszystko dla naszego bezpiecze\u0144stwa&#8221; &#8211; podkre\u015bla. <\/p>\n<p>W ramach operacji &#8222;Horyzont&#8221; Polska Policja, wspierana przez Wojsko Polskie, prowadzi wzmo\u017cone patrole na najwa\u017cniejszych liniach kolejowych oraz w rejonach infrastruktury krytycznej. Dzia\u0142ania te s\u0105 odpowiedzi\u0105 na nasilaj\u0105ce si\u0119 pr\u00f3by destabilizacji i ataki hybrydowe wymierzone w bezpiecze\u0144stwo kraju. <\/p>\n<p>&#8222;Policjanci s\u0105 dzi\u015b na pierwszej linii, prowadz\u0105c kontrole, reaguj\u0105c na zg\u0142oszenia i monitoruj\u0105c miejsca szczeg\u00f3lnie nara\u017cone na sabota\u017c. \u017bo\u0142nierze, w tym Wojska Obrony Terytorialnej, wspieraj\u0105 te dzia\u0142ania z powietrza i z ziemi: patroluj\u0105, prowadz\u0105 obserwacj\u0119, wykorzystuj\u0105 drony i nowoczesne systemy rozpoznawcze&#8221; &#8211; informuje Ministerstwo Spraw Wewn\u0119trznych i Administracji. <\/p>\n<p>&#8222;B\u0105d\u017acie czujni. Ka\u017cdy sygna\u0142 o podejrzanej aktywno\u015bci w rejonie tor\u00f3w, infrastruktury czy w sieci mo\u017ce by\u0107 kluczowy. Zg\u0142aszajcie wszystko, co budzi w\u0105tpliwo\u015bci, odpowiednim s\u0142u\u017cbom&#8221; &#8211; apeluje. <\/p>\n<p style=\"margin-bottom: 6px;\">Autor: <a href=\"https:\/\/epoznan.pl\/newsListAuthor-j\" rel=\"nofollow noopener\" target=\"_blank\">j<\/a><\/p>\n<p>Dodano: 22 listopada 2025 r. godz. 13:32<\/p>\n","protected":false},"excerpt":{"rendered":"Okazuje si\u0119, \u017ce nic powa\u017cnego si\u0119 nie dzieje. O sytuacji informuje nas Czytelnik. &#8222;Poci\u0105gi Kolei Wielkopolskich bardzo zwalniaj\u0105&hellip;\n","protected":false},"author":2,"featured_media":113461,"comment_status":"","ping_status":"","sticky":false,"template":"","format":"standard","meta":{"footnotes":""},"categories":[12],"tags":[32,33,36,37,27,34,35,28,31,25,42,38,414,40,39,41,29,30,26,161],"class_list":{"0":"post-113460","1":"post","2":"type-post","3":"status-publish","4":"format-standard","5":"has-post-thumbnail","7":"category-polska","8":"tag-breaking-news","9":"tag-breakingnews","10":"tag-featured-news","11":"tag-featurednews","12":"tag-headlines","13":"tag-latest-news","14":"tag-latestnews","15":"tag-naglowki","16":"tag-najwazniejsze-artykuly","17":"tag-news","18":"tag-pl","19":"tag-poland","20":"tag-policja","21":"tag-polish","22":"tag-polska","23":"tag-polski","24":"tag-top-stories","25":"tag-topstories","26":"tag-wiadomosci","27":"tag-wojsko"},"share_on_mastodon":{"url":"https:\/\/pubeurope.com\/@pl\/115594211129417917","error":""},"_links":{"self":[{"href":"https:\/\/www.europesays.com\/pl\/wp-json\/wp\/v2\/posts\/113460","targetHints":{"allow":["GET"]}}],"collection":[{"href":"https:\/\/www.europesays.com\/pl\/wp-json\/wp\/v2\/posts"}],"about":[{"href":"https:\/\/www.europesays.com\/pl\/wp-json\/wp\/v2\/types\/post"}],"author":[{"embeddable":true,"href":"https:\/\/www.europesays.com\/pl\/wp-json\/wp\/v2\/users\/2"}],"replies":[{"embeddable":true,"href":"https:\/\/www.europesays.com\/pl\/wp-json\/wp\/v2\/comments?post=113460"}],"version-history":[{"count":0,"href":"https:\/\/www.europesays.com\/pl\/wp-json\/wp\/v2\/posts\/113460\/revisions"}],"wp:featuredmedia":[{"embeddable":true,"href":"https:\/\/www.europesays.com\/pl\/wp-json\/wp\/v2\/media\/113461"}],"wp:attachment":[{"href":"https:\/\/www.europesays.com\/pl\/wp-json\/wp\/v2\/media?parent=113460"}],"wp:term":[{"taxonomy":"category","embeddable":true,"href":"https:\/\/www.europesays.com\/pl\/wp-json\/wp\/v2\/categories?post=113460"},{"taxonomy":"post_tag","embeddable":true,"href":"https:\/\/www.europesays.com\/pl\/wp-json\/wp\/v2\/tags?post=113460"}],"curies":[{"name":"wp","href":"https:\/\/api.w.org\/{rel}","templated":true}]}}