{"id":113466,"date":"2025-11-22T16:13:10","date_gmt":"2025-11-22T16:13:10","guid":{"rendered":"https:\/\/www.europesays.com\/pl\/113466\/"},"modified":"2025-11-22T16:13:10","modified_gmt":"2025-11-22T16:13:10","slug":"szykuje-sie-wielki-przelom-w-pogodzie-nadciaga-fala-wyjatkowego-ciepla-onet","status":"publish","type":"post","link":"https:\/\/www.europesays.com\/pl\/113466\/","title":{"rendered":"Szykuje si\u0119 wielki prze\u0142om w pogodzie. Nadci\u0105ga fala wyj\u0105tkowego ciep\u0142a &#8211; Onet"},"content":{"rendered":"<ol>\n<li><a href=\"https:\/\/news.google.com\/rss\/articles\/CBMi1gFBVV95cUxNQ0Q3djhTYnVLMXRFUWdlVjJtSGVhaUVWNDJlb21aRy1rQVN6c2dXalU1aWZIZWQzd3g1YnhzR3FaTWpyZ0FKRGlZelNncXc0Rmw3NnpBOXRVTFJQY1ZWNmVpT1BsYkRhbE9BTkY0aExXSm12RmV6Unp3TWVjeXpaTnlfdmR0UnVJSm9mbWRVRnNpcHZ3NWxKRlYtV0k4VjZuSHNiaExGVmNPUE9Ucm50dXItc0pQUEdOOTd0NE8wemNMMnNsSEVqTVdrVUljcVktNDM5OG5R?oc=5\" target=\"_blank\" rel=\"nofollow noopener\">Szykuje si\u0119 wielki prze\u0142om w pogodzie. Nadci\u0105ga fala wyj\u0105tkowego ciep\u0142a<\/a>&nbsp;&nbsp;Onet<\/li>\n<li><a href=\"https:\/\/news.google.com\/rss\/articles\/CBMirwFBVV95cUxOUUQ0ZEw1YzJMT0xFaWxpVThRRGFMZFp6dEk2QXU0RFo0bUJ4VU8wUmRGX1Vyc2JaUjlyQ0F2ZVAteVdBY0VNYTJJb1FKa2N1enpmMEF2dlJudE4tckh6THVJMkp2UEVyZHdkS0hUaVB6d3dMVEdRbVgwZUQ5eWFDVUs3WjhhLXJlZEJoUTB1amNDTE1Iemc3aF96dExUbHh4aU1zUHZQR0NITHltZEpN?oc=5\" target=\"_blank\" rel=\"nofollow noopener\">Po mrozach przyjdzie ocieplenie. Nawet 15 stopni na pocz\u0105tku grudnia<\/a>&nbsp;&nbsp;WP Wiadomo\u015bci<\/li>\n<li><a href=\"https:\/\/news.google.com\/rss\/articles\/CBMiowFBVV95cUxPQ052VkpLT1RiYlZvSF9CYTJndERHS1VIMGxEQjE2OS1MQWs3VUw2SXg3UG82UHNVNFgxR2M2YmRPTGs1UE9DR0pKNDV5STB5UmFuSHZlNW9rbC1LUk1xWFp2WlhtbmM5Q29KNWpzTGFYeUlCR1NTZmxkQTNpRlZZbTBsSTd6SXlJTUxZV3g0cGlZeE5xTTh6b014Wlp1cEtKampN?oc=5\" target=\"_blank\" rel=\"nofollow noopener\">Polska ca\u0142a na czarno. To zdarza si\u0119 wyj\u0105tkowo rzadko<\/a>&nbsp;&nbsp;TwojaPogoda.pl<\/li>\n<li><a href=\"https:\/\/news.google.com\/rss\/articles\/CBMiqAFBVV95cUxOM0lTdEFCb3d5S3lsRjlXT3o4VUZ0dzI2M2VxUURTLWRSaTNSd1VSeVVfS2RuYTJJSWlzRDRhLXAxNGNoZjFLVUF1RWhYcVBVQy1LLTE4NklxdWRrVTVmUmRqRHpOTjg0aWFaVS15TnhFU1Y3UzJSTE5tZy1JY3c1bFdmU1VMdXBYc2ZSbUNxRGhyZ3dmdjFJRm5oNk1RR0VvMms3OFlzN0s?oc=5\" target=\"_blank\" rel=\"nofollow noopener\">Na termometrach nawet 15 st. C. Po mrozach i \u015bnie\u017cycach zmiana pogody<\/a>&nbsp;&nbsp;RMF24<\/li>\n<li><a href=\"https:\/\/news.google.com\/rss\/articles\/CBMimgFBVV95cUxOYUpndjMtajE4OEwtM2xGWE1QSkl5UjVydEExV29fR2plQWV5OHJGR3RwRXhmeXk0U0ViVERwT0d2dXpCTkdRNUZXcUM5azJqMEJObHN6N3BjeVpPalZ0RGkwRjlfM2I0QkNENFR4dk1Jb0hlMzM5Rm1pNlY1WDJoSmNkQkdIblBnaXM5UFIwcVBQLWgzUUdhNWN3?oc=5\" target=\"_blank\" rel=\"nofollow noopener\">Listopadowe ocieplenie z silnym wiatrem. To nie koniec niespodzianek w pogodzie<\/a>&nbsp;&nbsp;Fakt<\/li>\n<\/ol>\n","protected":false},"excerpt":{"rendered":"Szykuje si\u0119 wielki prze\u0142om w pogodzie. Nadci\u0105ga fala wyj\u0105tkowego ciep\u0142a&nbsp;&nbsp;Onet Po mrozach przyjdzie ocieplenie. Nawet 15 stopni na&hellip;\n","protected":false},"author":2,"featured_media":113467,"comment_status":"","ping_status":"","sticky":false,"template":"","format":"standard","meta":{"footnotes":""},"categories":[12],"tags":[32,33,169,36,37,27,34,35,28,31,53,25,5538,52,68,51,55,42,78,38,40,39,41,47,29,30,65,50,26,7441],"class_list":{"0":"post-113466","1":"post","2":"type-post","3":"status-publish","4":"format-standard","5":"has-post-thumbnail","7":"category-polska","8":"tag-breaking-news","9":"tag-breakingnews","10":"tag-deszcz","11":"tag-featured-news","12":"tag-featurednews","13":"tag-headlines","14":"tag-latest-news","15":"tag-latestnews","16":"tag-naglowki","17":"tag-najwazniejsze-artykuly","18":"tag-new_header","19":"tag-news","20":"tag-ocieplenie","21":"tag-onet3","22":"tag-onet3d","23":"tag-onet3d_2i","24":"tag-phx","25":"tag-pl","26":"tag-pogoda","27":"tag-poland","28":"tag-polish","29":"tag-polska","30":"tag-polski","31":"tag-screening_general","32":"tag-top-stories","33":"tag-topstories","34":"tag-update_me","35":"tag-v2021","36":"tag-wiadomosci","37":"tag-zima"},"share_on_mastodon":{"url":"https:\/\/pubeurope.com\/@pl\/115594238702388113","error":""},"_links":{"self":[{"href":"https:\/\/www.europesays.com\/pl\/wp-json\/wp\/v2\/posts\/113466","targetHints":{"allow":["GET"]}}],"collection":[{"href":"https:\/\/www.europesays.com\/pl\/wp-json\/wp\/v2\/posts"}],"about":[{"href":"https:\/\/www.europesays.com\/pl\/wp-json\/wp\/v2\/types\/post"}],"author":[{"embeddable":true,"href":"https:\/\/www.europesays.com\/pl\/wp-json\/wp\/v2\/users\/2"}],"replies":[{"embeddable":true,"href":"https:\/\/www.europesays.com\/pl\/wp-json\/wp\/v2\/comments?post=113466"}],"version-history":[{"count":0,"href":"https:\/\/www.europesays.com\/pl\/wp-json\/wp\/v2\/posts\/113466\/revisions"}],"wp:featuredmedia":[{"embeddable":true,"href":"https:\/\/www.europesays.com\/pl\/wp-json\/wp\/v2\/media\/113467"}],"wp:attachment":[{"href":"https:\/\/www.europesays.com\/pl\/wp-json\/wp\/v2\/media?parent=113466"}],"wp:term":[{"taxonomy":"category","embeddable":true,"href":"https:\/\/www.europesays.com\/pl\/wp-json\/wp\/v2\/categories?post=113466"},{"taxonomy":"post_tag","embeddable":true,"href":"https:\/\/www.europesays.com\/pl\/wp-json\/wp\/v2\/tags?post=113466"}],"curies":[{"name":"wp","href":"https:\/\/api.w.org\/{rel}","templated":true}]}}