{"id":113471,"date":"2025-11-22T16:20:15","date_gmt":"2025-11-22T16:20:15","guid":{"rendered":"https:\/\/www.europesays.com\/pl\/113471\/"},"modified":"2025-11-22T16:20:15","modified_gmt":"2025-11-22T16:20:15","slug":"nawrocki-odpowiada-tuskowi-podal-piec-prawd-polakow","status":"publish","type":"post","link":"https:\/\/www.europesays.com\/pl\/113471\/","title":{"rendered":"Nawrocki odpowiada Tuskowi. Poda\u0142 &#8222;pi\u0119\u0107 prawd Polak\u00f3w&#8221;"},"content":{"rendered":"<p>Po zapowiedzi Donalda Tuska, \u017ce Polacy powinni kierowa\u0107 si\u0119 &#8222;pi\u0119cioma zasadami&#8221; wobec rosyjskiej dezinformacji, prezydent Karol Nawrocki opublikowa\u0142 wpis. Wyliczy\u0142 &#8222;Pi\u0119\u0107 Prawd Polak\u00f3w spod znaku Rod\u0142a&#8221; z 1938 roku.<\/p>\n<p><img decoding=\"async\" width=\"936\" height=\"527\" alt=\"Nawrocki reaguje na s\u0142owa Tuska\" src=\"https:\/\/www.europesays.com\/pl\/wp-content\/uploads\/2025\/11\/MWY1MjkyYjY4UztZRAJvI3sLbwMCW2F1LBN3SERAfmEhBH9dRB8kOzxDKBoEVyolLEEsHRtXPTt2UD0DRA98eD1YPhoHGDR4PFwv.jpeg\" class=\"wp-media-image\" fetchpriority=\"high\"\/>Nawrocki reaguje na s\u0142owa Tuska<\/p>\n<p>\u0179r\u00f3d\u0142o zdj\u0119\u0107: \u00a9 East News, PAP | Leszek Szyma\u0144ski, Pawel Wodzynski<\/p>\n<p><img loading=\"lazy\" decoding=\"async\" src=\"https:\/\/www.europesays.com\/pl\/wp-content\/uploads\/2025\/10\/MDc0MWQwYiUCUjtkfgxvMEEKbz44VWFmFhJ3dX5DfTxXAGIxOBsoNgZAInk2BTg0Akc9eSEbYiUTWWIhYFgpLRBAITYoWCgpAVUp.jpeg\"  alt=\"Adam Zygiel\" height=\"40\" width=\"40\" class=\"rounded-full select-none text-[--color-neutral-650] bg-[--bg-content]\"\/>ZAPISZ ZAPISANO    UDOST\u0118PNIJ Udost\u0119pnij na X  Udost\u0119pnij na Facebooku880<\/p>\n","protected":false},"excerpt":{"rendered":"Po zapowiedzi Donalda Tuska, \u017ce Polacy powinni kierowa\u0107 si\u0119 &#8222;pi\u0119cioma zasadami&#8221; wobec rosyjskiej dezinformacji, prezydent Karol Nawrocki opublikowa\u0142&hellip;\n","protected":false},"author":2,"featured_media":113472,"comment_status":"","ping_status":"","sticky":false,"template":"","format":"standard","meta":{"footnotes":""},"categories":[12],"tags":[32,33,36,37,27,34,35,28,31,25,42,38,40,39,41,29,30,26],"class_list":{"0":"post-113471","1":"post","2":"type-post","3":"status-publish","4":"format-standard","5":"has-post-thumbnail","7":"category-polska","8":"tag-breaking-news","9":"tag-breakingnews","10":"tag-featured-news","11":"tag-featurednews","12":"tag-headlines","13":"tag-latest-news","14":"tag-latestnews","15":"tag-naglowki","16":"tag-najwazniejsze-artykuly","17":"tag-news","18":"tag-pl","19":"tag-poland","20":"tag-polish","21":"tag-polska","22":"tag-polski","23":"tag-top-stories","24":"tag-topstories","25":"tag-wiadomosci"},"share_on_mastodon":{"url":"https:\/\/pubeurope.com\/@pl\/115594266524819091","error":""},"_links":{"self":[{"href":"https:\/\/www.europesays.com\/pl\/wp-json\/wp\/v2\/posts\/113471","targetHints":{"allow":["GET"]}}],"collection":[{"href":"https:\/\/www.europesays.com\/pl\/wp-json\/wp\/v2\/posts"}],"about":[{"href":"https:\/\/www.europesays.com\/pl\/wp-json\/wp\/v2\/types\/post"}],"author":[{"embeddable":true,"href":"https:\/\/www.europesays.com\/pl\/wp-json\/wp\/v2\/users\/2"}],"replies":[{"embeddable":true,"href":"https:\/\/www.europesays.com\/pl\/wp-json\/wp\/v2\/comments?post=113471"}],"version-history":[{"count":0,"href":"https:\/\/www.europesays.com\/pl\/wp-json\/wp\/v2\/posts\/113471\/revisions"}],"wp:featuredmedia":[{"embeddable":true,"href":"https:\/\/www.europesays.com\/pl\/wp-json\/wp\/v2\/media\/113472"}],"wp:attachment":[{"href":"https:\/\/www.europesays.com\/pl\/wp-json\/wp\/v2\/media?parent=113471"}],"wp:term":[{"taxonomy":"category","embeddable":true,"href":"https:\/\/www.europesays.com\/pl\/wp-json\/wp\/v2\/categories?post=113471"},{"taxonomy":"post_tag","embeddable":true,"href":"https:\/\/www.europesays.com\/pl\/wp-json\/wp\/v2\/tags?post=113471"}],"curies":[{"name":"wp","href":"https:\/\/api.w.org\/{rel}","templated":true}]}}