{"id":113473,"date":"2025-11-22T16:21:09","date_gmt":"2025-11-22T16:21:09","guid":{"rendered":"https:\/\/www.europesays.com\/pl\/113473\/"},"modified":"2025-11-22T16:21:09","modified_gmt":"2025-11-22T16:21:09","slug":"beda-rozmowy-o-planie-dla-ukrainy-w-genewie-pojawia-sie-tez-wyslannicy-trumpa","status":"publish","type":"post","link":"https:\/\/www.europesays.com\/pl\/113473\/","title":{"rendered":"B\u0119d\u0105 rozmowy o planie dla Ukrainy. W Genewie pojawi\u0105 si\u0119 te\u017c wys\u0142annicy Trumpa"},"content":{"rendered":"<ul class=\"UnorderedList_container__nmfSl\">\n<li class=\"UnorderedList_listElement__Py7xi\" data-id=\"ai-summary-link\">Du\u017co czytania, a ma\u0142o czasu? Sprawd\u017a\u00a0skr\u00f3t\u00a0artyku\u0142u<\/li>\n<\/ul>\n<p class=\"Paragraph_desktopParagraph__U31Gm\">Reuters powiadomi\u0142, \u017ce<a href=\"https:\/\/wiadomosci.onet.pl\/kraj\/bedzie-specjalne-spotkanie-europejskich-liderow-w-sprawie-ukrainy\/b63xf49\" id=\"ff482c2e-2c72-45e4-be6e-599b718ec50f\" rel=\"nofollow noopener\" target=\"_blank\"> w niedziel\u0119 w Genewie w Szwajcarii odb\u0119dzie si\u0119 spotkanie<\/a> doradc\u00f3w bezpiecze\u0144stwa narodowego nieformalnej grupy E3 Wielkiej Brytanii, Francji i Niemiec z przedstawicielami Ukrainy, Unii Europejskiej i Stan\u00f3w Zjednoczonych.<\/p>\n<p class=\"Paragraph_desktopParagraph__U31Gm\">USA b\u0119d\u0105 reprezentowane m.in. przez specjalnego wys\u0142annika Steve&#8217;a Witkoffa i sekretarza stanu Marka Rubio. Wed\u0142ug informacji agencji sekretarz do spraw si\u0142 l\u0105dowych Stan\u00f3w Zjednoczonych Daniel Driscoll wyl\u0105dowa\u0142 ju\u017c w Genewie, a ukrai\u0144ska delegacja, na kt\u00f3rej czele stoi szef kancelarii prezydenckiej Andrij Jermak, ma tam przyby\u0107 jeszcze w sobot\u0119 wieczorem.<\/p>\n<p class=\"Paragraph_desktopParagraph__U31Gm\">Wed\u0142ug Reutersa Rosja ma nie bra\u0107 udzia\u0142u w rozmowach w Genewie, ale USA chc\u0105 nied\u0142ugo zorganizowa\u0107 bilateralne spotkanie z rosyjsk\u0105 delegacj\u0105.<\/p>\n<p class=\"VideoPlayerText_videoPlayerText__iDwyz\">Dalszy ci\u0105g materia\u0142u pod wideo<\/p>\n<p class=\"Paragraph_desktopParagraph__U31Gm\">Ponadto agencja, powo\u0142uj\u0105c si\u0119 na niemieckie \u017ar\u00f3d\u0142o chc\u0105ce zachowa\u0107 anonimowo\u015b\u0107, przekaza\u0142a, \u017ce Europejczycy wys\u0142ali ju\u017c ukrai\u0144skiej i ameryka\u0144skiej administracji draft nowego planu pokojowego, kt\u00f3ry opiera si\u0119 na propozycji USA.<\/p>\n<ul class=\"OchatFollowUps_wrapper__1ry7X\">\n<li class=\"OchatFollowUps_item__Dhyly OchatFollowUps_itemDesktop__R6aBv\">Kto przyleci do Genewy na rozmowy pokojowe?<\/li>\n<li class=\"OchatFollowUps_item__Dhyly OchatFollowUps_itemDesktop__R6aBv\">Kiedy odb\u0119d\u0105 si\u0119 rozmowy w Genewie?<\/li>\n<li class=\"OchatFollowUps_item__Dhyly OchatFollowUps_itemDesktop__R6aBv\">Jakie s\u0105 kluczowe punkty planu pokojowego dla Ukrainy?<\/li>\n<li class=\"OchatFollowUps_item__Dhyly OchatFollowUps_itemDesktop__R6aBv\">Kto stoi na czele ukrai\u0144skiej delegacji?<\/li>\n<\/ul>\n<p>Europejczycy wydali o\u015bwiadczenie. Chodzi o plan pokojowy dla Ukrainy <\/p>\n<p class=\"Paragraph_desktopParagraph__U31Gm\">Tymczasem na szczycie G20 odbywaj\u0105cym si\u0119 w Johannesburgu w Republice Po\u0142udniowej Afryki, <a href=\"https:\/\/wiadomosci.onet.pl\/swiat\/28-punktowy-plan-pokojowy-dla-ukrainy-ue-bedzie-wymagal-dalszych-prac\/k9kzw0x\" id=\"fbe1dd52-601c-427c-ac90-9deead2c8fe1\" rel=\"nofollow noopener\" target=\"_blank\">przyw\u00f3dcy europejscy wypracowali wsp\u00f3lne o\u015bwiadczenie, kt\u00f3re jest odpowiedzi\u0105 na 28-punktowy plan przedstawiony przez USA<\/a>. W dokumencie podkre\u015blili, \u017ce jest on baz\u0105, wymagaj\u0105c\u0105 dalszej pracy. Ponadto w poniedzia\u0142ek odb\u0119dzie si\u0119 spotkanie lider\u00f3w wszystkich pa\u0144stw UE na temat planu.<\/p>\n<p class=\"Paragraph_desktopParagraph__U31Gm\">W sobot\u0119 na stronie prezydenta Wo\u0142odymyra Ze\u0142enskiego opublikowano <a href=\"https:\/\/wiadomosci.onet.pl\/swiat\/rustem-umierow-zapowiada-konsultacje-ukrainy-z-usa-chodzi-o-plan-pokojowy\/bw0d6fc\" id=\"8481d00c-e9ff-491c-9498-ba53472caa54\" rel=\"nofollow noopener\" target=\"_blank\">dekret ze sk\u0142adem delegacji na rozmowy o porozumieniu pokojowym<\/a>. Na jej czele stan\u0105\u0142 szef kancelarii prezydenckiej Andrij Jermak. Opr\u00f3cz Umierowa znajduj\u0105 si\u0119 w niej tak\u017ce m.in. szef wywiadu wojskowego (HUR) Kyry\u0142o Budanow, szef Sztabu Generalnego Andrij Hnatow, naczelnik S\u0142u\u017cby Wywiadu Zagranicznego O\u0142eh Iwaszczenko i wiceminister spraw zagranicznych Serhij Kys\u0142ycia.<\/p>\n<p>USA z 28-punktowym planem pokojowym dla Ukrainy <\/p>\n<p class=\"Paragraph_desktopParagraph__U31Gm\">Portal <a href=\"https:\/\/wiadomosci.onet.pl\/swiat\/28-punktowy-plan-pokojowy-dla-ukrainy-jeden-z-zapisow-dotyczy-polski\/lys4hb6\" id=\"ad7bfd99-7071-4669-8821-1d227283589b\" rel=\"nofollow noopener\" target=\"_blank\">Axios opublikowa\u0142 szczeg\u00f3\u0142y 28-punktowego planu pokojowego dla Ukrainy<\/a>, negocjowanego przez USA i Rosj\u0119. Zgodnie z nim Kij\u00f3w ma zobowi\u0105za\u0107 si\u0119 m.in. do nieprzyst\u0119powania do NATO, ograniczenia liczebno\u015bci wojsk do 600 tys. \u017co\u0142nierzy oraz oddania Rosji cz\u0119\u015bci terytorium.<\/p>\n<p class=\"Paragraph_desktopParagraph__U31Gm\"><a href=\"https:\/\/wiadomosci.onet.pl\/swiat\/ostra-reakcja-zelenskiego-na-plan-pokojowy-usa-zwrocil-sie-do-ukraincow\/0tzzrs1\" id=\"c34d7e7e-7fe7-4d09-8a52-80bd7de2e1d6\" rel=\"nofollow noopener\" target=\"_blank\">Ze\u0142enski o\u015bwiadczy\u0142, \u017ce nie zdradzi Ukrainy, tak jak nie zdradzi\u0142 jej w lutym 2022 r.<\/a> \u2014 Teraz jest jeden z najtrudniejszych moment\u00f3w naszej historii. Teraz Ukraina mo\u017ce stan\u0105\u0107 przed bardzo trudnym wyborem: albo utrata godno\u015bci, albo ryzyko utraty kluczowego partnera. Albo trudne 28 punkt\u00f3w, albo niezwykle ci\u0119\u017cka zima \u2014 najci\u0119\u017csza \u2014 oraz dalsze ryzyka. \u017bycie bez wolno\u015bci, godno\u015bci i sprawiedliwo\u015bci. I \u017ceby\u015bmy wierzyli temu, kto zaatakowa\u0142 ju\u017c dwa razy. B\u0119d\u0105 od nas oczekiwa\u0107 odpowiedzi \u2014 oznajmi\u0142 w pi\u0105tek w przem\u00f3wieniu szef pa\u0144stwa ukrai\u0144skiego.<\/p>\n","protected":false},"excerpt":{"rendered":"Du\u017co czytania, a ma\u0142o czasu? Sprawd\u017a\u00a0skr\u00f3t\u00a0artyku\u0142u Reuters powiadomi\u0142, \u017ce w niedziel\u0119 w Genewie w Szwajcarii odb\u0119dzie si\u0119 spotkanie&hellip;\n","protected":false},"author":2,"featured_media":113474,"comment_status":"","ping_status":"","sticky":false,"template":"","format":"standard","meta":{"footnotes":""},"categories":[5],"tags":[32,33,36,37,10078,27,67,34,35,12940,28,31,53,25,52,68,51,55,42,38,40,39,41,62,47,11050,29,30,390,65,50,26],"class_list":{"0":"post-113473","1":"post","2":"type-post","3":"status-publish","4":"format-standard","5":"has-post-thumbnail","7":"category-naglowki","8":"tag-breaking-news","9":"tag-breakingnews","10":"tag-featured-news","11":"tag-featurednews","12":"tag-genewa","13":"tag-headlines","14":"tag-intextvideo_splayer","15":"tag-latest-news","16":"tag-latestnews","17":"tag-marco_rubio_amerykanski_polityk","18":"tag-naglowki","19":"tag-najwazniejsze-artykuly","20":"tag-new_header","21":"tag-news","22":"tag-onet3","23":"tag-onet3d","24":"tag-onet3d_2i","25":"tag-phx","26":"tag-pl","27":"tag-poland","28":"tag-polish","29":"tag-polska","30":"tag-polski","31":"tag-rosja_kraj_rosjanin_rosjanie_rosjanka_rosjanki","32":"tag-screening_general","33":"tag-steve_witkoff","34":"tag-top-stories","35":"tag-topstories","36":"tag-ukraina_ukrainiec_ukrainka_ukraincy_ukrainki","37":"tag-update_me","38":"tag-v2021","39":"tag-wiadomosci"},"share_on_mastodon":{"url":"","error":"Validation failed: Text character limit of 500 exceeded"},"_links":{"self":[{"href":"https:\/\/www.europesays.com\/pl\/wp-json\/wp\/v2\/posts\/113473","targetHints":{"allow":["GET"]}}],"collection":[{"href":"https:\/\/www.europesays.com\/pl\/wp-json\/wp\/v2\/posts"}],"about":[{"href":"https:\/\/www.europesays.com\/pl\/wp-json\/wp\/v2\/types\/post"}],"author":[{"embeddable":true,"href":"https:\/\/www.europesays.com\/pl\/wp-json\/wp\/v2\/users\/2"}],"replies":[{"embeddable":true,"href":"https:\/\/www.europesays.com\/pl\/wp-json\/wp\/v2\/comments?post=113473"}],"version-history":[{"count":0,"href":"https:\/\/www.europesays.com\/pl\/wp-json\/wp\/v2\/posts\/113473\/revisions"}],"wp:featuredmedia":[{"embeddable":true,"href":"https:\/\/www.europesays.com\/pl\/wp-json\/wp\/v2\/media\/113474"}],"wp:attachment":[{"href":"https:\/\/www.europesays.com\/pl\/wp-json\/wp\/v2\/media?parent=113473"}],"wp:term":[{"taxonomy":"category","embeddable":true,"href":"https:\/\/www.europesays.com\/pl\/wp-json\/wp\/v2\/categories?post=113473"},{"taxonomy":"post_tag","embeddable":true,"href":"https:\/\/www.europesays.com\/pl\/wp-json\/wp\/v2\/tags?post=113473"}],"curies":[{"name":"wp","href":"https:\/\/api.w.org\/{rel}","templated":true}]}}