{"id":113475,"date":"2025-11-22T16:22:10","date_gmt":"2025-11-22T16:22:10","guid":{"rendered":"https:\/\/www.europesays.com\/pl\/113475\/"},"modified":"2025-11-22T16:22:10","modified_gmt":"2025-11-22T16:22:10","slug":"simundza-spial-sie-ze-stokowcem-trzeba-zachowac-klase","status":"publish","type":"post","link":"https:\/\/www.europesays.com\/pl\/113475\/","title":{"rendered":"\u0160imund\u017ea spi\u0105\u0142 si\u0119 ze Stokowcem. &#8222;Trzeba zachowa\u0107 klas\u0119&#8221;"},"content":{"rendered":"<p>Tu\u017c po\u00a0zako\u0144czeniu starcia Pogoni Grodzisk Mazowiecki ze\u00a0\u015al\u0105skiem Wroc\u0142aw zawrza\u0142o mi\u0119dzy trenerami obu dru\u017cyn. Podaj\u0105c r\u0119k\u0119 Ante \u0160imund\u017ey Piotr Stokowiec us\u0142ysza\u0142 od\u00a0S\u0142owe\u0144ca s\u0142owa, kt\u00f3re wywo\u0142a\u0142y jego oburzenie. Szkoleniowiec absolutnego beniaminka 1. ligi na\u00a0pomeczowej konferencji powiedzia\u0142, co\u00a0by\u0142o powodem spi\u0119cia.<\/p>\n<p>Emocjonuj\u0105ca ko\u0144c\u00f3wka w\u00a0hicie 1. ligi<\/p>\n<p>W\u00a0hicie 17. kolejki Betclic 1. ligi Pogo\u0144 Grodzisk Mazowiecki zremisowa\u0142a w\u00a0Pruszkowie, gdzie rozgrywa swoje domowe mecze, ze\u00a0\u015al\u0105skiem Wroc\u0142aw 2:2. Debiutuj\u0105ca na\u00a0tym poziomie Pogo\u0144 ju\u017c pi\u0105ty raz w\u00a0tym sezonie, a\u00a0trzeci raz w\u00a0czterech ostatnich meczach, zdoby\u0142a bramk\u0119 po\u00a0up\u0142ywie 90. minuty. Dzi\u0119ki tym trafieniom pi\u0142karze Piotra Stokowca zdobyli dziewi\u0119\u0107 punkt\u00f3w wi\u0119cej, co\u00a0prze\u0142o\u017cy\u0142o si\u0119 na\u00a0pozycj\u0119 wicelidera.<\/p>\n<p>Jednak pierwszy raz strzelony po\u00a090. minucie gol da\u0142 Pogoni \u201etylko\u201d remis. W\u00a0pi\u0105tej minucie doliczonego czasu gry Damian Jaro\u0144, legenda Czerwono-Bia\u0142ych, trafi\u0142 z\u00a0rzutu karnego na\u00a02:2. Jedenastka zosta\u0142a podyktowana za\u00a0kopni\u0119cie przez\u00a0Mariusza Malca najlepszego w\u00a0tym sezonie strzelca Pogoni, Rafa\u0142a Adamskiego. Wywalczonym w\u00a0ko\u0144c\u00f3wce punktem beniaminek zapewni\u0142 sobie drugie miejsce na\u00a0p\u00f3\u0142metku sezonu 1. ligi. Z\u00a0kolei \u015al\u0105sk wypuszczaj\u0105c zwyci\u0119stwo z\u00a0r\u0105k straci\u0142 szans\u0119 na\u00a0zbli\u017cenie si\u0119 do\u00a0miejsca daj\u0105cego bezpo\u015bredni awans na\u00a0punkt.<\/p>\n<blockquote class=\"twitter-tweet\">\n<p dir=\"ltr\" lang=\"pl\"><a href=\"https:\/\/twitter.com\/hashtag\/SzybkieBramki?src=hash&amp;ref_src=twsrc%5Etfw\" target=\"_blank\" rel=\"noopener noreferrer nofollow\">#SzybkieBramki<\/a> \u26bd\ufe0f <a href=\"https:\/\/twitter.com\/PogonGrodzisk?ref_src=twsrc%5Etfw\" target=\"_blank\" rel=\"noopener noreferrer nofollow\">@PogonGrodzisk<\/a> 2:2 <a href=\"https:\/\/twitter.com\/SlaskWroclawPl?ref_src=twsrc%5Etfw\" target=\"_blank\" rel=\"noopener noreferrer nofollow\">@SlaskWroclawPl<\/a> \ud83e\udef5<br \/>\ud83d\udc49 Skr\u00f3ty mecz\u00f3w dost\u0119pne na\u00a0naszym kanale <a href=\"https:\/\/twitter.com\/hashtag\/Youtube?src=hash&amp;ref_src=twsrc%5Etfw\" target=\"_blank\" rel=\"noopener noreferrer nofollow\">#Youtube<\/a> \ud83d\udcfa <a href=\"https:\/\/t.co\/ZHOLgAJ4GL\" target=\"_blank\" rel=\"noopener noreferrer nofollow\">pic.twitter.com\/ZHOLgAJ4GL<\/a><\/p>\n<p>\u2014\u00a0Betclic 1 Liga (@_1liga_) <a href=\"https:\/\/twitter.com\/_1liga_\/status\/1992150764891013325?ref_src=twsrc%5Etfw\" target=\"_blank\" rel=\"noopener noreferrer nofollow\">November 22, 2025<\/a><\/p>\n<\/blockquote>\n<p>Spi\u0119cie trener\u00f3w Pogoni i\u00a0\u015al\u0105ska<\/p>\n<p>Nie\u00a0brakowa\u0142o kibic\u00f3w WKS-u, kt\u00f3rzy\u00a0krytykowali s\u0119dziego za\u00a0przyznany Pogoni rzut karny. Obrywa\u0142o si\u0119 Bartoszowi Frankowskiemu, kt\u00f3ry\u00a0po\u00a0blisko miesi\u0105cu zosta\u0142 wyj\u0119ty z\u00a0zamra\u017carki. Od\u00a0czasu pami\u0119tnej rywalizacji G\u00f3rnika Zabrze z\u00a0Jagielloni\u0105 nie\u00a0prowadzi\u0142 on\u00a0\u017cadnych spotka\u0144.<\/p>\n<p>Ciekawe o\u00a0pracy arbitra na\u00a0konferencji prasowej wypowiedzia\u0142 si\u0119 szkoleniowiec \u015al\u0105ska, Ante \u0160imund\u017ea. Wed\u0142ug s\u0142owe\u0144skiego trenera, Frankowski\u2026 ca\u0142y mecz prowokowa\u0142 \u0142awk\u0119 spadkowicza z\u00a0Ekstraklasy: \u201eArbiter prowokowa\u0142 nas ca\u0142e spotkanie. M\u00f3j\u00a0asystent otrzyma\u0142 czerwon\u0105 kartk\u0119. Wiadomo, \u017ce\u00a0nie\u00a0pochwalam jego zachowania, ale\u00a0reasumuj\u0105c wszystko rozumiem emocje i\u00a0to\u00a0dlaczego tak\u00a0si\u0119 sta\u0142o.\u201d<\/p>\n<p>\u0160imund\u017ea zosta\u0142 r\u00f3wnie\u017c zapytany przez\u00a0jednego z\u00a0dziennikarzy o\u00a0spi\u0119cie z\u00a0jego vis a\u00a0vis, Piotrem Stokowcem, kt\u00f3re mia\u0142o miejsce tu\u017c po\u00a0ko\u0144cowym gwizdku: \u201eJe\u015bli chodzi o\u00a0wydarzenia po\u00a0meczu, musi Pan zapyta\u0107 trenera dru\u017cyny przeciwnej. Nic do\u00a0niego nie\u00a0powiedzia\u0142em.\u201d<\/p>\n<blockquote class=\"twitter-tweet\">\n<p dir=\"ltr\" lang=\"pl\">Konfrontacja Piotra Stokowca i\u00a0Ante Simundzy. \u201eZaiskrzy\u0142o\u201d w\u00a0Pruszkowie. <a href=\"https:\/\/twitter.com\/hashtag\/PGM%C5%9AL%C4%84?src=hash&amp;ref_src=twsrc%5Etfw\" target=\"_blank\" rel=\"noopener noreferrer nofollow\">#PGM\u015aL\u0104<\/a> <a href=\"https:\/\/t.co\/ZaoZAAvgVM\" target=\"_blank\" rel=\"noopener noreferrer nofollow\">pic.twitter.com\/ZaoZAAvgVM<\/a><\/p>\n<p>\u2014\u00a0Bartosz Wieczorek (@Bart_Wieczorek) <a href=\"https:\/\/twitter.com\/Bart_Wieczorek\/status\/1991985216140067249?ref_src=twsrc%5Etfw\" target=\"_blank\" rel=\"noopener noreferrer nofollow\">November 21, 2025<\/a><\/p>\n<\/blockquote>\n<p>O\u00a0komentarz na\u00a0konferencji poproszony zosta\u0142 tak\u017ce drugi z\u00a0zamieszanych w\u00a0t\u0119\u00a0sytuacj\u0119, Piotr Stokowiec. Trener beniaminka odpowiedzia\u0142:<\/p>\n<p>\u2013 Ja\u00a0wiem, \u017ce\u00a0nie\u00a0jest to\u00a0przyjemne dostawa\u0107 bramk\u0119 w\u00a0doliczonym czasie gry czy\u00a0w\u00a0ko\u0144c\u00f3wce meczu, ale\u00a0s\u0105dz\u0119, \u017ce\u00a0trzeba zachowa\u0107 klas\u0119 i\u00a0szacunek do\u00a0rywala, a\u00a0nie\u00a0podaj\u0105c r\u0119k\u0119 m\u00f3wi\u0107 \u201eJa bym\u00a0podzi\u0119kowa\u0142 s\u0119dziom\u201d. My\u015bl\u0119, \u017ce\u00a0to\u00a0brak szacunku dla tej\u00a0m\u0142odej dru\u017cyny, dla naszej pracy i\u00a0tego, co\u00a0dokonujemy. W\u00a0sporcie takie emocje si\u0119 zdarzaj\u0105, ale\u00a0oczekiwa\u0142bym wi\u0119kszego szacunku.<\/p>\n<p>CZYTAJ WI\u0118CEJ NA\u00a0WESZ\u0141O:<\/p>\n<p>fot.\u00a0screen Bartosz Wieczorek, TVP Sport<\/p>\n<p>                    <script async src=\"https:\/\/platform.twitter.com\/widgets.js\" charset=\"utf-8\"><\/script><\/p>\n","protected":false},"excerpt":{"rendered":"Tu\u017c po\u00a0zako\u0144czeniu starcia Pogoni Grodzisk Mazowiecki ze\u00a0\u015al\u0105skiem Wroc\u0142aw zawrza\u0142o mi\u0119dzy trenerami obu dru\u017cyn. Podaj\u0105c r\u0119k\u0119 Ante \u0160imund\u017ey Piotr&hellip;\n","protected":false},"author":2,"featured_media":113476,"comment_status":"","ping_status":"","sticky":false,"template":"","format":"standard","meta":{"footnotes":""},"categories":[24],"tags":[22070,2193,14467,42,12048,38,40,39,41,697,127,126],"class_list":{"0":"post-113475","1":"post","2":"type-post","3":"status-publish","4":"format-standard","5":"has-post-thumbnail","7":"category-sport","8":"tag-ante-simundza","9":"tag-betclic-1-liga","10":"tag-piotr-stokowiec","11":"tag-pl","12":"tag-pogon-grodzisk-mazowiecki","13":"tag-poland","14":"tag-polish","15":"tag-polska","16":"tag-polski","17":"tag-slask-wroclaw","18":"tag-sport","19":"tag-sports"},"share_on_mastodon":{"url":"https:\/\/pubeurope.com\/@pl\/115594274347247151","error":""},"_links":{"self":[{"href":"https:\/\/www.europesays.com\/pl\/wp-json\/wp\/v2\/posts\/113475","targetHints":{"allow":["GET"]}}],"collection":[{"href":"https:\/\/www.europesays.com\/pl\/wp-json\/wp\/v2\/posts"}],"about":[{"href":"https:\/\/www.europesays.com\/pl\/wp-json\/wp\/v2\/types\/post"}],"author":[{"embeddable":true,"href":"https:\/\/www.europesays.com\/pl\/wp-json\/wp\/v2\/users\/2"}],"replies":[{"embeddable":true,"href":"https:\/\/www.europesays.com\/pl\/wp-json\/wp\/v2\/comments?post=113475"}],"version-history":[{"count":0,"href":"https:\/\/www.europesays.com\/pl\/wp-json\/wp\/v2\/posts\/113475\/revisions"}],"wp:featuredmedia":[{"embeddable":true,"href":"https:\/\/www.europesays.com\/pl\/wp-json\/wp\/v2\/media\/113476"}],"wp:attachment":[{"href":"https:\/\/www.europesays.com\/pl\/wp-json\/wp\/v2\/media?parent=113475"}],"wp:term":[{"taxonomy":"category","embeddable":true,"href":"https:\/\/www.europesays.com\/pl\/wp-json\/wp\/v2\/categories?post=113475"},{"taxonomy":"post_tag","embeddable":true,"href":"https:\/\/www.europesays.com\/pl\/wp-json\/wp\/v2\/tags?post=113475"}],"curies":[{"name":"wp","href":"https:\/\/api.w.org\/{rel}","templated":true}]}}