{"id":113477,"date":"2025-11-22T16:23:28","date_gmt":"2025-11-22T16:23:28","guid":{"rendered":"https:\/\/www.europesays.com\/pl\/113477\/"},"modified":"2025-11-22T16:23:28","modified_gmt":"2025-11-22T16:23:28","slug":"laura-lacz-o-wspolpracy-z-agnieszka-kaczorowska-wszyscy-sie-do-niej-przyzwyczaili","status":"publish","type":"post","link":"https:\/\/www.europesays.com\/pl\/113477\/","title":{"rendered":"Laura \u0141\u0105cz o wsp\u00f3\u0142pracy z Agnieszk\u0105 Kaczorowsk\u0105. &#8222;Wszyscy si\u0119 do niej przyzwyczaili&#8221;"},"content":{"rendered":"<p class=\"Paragraph_desktopParagraph__U31Gm\"><a href=\"https:\/\/plejada.pl\/agnieszka-kaczorowska\" id=\"3d2b57ac-9f26-4f9e-afb7-360e47a4c2bd\" rel=\"nofollow noopener\" target=\"_blank\">Agnieszka Kaczorowska<\/a> rozpocz\u0119\u0142a swoj\u0105 przygod\u0119 z &#8222;Klanem&#8221; w wieku siedmiu lat. Serial przyni\u00f3s\u0142 jej ogromn\u0105 popularno\u015b\u0107, ale tak\u017ce trudne chwile, o kt\u00f3rych aktorka otwarcie m\u00f3wi\u0142a. W jednym z wywiad\u00f3w wspomina\u0142a, \u017ce w szkole cz\u0119sto by\u0142a wy\u015bmiewana przez r\u00f3wie\u015bnik\u00f3w.<\/p>\n<p class=\"Paragraph_desktopParagraph__U31Gm\">Agnieszka Kaczorowska przyzna\u0142a, \u017ce w gimnazjum powa\u017cnie rozwa\u017ca\u0142a rezygnacj\u0119 z serialu z powodu stresu i docink\u00f3w. Jednak za namow\u0105 mamy postanowi\u0142a kontynuowa\u0107 prac\u0119, co pozwoli\u0142o jej finansowa\u0107 swoj\u0105 pasj\u0119 \u2014 taniec towarzyski.<\/p>\n<ul class=\"OchatFollowUps_wrapper__1ry7X\">\n<li class=\"OchatFollowUps_item__Dhyly OchatFollowUps_itemDesktop__R6aBv\">Jak\u0105 rol\u0119 w serialu gra Agnieszka Kaczorowska?<\/li>\n<li class=\"OchatFollowUps_item__Dhyly OchatFollowUps_itemDesktop__R6aBv\">Jak d\u0142ugo Agnieszka Kaczorowska jest zwi\u0105zana z 'Klanem&#8217;?<\/li>\n<li class=\"OchatFollowUps_item__Dhyly OchatFollowUps_itemDesktop__R6aBv\">Co Laura \u0141\u0105cz my\u015bli o zmianach w \u017cyciu Agnieszki Kaczorowskiej?<\/li>\n<li class=\"OchatFollowUps_item__Dhyly OchatFollowUps_itemDesktop__R6aBv\">Jakie plany taneczne ma Agnieszka Kaczorowska?<\/li>\n<\/ul>\n<p>Laura \u0141\u0105cz o wsp\u00f3\u0142pracy z Agnieszk\u0105 Kaczorowsk\u0105 <\/p>\n<p class=\"Paragraph_desktopParagraph__U31Gm\"><a href=\"https:\/\/plejada.pl\/laura-lacz\" id=\"0db1e6f9-454d-4047-970a-fdad44330807\" rel=\"nofollow noopener\" target=\"_blank\">Laura \u0141\u0105cz <\/a>w rozmowie z &#8222;Faktem&#8221; opowiedzia\u0142a o zakulisowych szczeg\u00f3\u0142ach wsp\u00f3\u0142pracy z Agnieszk\u0105 Kaczorowsk\u0105. Aktorka podkre\u015bli\u0142a, \u017ce jej kole\u017canka z planu nadal jest wa\u017cn\u0105 cz\u0119\u015bci\u0105 produkcji.<\/p>\n<blockquote>\n<p class=\"Paragraph_desktopParagraph__U31Gm\">Agnieszka nadal gra w naszym serialu i nikt o tym nie zapomnia\u0142. Wystarczy spojrze\u0107 na komentarze w internecie. Dla wielu Agnieszka do dzi\u015b pozostaje przede wszystkim Bo\u017cenk\u0105 z &#8222;Klanu&#8221;<\/p>\n<\/blockquote>\n<p class=\"Paragraph_desktopParagraph__U31Gm\">\u2014 m\u00f3wi\u0142a w rozmowie z &#8222;Faktem&#8221; Laura \u0141\u0105cz.<\/p>\n<p class=\"Paragraph_desktopParagraph__U31Gm\">Laura \u0141\u0105cz zaznaczy\u0142a r\u00f3wnie\u017c, \u017ce Agnieszka Kaczorowska przez lata by\u0142a postrzegana jako osoba &#8222;normalna&#8221; i dobrze odnajduj\u0105ca si\u0119 w \u015brodowisku serialowym. &#8222;Agnieszka od dziecka by\u0142a zwi\u0105zana z tym serialem, doskonale zna\u0142a realia planu i \u015brodowisko. Wszyscy si\u0119 do niej przyzwyczaili i by\u0142a po prostu normalna. Tak by\u0142o przez wszystkie lata, ale jak b\u0119dzie teraz, trudno przewidzie\u0107. W jej \u017cyciu zasz\u0142y przecie\u017c ogromne zmiany. My\u015bl\u0119, \u017ce bardzo si\u0119 ostatnio zmieni\u0142a&#8221; \u2014 przyzna\u0142a Laura \u0141\u0105cz w rozmowie z &#8222;Faktem&#8221;.<\/p>\n<p class=\"Paragraph_desktopParagraph__U31Gm\">Przypomnijmy, \u017ce Agnieszka Kaczorowska skupi\u0142a si\u0119 na ta\u0144cu, co potwierdza zapowiedziana trasa taneczno-muzyczna &#8222;Siedem&#8221;, w kt\u00f3rej wyst\u0105pi wsp\u00f3lnie z Marcinem Rogacewiczem.<\/p>\n<blockquote>\n<p class=\"Paragraph_desktopParagraph__U31Gm\">Na razie na pewno skupia si\u0119 na ta\u0144cu. To jest jej g\u0142\u00f3wny kierunek<\/p>\n<\/blockquote>\n<p class=\"Paragraph_desktopParagraph__U31Gm\">\u2014 podkre\u015bli\u0142a aktorka i doda\u0142a: &#8222;Jest wci\u0105\u017c bardzo m\u0142oda i jeszcze wiele lat kariery tanecznej jest przed ni\u0105. Przygotowuje nowy program. A p\u00f3\u017aniej? Mo\u017ce zostanie choreografk\u0105. To bardzo mo\u017cliwe \u2014 ma do tego solidne przygotowanie zawodowe&#8221; \u2014 podsumowa\u0142a Laura \u0141\u0105cz.<\/p>\n<p><img decoding=\"async\" class=\"Image_image__0tuHp Image_autoHeight__f2n87 \" height=\"587\" width=\"391\" src=\"https:\/\/www.europesays.com\/pl\/wp-content\/uploads\/2025\/11\/5Flk9kpTURBXy82OTZhYmVmMjg3NzYzYzFmZjcyNjE5MmRjZWRjYWI2Mi5qcGeSlQLNA6wAwsOVAgDNAkvCw94AA6EwAaExAaEzw.jpeg\" alt=\"Laura \u0141\u0105cz\" loading=\"lazy\" \/>Andras Szilagyi \/ MW Media<\/p>\n<p>Laura \u0141\u0105cz<\/p>\n<p><img decoding=\"async\" class=\"Image_image__0tuHp Image_autoHeight__f2n87 \" height=\"587\" width=\"391\" src=\"https:\/\/www.europesays.com\/pl\/wp-content\/uploads\/2025\/11\/ktck9kpTURBXy8wMDM3NGRhM2I1ODQwYjc2MWVkZTE3NGU4ZmE1YmQ3NS5qcGeSlQLNA6wAwsOVAgDNAkvCw94AA6EwAaExAaEzw.jpeg\" alt=\"Agnieszka Kaczorowska\" loading=\"lazy\" \/>Andras Szilagyi \/ MW Media<\/p>\n<p>Agnieszka Kaczorowska<\/p>\n<p class=\"Paragraph_desktopParagraph__U31Gm\">Dzi\u0119kujemy, \u017ce przeczyta\u0142a\u015b\/e\u015b nasz artyku\u0142 do ko\u0144ca. W serwisie Plejada.pl ka\u017cdego dnia piszemy o najwa\u017cniejszych wydarzeniach show-biznesowych. B\u0105d\u017a na bie\u017c\u0105co! <a rel=\"nofollow noopener\" href=\"https:\/\/news.google.com\/publications\/CAAiEF0PeAlb7W1llpV_mwV2rL4qFAgKIhBdD3gJW-1tZZaVf5sFdqy-?hl=pl&amp;gl=PL&amp;ceid=PL%3Apl\" id=\"207fad62-55cf-42aa-8ab1-17f31501d07a\" target=\"_blank\">Obserwuj<\/a> Plejad\u0119 w Wiadomo\u015bciach Google. Odwied\u017a nas tak\u017ce na <a rel=\"nofollow noopener\" href=\"https:\/\/www.facebook.com\/plejadapl\" id=\"3a8ea6a0-7f2a-4c29-a3be-6b0bf697b957\" target=\"_blank\">Facebooku<\/a>, <a rel=\"nofollow noopener\" href=\"https:\/\/www.instagram.com\/plejadapl\/\" id=\"aec1cfa2-0d04-480c-aed2-277cde611779\" target=\"_blank\">Instagramie<\/a>, <a rel=\"nofollow noopener\" href=\"https:\/\/www.youtube.com\/c\/plejada\" id=\"166bf016-80c1-4e75-8e97-371901a13809\" target=\"_blank\">YouTubie<\/a> oraz <a rel=\"nofollow noopener\" href=\"https:\/\/www.tiktok.com\/@plejada_pl\" id=\"acc7748c-02b6-406c-8741-4f6e6ebfabba\" target=\"_blank\">TikToku<\/a>.<\/p>\n<p class=\"Paragraph_desktopParagraph__U31Gm\">Chcesz podzieli\u0107 si\u0119 ciekawym newsem lub zaproponowa\u0107 temat? Skontaktuj si\u0119 z nami, pisz\u0105c maila na adres: plejada@redakcjaonet.pl.<\/p>\n<p><script async src=\"\/\/www.instagram.com\/embed.js\"><\/script><script async src=\"\/\/www.tiktok.com\/embed.js\"><\/script><\/p>\n","protected":false},"excerpt":{"rendered":"Agnieszka Kaczorowska rozpocz\u0119\u0142a swoj\u0105 przygod\u0119 z &#8222;Klanem&#8221; w wieku siedmiu lat. Serial przyni\u00f3s\u0142 jej ogromn\u0105 popularno\u015b\u0107, ale tak\u017ce&hellip;\n","protected":false},"author":2,"featured_media":113478,"comment_status":"","ping_status":"","sticky":false,"template":"","format":"standard","meta":{"footnotes":""},"categories":[22],"tags":[172,122,67,261,12326,53,52,68,51,55,42,38,40,39,41,123,47,7581,1607,65,50],"class_list":{"0":"post-113477","1":"post","2":"type-post","3":"status-publish","4":"format-standard","5":"has-post-thumbnail","7":"category-rozrywka","8":"tag-agnieszka_kaczorowska","9":"tag-entertainment","10":"tag-intextvideo_splayer","11":"tag-kultura","12":"tag-laura_lacz","13":"tag-new_header","14":"tag-onet3","15":"tag-onet3d","16":"tag-onet3d_2i","17":"tag-phx","18":"tag-pl","19":"tag-poland","20":"tag-polish","21":"tag-polska","22":"tag-polski","23":"tag-rozrywka","24":"tag-screening_general","25":"tag-serial_seriale","26":"tag-time_limited","27":"tag-update_me","28":"tag-v2021"},"share_on_mastodon":{"url":"https:\/\/pubeurope.com\/@pl\/115594278113888719","error":""},"_links":{"self":[{"href":"https:\/\/www.europesays.com\/pl\/wp-json\/wp\/v2\/posts\/113477","targetHints":{"allow":["GET"]}}],"collection":[{"href":"https:\/\/www.europesays.com\/pl\/wp-json\/wp\/v2\/posts"}],"about":[{"href":"https:\/\/www.europesays.com\/pl\/wp-json\/wp\/v2\/types\/post"}],"author":[{"embeddable":true,"href":"https:\/\/www.europesays.com\/pl\/wp-json\/wp\/v2\/users\/2"}],"replies":[{"embeddable":true,"href":"https:\/\/www.europesays.com\/pl\/wp-json\/wp\/v2\/comments?post=113477"}],"version-history":[{"count":0,"href":"https:\/\/www.europesays.com\/pl\/wp-json\/wp\/v2\/posts\/113477\/revisions"}],"wp:featuredmedia":[{"embeddable":true,"href":"https:\/\/www.europesays.com\/pl\/wp-json\/wp\/v2\/media\/113478"}],"wp:attachment":[{"href":"https:\/\/www.europesays.com\/pl\/wp-json\/wp\/v2\/media?parent=113477"}],"wp:term":[{"taxonomy":"category","embeddable":true,"href":"https:\/\/www.europesays.com\/pl\/wp-json\/wp\/v2\/categories?post=113477"},{"taxonomy":"post_tag","embeddable":true,"href":"https:\/\/www.europesays.com\/pl\/wp-json\/wp\/v2\/tags?post=113477"}],"curies":[{"name":"wp","href":"https:\/\/api.w.org\/{rel}","templated":true}]}}