{"id":113487,"date":"2025-11-22T16:35:09","date_gmt":"2025-11-22T16:35:09","guid":{"rendered":"https:\/\/www.europesays.com\/pl\/113487\/"},"modified":"2025-11-22T16:35:09","modified_gmt":"2025-11-22T16:35:09","slug":"polacy-rywalizuja-w-lillehammer-sledz-sobotnie-skoki-na-zywo-sport-tvp-pl","status":"publish","type":"post","link":"https:\/\/www.europesays.com\/pl\/113487\/","title":{"rendered":"Polacy rywalizuj\u0105 w Lillehammer! \u015aled\u017a sobotnie skoki [NA \u017bYWO] &#8211; sport.tvp.pl"},"content":{"rendered":"<ol>\n<li><a href=\"https:\/\/news.google.com\/rss\/articles\/CBMi7gFBVV95cUxQM2Z3bG5Xcy1hMlFwTGZBcy1mWV80dTdHY05xYm43MmgxRkd2dUN0LVFKOExWd1B3MGRzQXVQM3lZb0Y3Y3h6LWJfTmlYS1hkM0pfTll6M0M1ZzBaNlhRUnZCWlQzVEx1b2QzS0NoQ2JpOHFmdFNHYS1mUmpqaVRaR2YwLVgzbXZvaGZNYnNXbmxNRm0zbFB1UlRDZ3NYSEV2RndkV2ZZTUtmcjlSZUU4Wk43cjRHX3hEQlB2aDRjMWlXT2JYUkVCekVJUjVDaVNMVG8zdlBrLWJrOUlfUGp3bk1KRzhXbGZadmZ6QmxB?oc=5\" target=\"_blank\" rel=\"nofollow noopener\">Polacy rywalizuj\u0105 w Lillehammer! \u015aled\u017a sobotnie skoki [NA \u017bYWO]<\/a>&nbsp;&nbsp;sport.tvp.pl<\/li>\n<li><a href=\"https:\/\/news.google.com\/rss\/articles\/CBMi5wFBVV95cUxNcm94YXgyOGpEME9BcFdPSkVfQmNyNXNHaDAwSkNudU1iRUtaZlAxaHlZcjdTNURZVHhRMEtWS2lTU3Bma2E2ejdfaGNoU3dtN0NtcWFaOXMzdC1DaFc5Smd3S2tKczJnT2NmWnYyTG1MYzNPZ2gySm51UXRJNHk4VWVuZ1UxRzdqM3VGUEYzbjN6bm9fR1BfV0JNT0lkZjFaYjNzdTZ6RnBqM3FTU0p6bEh2cVFnSUVoNGNmWTR0bnFaYkl0d1BEa3ViRTN2T2dFa0hEQXYwOTRQMkhmZU9CTy1oSmdqMVU?oc=5\" target=\"_blank\" rel=\"nofollow noopener\">P\u015a w skokach &#8211; Lillehammer: kwalifikacje i konkurs indywidualny [RELACJA NA \u017bYWO]<\/a>&nbsp;&nbsp;Przegl\u0105d Sportowy Onet<\/li>\n<li><a href=\"https:\/\/news.google.com\/rss\/articles\/CBMipwFBVV95cUxQa0RCVjk0ZDZrMFNhUzFZazZDNkVKZzFMZXhWWmRhSHlLZ1pQeXJhQ1FhWUszTkFBSG1xc3BhQ3dtX1lyVzlfdVhlTHdwOEJudmFfUE1ZYldFNWRxSk9oLUtjeW5BaGZWdzNJM3RhMk1NUlFyTTNoc2gwcEFiSUdwcWxVQnkxcFRSaEs1RmZPS3dsZGxPNDFhSTJHa2ZScVlnV1dScU5hVQ?oc=5\" target=\"_blank\" rel=\"nofollow noopener\">\u015awietny Stoch! Ma\u0142a strata do podium po pierwszej serii<\/a>&nbsp;&nbsp;Meczyki.pl<\/li>\n<li><a href=\"https:\/\/news.google.com\/rss\/articles\/CBMiygFBVV95cUxPaS15ZURaY1FpcEVtd3hxVV9weTJ2bVYyTTFxZ3dfOVNydEpaY0ZlWnE4ek5IUlFKN2lRaTZaZ2hMZnk4R2VaTHZBZmV3Z1J4ekFXRlJrZmNid3MwUVFpRmRpZGo0WlBvSnA5Z2I0ZWNXZ3dyV3BNTnhtSkMxR21nQzRYbktRYkt2UVNoUkVsTmo3WG5NX3BxUXcwUUx5WWlOS01aSFp4VWhDakRZdWlxS1cxbmJrNExxWVV2dW8tVGNwajAzWi0zc2pn0gHPAUFVX3lxTE1RRFc4VllINmtOZ3hCTlAyWlBCSGFlUzlYTFAyenZLVUFVTDhkS0NZSkNaR0p5V2ZtQ01fWDVyQTdyVFFtcXpuVUJtc0U4R1FWel95cnFmWDB6M0t2aTB3cFBhYU5rZE53SWpUWUkyTUtqZ1Y0VkU3TFB4T2FhNDhkZi0xeDVVRkpzU2F3SE9iM29LRTlzTEdtZ3A5bVdFQkNhYjAtMEJoUWZaYUJYanhfZTVLck9HazBya3FodTVrSHZCUDZfWGdreHBDS2VMZw?oc=5\" target=\"_blank\" rel=\"nofollow noopener\">Cztery lata bez polskiego debiutanta w P\u015a. I wreszcie koniec: nadszed\u0142 Kacper Tomasiak<\/a>&nbsp;&nbsp;sport.tvp.pl<\/li>\n<li><a href=\"https:\/\/news.google.com\/rss\/articles\/CBMivgFBVV95cUxPUTllTXVvRTQxOEtoWV9NWU14S25mOFctWUxWS2NMeWJUYkNwMm45M0dWZ052Ui1pTXk2TS1wa0V2RnI3dThLRUVsMG1zV2ZSZ3laekdsRkZVeVFuRk5ZeFhTRDJkcWZoM1hCZm5OX0laZlV6WW5pSG8xZVJSTFdBa3l3TUdod3Npb2JhenpmUGdYbWdJNjMtdEttck9hWUtEN2hlTHFkSTVnVkYzS3cwZkE4MllrU3VfbW5iOW13?oc=5\" target=\"_blank\" rel=\"nofollow noopener\">Koszmarne warunki przy pr\u00f3bie Stocha, ale to nie problem. Mistrz tu\u017c za podium<\/a>&nbsp;&nbsp;Sport w INTERIA.PL<\/li>\n<\/ol>\n","protected":false},"excerpt":{"rendered":"Polacy rywalizuj\u0105 w Lillehammer! \u015aled\u017a sobotnie skoki [NA \u017bYWO]&nbsp;&nbsp;sport.tvp.pl P\u015a w skokach &#8211; Lillehammer: kwalifikacje i konkurs indywidualny&hellip;\n","protected":false},"author":2,"featured_media":113488,"comment_status":"","ping_status":"","sticky":false,"template":"","format":"standard","meta":{"footnotes":""},"categories":[5],"tags":[32,33,17240,36,37,27,2741,34,35,22693,28,31,25,17242,17243,42,38,40,39,41,24791,1538,334,29,30,26],"class_list":{"0":"post-113487","1":"post","2":"type-post","3":"status-publish","4":"format-standard","5":"has-post-thumbnail","7":"category-naglowki","8":"tag-breaking-news","9":"tag-breakingnews","10":"tag-dawid-kubacki","11":"tag-featured-news","12":"tag-featurednews","13":"tag-headlines","14":"tag-kamil-stoch","15":"tag-latest-news","16":"tag-latestnews","17":"tag-lillehammer","18":"tag-naglowki","19":"tag-najwazniejsze-artykuly","20":"tag-news","21":"tag-pawel-wasek","22":"tag-piotr-zyla","23":"tag-pl","24":"tag-poland","25":"tag-polish","26":"tag-polska","27":"tag-polski","28":"tag-puchar-swiata-skoczkw","29":"tag-skoki-narciarskie","30":"tag-sport-tvp-pl","31":"tag-top-stories","32":"tag-topstories","33":"tag-wiadomosci"},"share_on_mastodon":{"url":"https:\/\/pubeurope.com\/@pl\/115594325171099010","error":""},"_links":{"self":[{"href":"https:\/\/www.europesays.com\/pl\/wp-json\/wp\/v2\/posts\/113487","targetHints":{"allow":["GET"]}}],"collection":[{"href":"https:\/\/www.europesays.com\/pl\/wp-json\/wp\/v2\/posts"}],"about":[{"href":"https:\/\/www.europesays.com\/pl\/wp-json\/wp\/v2\/types\/post"}],"author":[{"embeddable":true,"href":"https:\/\/www.europesays.com\/pl\/wp-json\/wp\/v2\/users\/2"}],"replies":[{"embeddable":true,"href":"https:\/\/www.europesays.com\/pl\/wp-json\/wp\/v2\/comments?post=113487"}],"version-history":[{"count":0,"href":"https:\/\/www.europesays.com\/pl\/wp-json\/wp\/v2\/posts\/113487\/revisions"}],"wp:featuredmedia":[{"embeddable":true,"href":"https:\/\/www.europesays.com\/pl\/wp-json\/wp\/v2\/media\/113488"}],"wp:attachment":[{"href":"https:\/\/www.europesays.com\/pl\/wp-json\/wp\/v2\/media?parent=113487"}],"wp:term":[{"taxonomy":"category","embeddable":true,"href":"https:\/\/www.europesays.com\/pl\/wp-json\/wp\/v2\/categories?post=113487"},{"taxonomy":"post_tag","embeddable":true,"href":"https:\/\/www.europesays.com\/pl\/wp-json\/wp\/v2\/tags?post=113487"}],"curies":[{"name":"wp","href":"https:\/\/api.w.org\/{rel}","templated":true}]}}