{"id":113505,"date":"2025-11-22T16:48:25","date_gmt":"2025-11-22T16:48:25","guid":{"rendered":"https:\/\/www.europesays.com\/pl\/113505\/"},"modified":"2025-11-22T16:48:25","modified_gmt":"2025-11-22T16:48:25","slug":"gdzie-jechac-na-narty-w-polsce-dziala-juz-pierwszy-osrodek","status":"publish","type":"post","link":"https:\/\/www.europesays.com\/pl\/113505\/","title":{"rendered":"Gdzie jecha\u0107 na narty w Polsce? Dzia\u0142a ju\u017c pierwszy o\u015brodek"},"content":{"rendered":"<p class=\"ods-c-paragraph \">To kolejny raz tej jesieni, gdy okolice Tatr przykry\u0142a bia\u0142a ko\u0142dra, ale tym razem prognozy s\u0105 wyj\u0105tkowo zimowe. Synoptycy zapowiadaj\u0105 dalsze opady oraz temperatury utrzymuj\u0105ce si\u0119 lekko poni\u017cej zera.<a href=\"https:\/\/podroze.onet.pl\/aktualnosci\/intensywne-opady-sniegu-tak-naprawde-wyglada-teraz-zakopane\/31cys90\" id=\"512a23b6-02b7-4404-8386-b6b1686b95b0\" rel=\"nofollow noopener\" target=\"_blank\"> Mieszka\u0144cy i tury\u015bci w Zakopanem obudzili si\u0119 dzi\u015b w prawdziwej zimowej scenerii<\/a>, a bia\u0142o zrobi\u0142o si\u0119 r\u00f3wnie\u017c w innych cz\u0119\u015bciach Ma\u0142opolski \u2014 nawet w Krakowie.<\/p>\n<p> Kiedy jest kalendarzowy start sezonu narciarskiego w Polsce? <\/p>\n<p> Jakie warunki panuj\u0105 w Bukowinie Tatrza\u0144skiej? <\/p>\n<p> Jakie atrakcje s\u0105 dost\u0119pne w stacji UFO? <\/p>\n<p> Jakie prognozy pogody dotycz\u0105 Ma\u0142opolski? <\/p>\n<p class=\"ods-c-paragraph \">Nic wi\u0119c dziwnego, \u017ce na Podhalu ju\u017c ruszy\u0142 pierwszy wyci\u0105g. W Bukowinie Tatrza\u0144skiej, na Wierchu Olcza\u0144skim, wystartowa\u0142a stacja UFO. Mi\u0142o\u015bnicy bia\u0142ego puchu maj\u0105 tam do dyspozycji 400 m na\u015bnie\u017canej, ratrakowanej i o\u015bwietlanej trasy.<\/p>\n<p class=\"ods-c-paragraph \">Na miejscu dzia\u0142a wypo\u017cyczalnia, szko\u0142a narciarska oraz zaplecze gastronomiczne, a stok jest czynny codziennie od 9 do 21.<\/p>\n<p class=\"ods-c-paragraph \">Jak wida\u0107 na lokalnych kamerach w pi\u0105tek 21 listopada o godz. 18.00, fan\u00f3w zimy nie brakuje.<\/p>\n<p><img decoding=\"async\" src=\"https:\/\/www.europesays.com\/pl\/wp-content\/uploads\/2025\/11\/TACk9lBaHR0cHM6Ly9vY2RuLmV1L3B1bHNjbXMvTURBXy9lMDAwNDA2ZjBhY2NlMDkzYTRhYTg4YmU2ZTFjMTY2ZC5qcGeSlQMAA.jpeg\" height=\"529\" width=\"940\" alt=\"Bukowina Tatrza\u0144ska 21.11.2025 r., ok. godz. 18\" loading=\"lazy\" class=\"ods-c-image__img ods-c-image__img--viewport-width\"\/><\/p>\n<p>Bukowina Tatrza\u0144ska 21.11.2025 r., ok. godz. 18webcamera.pl<\/p>\n<p class=\"ods-c-paragraph \">Na trasie le\u017cy ju\u017c oko\u0142o p\u00f3\u0142 metra sztucznego \u015bniegu, a w weekend planowane jest uruchomienie pe\u0142nej d\u0142ugo\u015bci stoku.<\/p>\n<p class=\"ods-c-paragraph \">Prognozy zapowiadaj\u0105 dalsze opady oraz stabilny mr\u00f3z, co oznacza, \u017ce kolejne o\u015brodki w regionie szykuj\u0105 si\u0119 do otwarcia.<\/p>\n<p>Pogoda na Podhalu<\/p>\n<p class=\"ods-c-paragraph \">W \u015brod\u0119 (19 listopada) w Poroninie (pow. tatrza\u0144ski) temperatura obni\u017cy\u0142a si\u0119 do -10 st. C. Przed nami jednak znacznie ni\u017csze warto\u015bci. Prze\u0142om tego i nast\u0119pnego tygodnia ma by\u0107 najzimniejszy podczas tegorocznej jesieni.<\/p>\n<p class=\"ods-c-paragraph \">W sobot\u0119 (22 listopada) w ci\u0105gu dnia spodziewamy si\u0119 ok. -4 st. C u podn\u00f3\u017ca g\u00f3r, 0 st. C na po\u0142udniu i w centrum oraz maksymalnie 2-3 st. C na p\u00f3\u0142nocy. <a href=\"https:\/\/wiadomosci.onet.pl\/pogoda\/po-opadach-sniegu-zima-uderzy-srogim-mrozem-tu-bedzie-nawet-15-st-c\/9rhmm0y\" id=\"c1feb236-4b89-4e4e-850f-943c5c23f58a\" rel=\"nofollow noopener\" target=\"_blank\">W Ma\u0142opolsce przewidywane s\u0105 spadki temperatury do ok. -10\/-12 st. C, a w rejonach podg\u00f3rskich nawet do ok. -15 st. C.<\/a><\/p>\n","protected":false},"excerpt":{"rendered":"To kolejny raz tej jesieni, gdy okolice Tatr przykry\u0142a bia\u0142a ko\u0142dra, ale tym razem prognozy s\u0105 wyj\u0105tkowo zimowe.&hellip;\n","protected":false},"author":2,"featured_media":113506,"comment_status":"","ping_status":"","sticky":false,"template":"","format":"standard","meta":{"footnotes":""},"categories":[12],"tags":[210,32,33,24793,36,37,27,34,35,28,31,48,25,46,42,6253,38,40,39,41,47,3492,1652,29,30,26,1570],"class_list":{"0":"post-113505","1":"post","2":"type-post","3":"status-publish","4":"format-standard","5":"has-post-thumbnail","7":"category-polska","8":"tag-aktualnosci","9":"tag-breaking-news","10":"tag-breakingnews","11":"tag-bukowina_tatrzanska","12":"tag-featured-news","13":"tag-featurednews","14":"tag-headlines","15":"tag-latest-news","16":"tag-latestnews","17":"tag-naglowki","18":"tag-najwazniejsze-artykuly","19":"tag-nat_styl","20":"tag-news","21":"tag-omp","22":"tag-pl","23":"tag-podhale","24":"tag-poland","25":"tag-polish","26":"tag-polska","27":"tag-polski","28":"tag-screening_general","29":"tag-tatry","30":"tag-temperatura","31":"tag-top-stories","32":"tag-topstories","33":"tag-wiadomosci","34":"tag-zakopane"},"share_on_mastodon":{"url":"https:\/\/pubeurope.com\/@pl\/115594376572138824","error":""},"_links":{"self":[{"href":"https:\/\/www.europesays.com\/pl\/wp-json\/wp\/v2\/posts\/113505","targetHints":{"allow":["GET"]}}],"collection":[{"href":"https:\/\/www.europesays.com\/pl\/wp-json\/wp\/v2\/posts"}],"about":[{"href":"https:\/\/www.europesays.com\/pl\/wp-json\/wp\/v2\/types\/post"}],"author":[{"embeddable":true,"href":"https:\/\/www.europesays.com\/pl\/wp-json\/wp\/v2\/users\/2"}],"replies":[{"embeddable":true,"href":"https:\/\/www.europesays.com\/pl\/wp-json\/wp\/v2\/comments?post=113505"}],"version-history":[{"count":0,"href":"https:\/\/www.europesays.com\/pl\/wp-json\/wp\/v2\/posts\/113505\/revisions"}],"wp:featuredmedia":[{"embeddable":true,"href":"https:\/\/www.europesays.com\/pl\/wp-json\/wp\/v2\/media\/113506"}],"wp:attachment":[{"href":"https:\/\/www.europesays.com\/pl\/wp-json\/wp\/v2\/media?parent=113505"}],"wp:term":[{"taxonomy":"category","embeddable":true,"href":"https:\/\/www.europesays.com\/pl\/wp-json\/wp\/v2\/categories?post=113505"},{"taxonomy":"post_tag","embeddable":true,"href":"https:\/\/www.europesays.com\/pl\/wp-json\/wp\/v2\/tags?post=113505"}],"curies":[{"name":"wp","href":"https:\/\/api.w.org\/{rel}","templated":true}]}}