{"id":113542,"date":"2025-11-22T17:23:19","date_gmt":"2025-11-22T17:23:19","guid":{"rendered":"https:\/\/www.europesays.com\/pl\/113542\/"},"modified":"2025-11-22T17:23:19","modified_gmt":"2025-11-22T17:23:19","slug":"tragedia-w-grajewie-16-latek-byl-gnebiony-w-szkole-odpowiedza-za-to","status":"publish","type":"post","link":"https:\/\/www.europesays.com\/pl\/113542\/","title":{"rendered":"Tragedia w Grajewie. 16-latek by\u0142 gn\u0119biony w szkole? &#8222;Odpowiedz\u0105 za to&#8221;"},"content":{"rendered":"<p>Do tragedii dosz\u0142o w\u00a0czwartek, 20 listopada wieczorem. Oko\u0142o godz. 19:18 dy\u017curny policji w\u00a0Grajewie otrzyma\u0142 zg\u0142oszenie o\u00a0potr\u0105ceniu cz\u0142owieka na torach mi\u0119dzy ulicami Pi\u0142sudskiego a\u00a0Cmentarn\u0105. Okoliczno\u015bci tej tragedii ustalaj\u0105 policjanci pod nadzorem prokuratora.<\/p>\n<p>Wed\u0142ug &#8222;Faktu&#8221; ofiar\u0105 by\u0142 16-latek, ucze\u0144 Zespo\u0142u Szk\u00f3\u0142 nr 2\u00a0im. 9. Pu\u0142ku Strzelc\u00f3w Konnych w\u00a0Grajewie. Ta informacja obieg\u0142a media spo\u0142eczno\u015bciowe. Tabloid przytoczy\u0142 wypowiedzi os\u00f3b, kt\u00f3re sugeruj\u0105, \u017ce ch\u0142opiec by\u0142 ofiar\u0105 hejtu.<\/p>\n<p>Wpadka na\u00a0komisji ds. Pegasusa. Nagranie z\u00a0Kluzik-Rostkowsk\u0105 <\/p>\n<p>Nie wiadomo, czy informacje o\u00a0trudnej sytuacji nastolatka s\u0105 prawdziwe. Szef Prokuratury Rejonowej w\u00a0Grajewie poinformowa\u0142, \u017ce aktualnie trwa wst\u0119pny etap post\u0119powania, zlecono sekcj\u0119 zw\u0142ok. Powody, kt\u00f3re mog\u0142y doprowadzi\u0107 do tragedii, jest ustalane.<\/p>\n<p>16-latek z\u00a0Grajewa nie \u017cyje. Klasa obj\u0119ta opiek\u0105 psychologiczn\u0105 <\/p>\n<p>Marcin Bobrowski, dyrektor szko\u0142y, do kt\u00f3rej ucz\u0119szcza\u0142 ch\u0142opiec, obj\u0105\u0142 jego klas\u0119 oraz pozosta\u0142ych uczni\u00f3w wsparciem psychologicznym. Doda\u0142, \u017ce szkolna psycholog by\u0142a do dyspozycji uczni\u00f3w podczas dy\u017curu, a\u00a0wcze\u015bniej odby\u0142a rozmow\u0119 z\u00a0ca\u0142\u0105 klas\u0105.<\/p>\n<p>Je\u015bli znajdujesz si\u0119 w\u00a0trudnej sytuacji i\u00a0chcesz porozmawia\u0107 z\u00a0psychologiem, list\u0119 miejsc, w\u00a0kt\u00f3rych mo\u017cesz szuka\u0107 pomocy, znajdziesz <a href=\"https:\/\/twarzedepresji.pl\/o-depresji\/wazne-telefony-gdzie-szukac-pomocy\/\" rel=\"noopener noreferrer nofollow\" target=\"_blank\">TUTAJ<\/a>.<\/p>\n","protected":false},"excerpt":{"rendered":"Do tragedii dosz\u0142o w\u00a0czwartek, 20 listopada wieczorem. Oko\u0142o godz. 19:18 dy\u017curny policji w\u00a0Grajewie otrzyma\u0142 zg\u0142oszenie o\u00a0potr\u0105ceniu cz\u0142owieka na&hellip;\n","protected":false},"author":2,"featured_media":113543,"comment_status":"","ping_status":"","sticky":false,"template":"","format":"standard","meta":{"footnotes":""},"categories":[12],"tags":[32,33,36,37,27,34,35,28,31,25,42,38,40,39,41,29,30,26],"class_list":{"0":"post-113542","1":"post","2":"type-post","3":"status-publish","4":"format-standard","5":"has-post-thumbnail","7":"category-polska","8":"tag-breaking-news","9":"tag-breakingnews","10":"tag-featured-news","11":"tag-featurednews","12":"tag-headlines","13":"tag-latest-news","14":"tag-latestnews","15":"tag-naglowki","16":"tag-najwazniejsze-artykuly","17":"tag-news","18":"tag-pl","19":"tag-poland","20":"tag-polish","21":"tag-polska","22":"tag-polski","23":"tag-top-stories","24":"tag-topstories","25":"tag-wiadomosci"},"share_on_mastodon":{"url":"https:\/\/pubeurope.com\/@pl\/115594513881183596","error":""},"_links":{"self":[{"href":"https:\/\/www.europesays.com\/pl\/wp-json\/wp\/v2\/posts\/113542","targetHints":{"allow":["GET"]}}],"collection":[{"href":"https:\/\/www.europesays.com\/pl\/wp-json\/wp\/v2\/posts"}],"about":[{"href":"https:\/\/www.europesays.com\/pl\/wp-json\/wp\/v2\/types\/post"}],"author":[{"embeddable":true,"href":"https:\/\/www.europesays.com\/pl\/wp-json\/wp\/v2\/users\/2"}],"replies":[{"embeddable":true,"href":"https:\/\/www.europesays.com\/pl\/wp-json\/wp\/v2\/comments?post=113542"}],"version-history":[{"count":0,"href":"https:\/\/www.europesays.com\/pl\/wp-json\/wp\/v2\/posts\/113542\/revisions"}],"wp:featuredmedia":[{"embeddable":true,"href":"https:\/\/www.europesays.com\/pl\/wp-json\/wp\/v2\/media\/113543"}],"wp:attachment":[{"href":"https:\/\/www.europesays.com\/pl\/wp-json\/wp\/v2\/media?parent=113542"}],"wp:term":[{"taxonomy":"category","embeddable":true,"href":"https:\/\/www.europesays.com\/pl\/wp-json\/wp\/v2\/categories?post=113542"},{"taxonomy":"post_tag","embeddable":true,"href":"https:\/\/www.europesays.com\/pl\/wp-json\/wp\/v2\/tags?post=113542"}],"curies":[{"name":"wp","href":"https:\/\/api.w.org\/{rel}","templated":true}]}}