{"id":113600,"date":"2025-11-22T18:25:07","date_gmt":"2025-11-22T18:25:07","guid":{"rendered":"https:\/\/www.europesays.com\/pl\/113600\/"},"modified":"2025-11-22T18:25:07","modified_gmt":"2025-11-22T18:25:07","slug":"znamy-nowe-kierunki-wizz-air-z-lotniska-w-katowicach-szykuja-sie-hity-lata-2026-dziennik-zachodni","status":"publish","type":"post","link":"https:\/\/www.europesays.com\/pl\/113600\/","title":{"rendered":"Znamy nowe kierunki Wizz Air z lotniska w Katowicach. Szykuj\u0105 si\u0119 hity lata 2026 &#8211; Dziennik Zachodni"},"content":{"rendered":"<ol>\n<li><a href=\"https:\/\/news.google.com\/rss\/articles\/CBMi-AFBVV95cUxNMTNpM3VyWUZkMXpfTk1DdjNOTV9xM01VSjE2N2pwMjY4V0o3czlWLURIRmxOY2dMb2V6RndyVm9oLTAwcE43UmpuTnJERVgzd1k4T25JRXE3SXU3V3I2bGFCcl9sMzZMSzQyVEtUWjd2UlFjSGlnckZiR2xNMW1rVTB5S1JkUU9rdlp5enkxOGxJcC05NkFWcmhDX3l0QjZSMEJhRi05N3FUUG9DZGVhckoxN21jUFZSLXRUQnR6aGthdWJpQndCVVRIb3VsNkdKOFdlMVNSZTc1N1FtdmxaWG1UMDFTNUZheUN3VHJhbkFHcjBDY0E5Nw?oc=5\" target=\"_blank\" rel=\"nofollow noopener\">Znamy nowe kierunki Wizz Air z lotniska w Katowicach. Szykuj\u0105 si\u0119 hity lata 2026<\/a>&nbsp;&nbsp;Dziennik Zachodni<\/li>\n<li><a href=\"https:\/\/news.google.com\/rss\/articles\/CBMijAFBVV95cUxPMnJiSFJDUkdzT1pCczduUXJxZ21ZZGZsaXptNndQNkdhVGloc29oZXFBbzhLVURfMk41S0ZUQllhakdnNUhMTHJNajhoMVh0TDJGcmN2dWl4M1R3dnFGTzNwYUZQVk1seXF3Q3c1YkZvdHBUY25JbjQzU212eW9INXJ4cFBJXzQ2azRWMw?oc=5\" target=\"_blank\" rel=\"nofollow noopener\">Gda\u0144sk rusza dalej. Dok\u0105d polecimy tym razem?<\/a>&nbsp;&nbsp;Nadmorski24<\/li>\n<li><a href=\"https:\/\/news.google.com\/rss\/articles\/CBMikAFBVV95cUxPOUh5VWZYOHdjc3dXS0ZIZTR4WW5NRUJFRVZLdV9oYTlhVnJCcWJicXJWTE9QaGwxbXpWX0JNRjgydEN4NmI1V0NZbVV1d1hNbnI4NHZxcTZyTmczSUwzdVk2R1VMYjBzYzQyZlNXWFktakxxd3BJMl93cDVSc2hJUG45TEtyY3Fjcjh1Q0JENTQ?oc=5\" target=\"_blank\" rel=\"nofollow noopener\">Lataj z Gda\u0144ska do Rijeki &#8211; Aktualno\u015bci &#8211; Port Lotniczy Gda\u0144sk im. Lecha Wa\u0142\u0119sy<\/a>&nbsp;&nbsp;Port Lotniczy Gda\u0144sk im. Lecha Wa\u0142\u0119sy<\/li>\n<li><a href=\"https:\/\/news.google.com\/rss\/articles\/CBMi0gFBVV95cUxNRjZJanAwLUNVX2U2cFBHUHBNM2VBQnhNWEFjQXVwVm54N19nVEVaQzcwR3hwRktWMWJIYklUMlU4d0oxazV4TXZFVjJNX1AyYy1ORm45b3ZkRHhtb0xWVlluMGdCTmRKeTFFbmdMbnU5bENwWEcxY0tZUHRmSWpHdkRiYlp4Ti02ZVR1LTNETlpkeUpRTHdvRU9od1M5QmU5a3YwR2VVc2UzZ0FkUkhsTl9fVWFGbGlqVzlZU2lmUEdldWRiYXdZTlBTWWllU1A5dVE?oc=5\" target=\"_blank\" rel=\"nofollow noopener\">To mo\u017ce by\u0107 hit! Nowe po\u0142\u0105czenie z lubelskiego lotniska. Z krainy Bystrzycy prosto nad Adriatyk<\/a>&nbsp;&nbsp;Kurier Lubelski<\/li>\n<li><a href=\"https:\/\/news.google.com\/rss\/articles\/CBMirwFBVV95cUxORXNBeURxNjNIckhBSnBXbDdLX3lEaWtPUC0yMEVKRDkxcHFoVGJYLV9jZjNoMmxsSm14eC1JcmFNQ2t2SnZNYkZ6d1NMTlVCRUJsU29RXzVrUXZnelc1SkV0WHZzZFdvWjhwRU1ZS1lQY1BwWGJVanljVmF0NE5NTFdPZXRoVDBNNmtidHZmLVM0V2k5ZHpMVVNndWdFdU9tSUJ2NTB5WmlaOHpRaTd3?oc=5\" target=\"_blank\" rel=\"nofollow noopener\">Wizz Air rozpieszcza Polak\u00f3w. W 2026 r. skorzystamy z 40 nowych tras! Hitowe kierunki [LISTA]<\/a>&nbsp;&nbsp;Fakt<\/li>\n<\/ol>\n","protected":false},"excerpt":{"rendered":"Znamy nowe kierunki Wizz Air z lotniska w Katowicach. Szykuj\u0105 si\u0119 hity lata 2026&nbsp;&nbsp;Dziennik Zachodni Gda\u0144sk rusza dalej.&hellip;\n","protected":false},"author":2,"featured_media":60432,"comment_status":"","ping_status":"","sticky":false,"template":"","format":"standard","meta":{"footnotes":""},"categories":[16],"tags":[113,112,42,38,40,39,41],"class_list":{"0":"post-113600","1":"post","2":"type-post","3":"status-publish","4":"format-standard","5":"has-post-thumbnail","7":"category-biznes","8":"tag-biznes","9":"tag-business","10":"tag-pl","11":"tag-poland","12":"tag-polish","13":"tag-polska","14":"tag-polski"},"share_on_mastodon":{"url":"","error":""},"_links":{"self":[{"href":"https:\/\/www.europesays.com\/pl\/wp-json\/wp\/v2\/posts\/113600","targetHints":{"allow":["GET"]}}],"collection":[{"href":"https:\/\/www.europesays.com\/pl\/wp-json\/wp\/v2\/posts"}],"about":[{"href":"https:\/\/www.europesays.com\/pl\/wp-json\/wp\/v2\/types\/post"}],"author":[{"embeddable":true,"href":"https:\/\/www.europesays.com\/pl\/wp-json\/wp\/v2\/users\/2"}],"replies":[{"embeddable":true,"href":"https:\/\/www.europesays.com\/pl\/wp-json\/wp\/v2\/comments?post=113600"}],"version-history":[{"count":0,"href":"https:\/\/www.europesays.com\/pl\/wp-json\/wp\/v2\/posts\/113600\/revisions"}],"wp:featuredmedia":[{"embeddable":true,"href":"https:\/\/www.europesays.com\/pl\/wp-json\/wp\/v2\/media\/60432"}],"wp:attachment":[{"href":"https:\/\/www.europesays.com\/pl\/wp-json\/wp\/v2\/media?parent=113600"}],"wp:term":[{"taxonomy":"category","embeddable":true,"href":"https:\/\/www.europesays.com\/pl\/wp-json\/wp\/v2\/categories?post=113600"},{"taxonomy":"post_tag","embeddable":true,"href":"https:\/\/www.europesays.com\/pl\/wp-json\/wp\/v2\/tags?post=113600"}],"curies":[{"name":"wp","href":"https:\/\/api.w.org\/{rel}","templated":true}]}}