{"id":113611,"date":"2025-11-22T18:35:09","date_gmt":"2025-11-22T18:35:09","guid":{"rendered":"https:\/\/www.europesays.com\/pl\/113611\/"},"modified":"2025-11-22T18:35:09","modified_gmt":"2025-11-22T18:35:09","slug":"kaminski-jest-po-prostu-niemozliwy-to-byla-czwarta-minuta-pilka-nozna","status":"publish","type":"post","link":"https:\/\/www.europesays.com\/pl\/113611\/","title":{"rendered":"Kami\u0144ski jest po prostu niemo\u017cliwy! To by\u0142a czwarta minuta Pi\u0142ka no\u017cna"},"content":{"rendered":"<p class=\"art_paragraph\">Jakub Kami\u0144ski kapitalnie otworzy\u0142 sobotni, domowy mecz <a href=\"https:\/\/www.sport.pl\/fc-koeln#anchorLink\" rel=\"nofollow noopener\" target=\"_blank\">FC Koeln<\/a> z Eintrachtem Frankfurt. Skrzyd\u0142owy reprezentacji Polski ju\u017c w czwartej minucie wyprowadzi\u0142 sw\u00f3j zesp\u00f3\u0142 na prowadzenie. Dzi\u0119ki niemu pi\u0142karze z Kolonii prowadz\u0105 na ten moment 1:0.<\/p>\n<p>\n    Zobacz wideo Kosecki ostro o pi\u0142karzach Legii: Na niekt\u00f3rych z was si\u0119 nie da patrze\u0107\n  <\/p>\n<p> Tak Jakub Kami\u0144ski wpisa\u0142 si\u0119 na list\u0119 strzelc\u00f3w. Pi\u0105ty gol w sezonie<\/p>\n<p class=\"art_paragraph\">Spory udzia\u0142 przy tym trafieniu mia\u0142 jednak inny gracz FC Koeln Ragnar Ache. To w\u0142a\u015bnie on wystartowa\u0142 do d\u0142ugiego podania z g\u0142\u0119bi pola od Dominique&#8217;a Heintza. Napastnik wyskoczy\u0142 przed lini\u0119 obro\u0144c\u00f3w Eintrachtu, wpad\u0142 w pole karne i min\u0105\u0142 wychodz\u0105cego bramkarza rywali. Nie mia\u0142 jednak dogodnej pozycji do strza\u0142u, wi\u0119c odwr\u00f3ci\u0142 si\u0119 i wy\u0142o\u017cy\u0142 pi\u0142k\u0119 do pod\u0105\u017caj\u0105cego za akcj\u0105 Kami\u0144skiego. Polak wykorzysta\u0142 okazj\u0119 i spokojnie uderzy\u0142 na pust\u0105 bramk\u0119.<\/p>\n<p class=\"art_paragraph\">Zrobi\u0142 to zreszt\u0105 z chirurgiczn\u0105 precyzj\u0105, bo uderzy\u0142 lekko, precyzyjnie w okienko. <a href=\"https:\/\/www.sport.pl\/kibice#anchorLink\" rel=\"nofollow noopener\" target=\"_blank\">Kibice<\/a> na potwierdzenie tego gola musieli jednak troch\u0119 poczeka\u0107. Wszystko przez w\u0105tpliwo\u015bci s\u0119dzi\u00f3w, czy Ache, kt\u00f3ry asystowa\u0142 przy trafieniu, nie by\u0142 wcze\u015bniej na spalonym. Ostatecznie po konsultacji z VAR-em s\u0119dzia bramk\u0119 uzna\u0142 i Kami\u0144ski m\u00f3g\u0142 \u015bwi\u0119towa\u0107.<\/p>\n<p class=\"art_paragraph\">Dla Polaka by\u0142 to ju\u017c pi\u0105ty gol w tym sezonie Bundesligi. Wcze\u015bniej trafia\u0142 w spotkaniach z HSV, <a href=\"https:\/\/wyniki.sport.pl\/pilka-nozna\/zespoly\/Braga-10264\/#anchorLink\" rel=\"nofollow noopener\" target=\"_blank\">VfB Stuttgart<\/a>, <a href=\"https:\/\/www.sport.pl\/vfl-wolfsburg#anchorLink\" rel=\"nofollow noopener\" target=\"_blank\">VfL Wolfsburg<\/a> i Freiburgiem.<\/p>\n","protected":false},"excerpt":{"rendered":"Jakub Kami\u0144ski kapitalnie otworzy\u0142 sobotni, domowy mecz FC Koeln z Eintrachtem Frankfurt. Skrzyd\u0142owy reprezentacji Polski ju\u017c w czwartej&hellip;\n","protected":false},"author":2,"featured_media":113612,"comment_status":"","ping_status":"","sticky":false,"template":"","format":"standard","meta":{"footnotes":""},"categories":[5],"tags":[32,33,36,37,27,34,35,28,31,25,42,38,40,39,41,29,30,26],"class_list":{"0":"post-113611","1":"post","2":"type-post","3":"status-publish","4":"format-standard","5":"has-post-thumbnail","7":"category-naglowki","8":"tag-breaking-news","9":"tag-breakingnews","10":"tag-featured-news","11":"tag-featurednews","12":"tag-headlines","13":"tag-latest-news","14":"tag-latestnews","15":"tag-naglowki","16":"tag-najwazniejsze-artykuly","17":"tag-news","18":"tag-pl","19":"tag-poland","20":"tag-polish","21":"tag-polska","22":"tag-polski","23":"tag-top-stories","24":"tag-topstories","25":"tag-wiadomosci"},"share_on_mastodon":{"url":"https:\/\/pubeurope.com\/@pl\/115594797111203163","error":""},"_links":{"self":[{"href":"https:\/\/www.europesays.com\/pl\/wp-json\/wp\/v2\/posts\/113611","targetHints":{"allow":["GET"]}}],"collection":[{"href":"https:\/\/www.europesays.com\/pl\/wp-json\/wp\/v2\/posts"}],"about":[{"href":"https:\/\/www.europesays.com\/pl\/wp-json\/wp\/v2\/types\/post"}],"author":[{"embeddable":true,"href":"https:\/\/www.europesays.com\/pl\/wp-json\/wp\/v2\/users\/2"}],"replies":[{"embeddable":true,"href":"https:\/\/www.europesays.com\/pl\/wp-json\/wp\/v2\/comments?post=113611"}],"version-history":[{"count":0,"href":"https:\/\/www.europesays.com\/pl\/wp-json\/wp\/v2\/posts\/113611\/revisions"}],"wp:featuredmedia":[{"embeddable":true,"href":"https:\/\/www.europesays.com\/pl\/wp-json\/wp\/v2\/media\/113612"}],"wp:attachment":[{"href":"https:\/\/www.europesays.com\/pl\/wp-json\/wp\/v2\/media?parent=113611"}],"wp:term":[{"taxonomy":"category","embeddable":true,"href":"https:\/\/www.europesays.com\/pl\/wp-json\/wp\/v2\/categories?post=113611"},{"taxonomy":"post_tag","embeddable":true,"href":"https:\/\/www.europesays.com\/pl\/wp-json\/wp\/v2\/tags?post=113611"}],"curies":[{"name":"wp","href":"https:\/\/api.w.org\/{rel}","templated":true}]}}