{"id":113621,"date":"2025-11-22T18:42:21","date_gmt":"2025-11-22T18:42:21","guid":{"rendered":"https:\/\/www.europesays.com\/pl\/113621\/"},"modified":"2025-11-22T18:42:21","modified_gmt":"2025-11-22T18:42:21","slug":"gdanski-jarmark-bozonarodzeniowy-bije-rekordy-sprawdzilem-ceny-i-atrakcje","status":"publish","type":"post","link":"https:\/\/www.europesays.com\/pl\/113621\/","title":{"rendered":"Gda\u0144ski Jarmark Bo\u017conarodzeniowy bije rekordy. Sprawdzi\u0142em ceny i atrakcje"},"content":{"rendered":"<p class=\"Paragraph_desktopParagraph__U31Gm\">W pi\u0105tek, 21 listopada tu\u017c po godz. 18 wybra\u0142em si\u0119 na Jarmark Bo\u017conarodzeniowy w Gda\u0144sku, kt\u00f3ry w\u0142a\u015bnie tego dnia wystartowa\u0142. To wydarzenie od lat przyci\u0105ga t\u0142umy mieszka\u0144c\u00f3w i turyst\u00f3w, ale tegoroczna edycja okaza\u0142a si\u0119 naprawd\u0119 wyj\u0105tkowa, na odwiedzaj\u0105cych czeka a\u017c 222 stoiska, co stanowi absolutny rekord w historii tego wydarzenia. W\u015br\u00f3d wystawc\u00f3w mo\u017cna znale\u017a\u0107 zar\u00f3wno lokalnych tw\u00f3rc\u00f3w, jak i gastronom\u00f3w, dobrze znanych bywalcom jarmarku oraz przyjezdnych rzemie\u015blnik\u00f3w i przedsi\u0119biorc\u00f3w z r\u00f3\u017cnych region\u00f3w Polski i Europy. Ka\u017cde stoisko kryje co\u015b innego, od r\u0119kodzie\u0142a, przez regionalne smako\u0142yki, a\u017c po unikalne ozdoby \u015bwi\u0105teczne, kt\u00f3rych pr\u00f3\u017cno szuka\u0107 w zwyk\u0142ych sklepach.<\/p>\n<ul class=\"OchatFollowUps_wrapper__1ry7X\">\n<li class=\"OchatFollowUps_item__Dhyly OchatFollowUps_itemDesktop__R6aBv\">Jakie stoisko mia\u0142o najni\u017csze ceny?<\/li>\n<li class=\"OchatFollowUps_item__Dhyly OchatFollowUps_itemDesktop__R6aBv\">Ile kosztuje barszcz na jarmarku?<\/li>\n<li class=\"OchatFollowUps_item__Dhyly OchatFollowUps_itemDesktop__R6aBv\">Jakie kuchnie s\u0105 dost\u0119pne na jarmarku?<\/li>\n<li class=\"OchatFollowUps_item__Dhyly OchatFollowUps_itemDesktop__R6aBv\">Co mo\u017cna kupi\u0107 na stoisku z Kaszubskimi ruchankami?<\/li>\n<\/ul>\n<p><img decoding=\"async\" class=\"Image_image__0tuHp Image_autoHeight__f2n87 \" height=\"528\" width=\"940\" src=\"https:\/\/www.europesays.com\/pl\/wp-content\/uploads\/2025\/11\/5qCk9kpTURBXy9jYjkzMzVlYjE1ZTgyZGQxZGQyNTYyMjcxZDcwOWQyZS5qcGeTlQMAAM0GQM0DhJUCzQOsAMLDlQIAzQJLwsPeA.jpeg\" alt=\"Jarmark Bo\u017conarodzeniowy w Gda\u0144sku\" loading=\"lazy\" \/>szaryburek.pl<\/p>\n<p>Jarmark Bo\u017conarodzeniowy w Gda\u0144sku<\/p>\n<p><img decoding=\"async\" class=\"Image_image__0tuHp Image_autoHeight__f2n87 \" height=\"528\" width=\"940\" src=\"https:\/\/www.europesays.com\/pl\/wp-content\/uploads\/2025\/11\/fX2k9kpTURBXy9iMTU0YzcyMzY5NzFhNTVkOTI2MGIxNmNhOTUwODg1OC5qcGeTlQMAAM0GQM0DhJUCzQOsAMLDlQIAzQJLwsPeA.jpeg\" alt=\"Jarmark Bo\u017conarodzeniowy w Gda\u0144sku\" loading=\"lazy\" \/>szaryburek.pl<\/p>\n<p>Jarmark Bo\u017conarodzeniowy w Gda\u0144sku<\/p>\n<p class=\"Paragraph_desktopParagraph__U31Gm\">W tym roku odwiedzaj\u0105cy b\u0119d\u0105 mieli okazj\u0119 spr\u00f3bowa\u0107 da\u0144 a\u017c z 22 kuchni \u015bwiata, od tradycyjnych polskich specja\u0142\u00f3w po bardziej egzotyczne smaki z Azji. Na jarmarku nie zabraknie r\u00f3wnie\u017c stoisk z wyj\u0105tkowymi ozdobami \u015bwi\u0105tecznymi i oryginalnymi prezentami, a tak\u017ce aromatycznych przysmak\u00f3w z najdalszych zak\u0105tk\u00f3w globu. Go\u015bcie b\u0119d\u0105 mogli zrobi\u0107 pami\u0105tkowe zdj\u0119cia w blasku efektownych iluminacji, kt\u00f3re roz\u015bwietl\u0105 ca\u0142e wydarzenie.<\/p>\n<p><img decoding=\"async\" class=\"Image_image__0tuHp Image_autoHeight__f2n87 \" height=\"528\" width=\"940\" src=\"https:\/\/www.europesays.com\/pl\/wp-content\/uploads\/2025\/11\/rbkk9kpTURBXy80Mzg3ODM0ZmRmMjU3NzkxN2NiYzAwNzA2YmMzOWU5MC5qcGeTlQMAAM0GQM0DhJUCzQOsAMLDlQIAzQJLwsPeA.jpeg\" alt=\"Jarmark Bo\u017conarodzeniowy w Gda\u0144sku\" loading=\"lazy\" \/>szaryburek.pl<\/p>\n<p>Jarmark Bo\u017conarodzeniowy w Gda\u0144sku<\/p>\n<p><img decoding=\"async\" class=\"Image_image__0tuHp Image_autoHeight__f2n87 \" height=\"528\" width=\"940\" src=\"https:\/\/www.europesays.com\/pl\/wp-content\/uploads\/2025\/11\/Yc8k9kpTURBXy9mZWY3YTYyYmNlZWQ4MTNhZmE0NzAwNmQwMjY5YmYyMy5qcGeTlQMAAM0GQM0DhJUCzQOsAMLDlQIAzQJLwsPeA.jpeg\" alt=\"Jarmark Bo\u017conarodzeniowy w Gda\u0144sku\" loading=\"lazy\" \/>szaryburek.pl<\/p>\n<p>Jarmark Bo\u017conarodzeniowy w Gda\u0144sku<\/p>\n<p><img decoding=\"async\" class=\"Image_image__0tuHp Image_autoHeight__f2n87 \" height=\"528\" width=\"940\" src=\"https:\/\/www.europesays.com\/pl\/wp-content\/uploads\/2025\/11\/dfck9kpTURBXy81NWM4YjBjOTk5YWVhMzIyNmMzODcwMTUxOGZiNjJkYy5qcGeTlQMAAM0GQM0DhJUCzQOsAMLDlQIAzQJLwsPeA.jpeg\" alt=\"Jarmark Bo\u017conarodzeniowy w Gda\u0144sku\" loading=\"lazy\" \/>szaryburek.pl<\/p>\n<p>Jarmark Bo\u017conarodzeniowy w Gda\u0144sku<\/p>\n<p class=\"Paragraph_desktopParagraph__U31Gm\">Gda\u0144ski jarmark bo\u017conarodzeniowy cieszy si\u0119 nies\u0142abn\u0105c\u0105 popularno\u015bci\u0105, nic dziwnego, \u017ce w ubieg\u0142ym roku zdoby\u0142 presti\u017cowy tytu\u0142 Najlepszego Jarmarku Bo\u017conarodzeniowego w Europie w konkursie Best Christmas Markets in Europe. Na odwiedzaj\u0105cych czeka tu tradycyjnie \u0142o\u015b Lucek, kt\u00f3ry rozbawia wszystkich swoim nietypowym poczuciem humoru.<\/p>\n<p><img decoding=\"async\" class=\"Image_image__0tuHp Image_autoHeight__f2n87 \" height=\"528\" width=\"940\" src=\"https:\/\/www.europesays.com\/pl\/wp-content\/uploads\/2025\/11\/owYk9kpTURBXy9jNTAwMDBkMGFhODIxZjAxYWNkMDUwMGRlYmQwODBlMi5qcGeSlQLNA6wAwsOVAgDNAkvCw94AA6EwAaExAaEzw.jpeg\" alt=\"\u0141o\u015b Lucek\" loading=\"lazy\" \/>szaryburek.pl<\/p>\n<p>\u0141o\u015b Lucek<\/p>\n<p class=\"Paragraph_desktopParagraph__U31Gm\">Jarmark potrwa do 23 grudnia, oferuj\u0105c \u015bwi\u0105teczn\u0105 atmosfer\u0119, aromatyczne przysmaki i mn\u00f3stwo okazji do zakup\u00f3w prezent\u00f3w idealne miejsce, by poczu\u0107 magi\u0119 nadchodz\u0105cych \u015bwi\u0105t. Z czystej ciekawo\u015bci chcia\u0142em sprawdzi\u0107, co oferuj\u0105 tegoroczne stoiska i czy ceny faktycznie s\u0105 tak wysokie, jak niekt\u00f3rzy na nie narzekaj\u0105.<\/p>\n<p>Czy mo\u017cna tu zje\u015b\u0107 co\u015b naprawd\u0119 tanio? <img decoding=\"async\" class=\"Image_image__0tuHp Image_autoHeight__f2n87 \" height=\"528\" width=\"940\" src=\"https:\/\/www.europesays.com\/pl\/wp-content\/uploads\/2025\/11\/6qpk9kpTURBXy8xOTFlNDFmMGJjOWZiMGRhZmI1OWU2ZGRjYTQyZTlmNC5qcGeTlQMAAM0GQM0DhJUCzQOsAMLDlQIAzQJLwsPeA.jpeg\" alt=\"Menu na jednym ze stragan\u00f3w\" loading=\"lazy\" \/>szaryburek.pl<\/p>\n<p>Menu na jednym ze stragan\u00f3w<\/p>\n<p class=\"Paragraph_desktopParagraph__U31Gm\">S\u0105 na jarmarku stoiska, kt\u00f3re potrafi\u0105 naprawd\u0119 zaciekawi\u0107 swoimi cenami, i w\u0142a\u015bnie jedno z nich warto wyr\u00f3\u017cni\u0107. Dostaniemy tu barszcz 250 ml za 10 z\u0142, bigos z pieczywem za 20 z\u0142, herbat\u0119 0,3 l za 6 z\u0142, pajd\u0119 chleba ze smalcem i og\u00f3rkiem za 12 z\u0142, a tak\u017ce kie\u0142bas\u0119 z grilla podawan\u0105 z pieczywem i sosem za 20 z\u0142. Patrz\u0105c na te propozycje, uwa\u017cam, \u017ce ceny nie s\u0105 tutaj szczeg\u00f3lnie wyg\u00f3rowane i mo\u017cna bez problemu przek\u0105si\u0107 co\u015b naprawd\u0119 tanio.<\/p>\n<p class=\"Paragraph_desktopParagraph__U31Gm\">Przy innych straganach ceny ju\u017c nieco r\u00f3\u017cni\u0142y si\u0119 od siebie. Na przyk\u0142ad tutaj pierogi ruskie w opcji osiem sztuk kosztuj\u0105 34 z\u0142, a nieco bardziej wyrafinowane pierogi z kapust\u0105 i grzybami 36 z\u0142. Je\u015bli mamy ochot\u0119 na co\u015b rozgrzewaj\u0105cego, \u017curek dost\u0119pny jest za 26 z\u0142, a mi\u0142o\u015bnicy plack\u00f3w ziemniaczanych mog\u0105 si\u0119 skusi\u0107 na wersj\u0119 z \u017curawin\u0105, r\u00f3wnie\u017c za 26 z\u0142.<\/p>\n<p><img decoding=\"async\" class=\"Image_image__0tuHp Image_autoHeight__f2n87 \" height=\"553\" width=\"940\" src=\"https:\/\/www.europesays.com\/pl\/wp-content\/uploads\/2025\/11\/Psuk9kpTURBXy9iY2RiMzIyZTYwM2M0NmQ4OWI3N2U3OTBiZTBmM2EzOC5qcGeTlQMAAM0F-M0Dg5UCzQOsAMLDlQIAzQJLwsPeA.jpeg\" alt=\"Pierogi ruskie osiem sztuk za 34 z\u0142\" loading=\"lazy\" \/>szaryburek.pl<\/p>\n<p>Pierogi ruskie osiem sztuk za 34 z\u0142<\/p>\n<p>Kaszubskie ruchanki <img decoding=\"async\" class=\"Image_image__0tuHp Image_autoHeight__f2n87 \" height=\"587\" width=\"856\" src=\"https:\/\/www.europesays.com\/pl\/wp-content\/uploads\/2025\/11\/mEhk9kpTURBXy80YjQ1NDI1ZWI3N2Y4MGRiNzgwMWMyMGIzMGMxMDM1NC5qcGeTlQMAAM0GQM0ESJUCzQOsAMLDlQIAzQJLwsPeA.jpeg\" alt=\"Kaszubskie ruchanki\" loading=\"lazy\" \/>szaryburek.pl<\/p>\n<p>Kaszubskie ruchanki<\/p>\n<p class=\"Paragraph_desktopParagraph__U31Gm\">Zaciekawi\u0142o mnie stoisko o nazwie &#8222;Kaszubskie ruchanki z fjutem&#8221;, a jak si\u0119 dowiedzia\u0142em, s\u0105 to regionalne p\u0105czki z ciasta dro\u017cd\u017cowego, serwowane na ciep\u0142o. Do wyboru mamy tutaj takiego p\u0105czka w cenie od 9 z\u0142, a dodatkowo za p\u0105czka z d\u017cemem zap\u0142acimy 14 z\u0142, natomiast z &#8222;fjutem&#8221;, czyli takim ciemnym syropem, r\u00f3wnie\u017c 14 z\u0142. Ja kupi\u0142em sobie jednego z cukrem pudrem i cynamonem za 9 z\u0142 i, szczerze powiem, by\u0142 naprawd\u0119 smaczny.<\/p>\n<p><img decoding=\"async\" class=\"Image_image__0tuHp Image_autoHeight__f2n87 \" height=\"587\" width=\"423\" src=\"https:\/\/www.europesays.com\/pl\/wp-content\/uploads\/2025\/11\/laRk9kpTURBXy8xZjM4NzA3YTQ2NzcyNmFhYTUyY2Y2MWNhYmNjMTBmOS5qcGeTlQMAAM0Egc0GQJUCzQOsAMLDlQIAzQJLwsPeA.jpeg\" alt=\"Kaszubska ruchanka z cynamonem i cukrem pudrem za 9 z\u0142\" loading=\"lazy\" \/>szaryburek.pl<\/p>\n<p>Kaszubska ruchanka z cynamonem i cukrem pudrem za 9 z\u0142<\/p>\n<p>Kaczuszki za 65 z\u0142 od sztuki <\/p>\n<p class=\"Paragraph_desktopParagraph__U31Gm\">Na kilku stoiskach mo\u017cna by\u0142o znale\u017a\u0107 niekt\u00f3re ceny, kt\u00f3re przyprawi\u0142y mnie o zawr\u00f3t g\u0142owy. Dekoracyjne ma\u0142e bombki choinkowe, kt\u00f3rych ceny zaczyna\u0142y si\u0119 od 20 z\u0142 za sztuk\u0119. Tu\u017c obok uwag\u0119 przyci\u0105ga\u0142y ozdobne ma\u0142e kaczuszki, dost\u0119pne w cenie 65 z\u0142 za sztuk\u0119. Idealne jako dekoracja lub nietuzinkowy prezent.<\/p>\n<p><img decoding=\"async\" class=\"Image_image__0tuHp Image_autoHeight__f2n87 \" height=\"553\" width=\"940\" src=\"https:\/\/www.europesays.com\/pl\/wp-content\/uploads\/2025\/11\/hqJk9kpTURBXy8xNTRkYjExMDVkNWY2NzgxNDQ3ODg2ZmFmNDc3MjdkNi5qcGeTlQMAAM0F-M0Dg5UCzQOsAMLDlQIAzQJLwsPeA.jpeg\" alt=\"Ozdobne bombki choinkowe od 20 z\u0142 za sztuk\u0119\" loading=\"lazy\" \/>szaryburek.pl<\/p>\n<p>Ozdobne bombki choinkowe od 20 z\u0142 za sztuk\u0119<\/p>\n<p><img decoding=\"async\" class=\"Image_image__0tuHp Image_autoHeight__f2n87 \" height=\"553\" width=\"940\" src=\"https:\/\/www.europesays.com\/pl\/wp-content\/uploads\/2025\/11\/cvHk9kpTURBXy8yMzIyODI3Y2Q2OThiZTBlN2FiNzY1YWI3YjI3ODU3Mi5qcGeTlQMAAM0F-M0Dg5UCzQOsAMLDlQIAzQJLwsPeA.jpeg\" alt=\"Ozdobne kaczuszki za 65 z\u0142 od sztuki\" loading=\"lazy\" \/>szaryburek.pl<\/p>\n<p>Ozdobne kaczuszki za 65 z\u0142 od sztuki<\/p>\n<p>Kraftowe zapiekanki <img decoding=\"async\" class=\"Image_image__0tuHp Image_autoHeight__f2n87 \" height=\"587\" width=\"883\" src=\"https:\/\/www.europesays.com\/pl\/wp-content\/uploads\/2025\/11\/qRxk9kpTURBXy80OTBhMzg3YmNkODM3YmZjODZjYWE1NjUxOGUxZTk5ZC5qcGeTlQMAAM0GQM0EJ5UCzQOsAMLDlQIAzQJLwsPeA.jpeg\" alt=\"Kraftowe zapiekanki\" loading=\"lazy\" \/>szaryburek.pl<\/p>\n<p>Kraftowe zapiekanki<\/p>\n<p class=\"Paragraph_desktopParagraph__U31Gm\">Nie zabrak\u0142o na jarmarku tak\u017ce stoisk gastronomicznych, gdzie mo\u017cna by\u0142o kupi\u0107 du\u017ce kraftowe zapiekani za 34 z\u0142, dost\u0119pne w wersjach klasycznej ch\u0142opskiej lub g\u00f3ralskiej. Ja postanowi\u0142em spr\u00f3bowa\u0107 ich najlepszego wyboru, czyli g\u00f3ralskiej w wersji ma\u0142ej, kt\u00f3ra kosztowa\u0142a 22 z\u0142.<\/p>\n<p><img decoding=\"async\" class=\"Image_image__0tuHp Image_autoHeight__f2n87 \" height=\"587\" width=\"818\" src=\"https:\/\/www.europesays.com\/pl\/wp-content\/uploads\/2025\/11\/pM0k9kpTURBXy83ZDMzNWMxODRlMDkzMjcyZGNjMjM1NTBiNTcxNjZkMy5qcGeTlQMAAM0EwM0DaJUCzQOsAMLDlQIAzQJLwsPeA.jpeg\" alt=\"Kraftowe zapiekanki 22 z\u0142 za sztuk\u0119\" loading=\"lazy\" \/>szaryburek.pl<\/p>\n<p>Kraftowe zapiekanki 22 z\u0142 za sztuk\u0119<\/p>\n<p><img decoding=\"async\" class=\"Image_image__0tuHp Image_autoHeight__f2n87 \" height=\"587\" width=\"461\" src=\"https:\/\/www.europesays.com\/pl\/wp-content\/uploads\/2025\/11\/5aFk9kpTURBXy85NzIxYzVhY2JlZDdiNWEwYzllYTE1ZTZmODkwMjkwYS5qcGeTlQMAAM0E6s0GQJUCzQOsAMLDlQIAzQJLwsPeA.jpeg\" alt=\"Zwyk\u0142y Langosz kosztuje 20 z\u0142\" loading=\"lazy\" \/>szaryburek.pl<\/p>\n<p>Zwyk\u0142y Langosz kosztuje 20 z\u0142<\/p>\n<p><img decoding=\"async\" class=\"Image_image__0tuHp Image_autoHeight__f2n87 \" height=\"587\" width=\"419\" src=\"https:\/\/www.europesays.com\/pl\/wp-content\/uploads\/2025\/11\/7qZk9kpTURBXy9iYmNhODAyMzQwZTFmODdjYzM3ZjIwYzg5Y2FmZTI0My5qcGeTlQMAAM0Ed80GQJUCzQOsAMLDlQIAzQJLwsPeA.jpeg\" alt=\"Tr\u00f3jk\u0105t czekoladowy 15 z\u0142 za sztuk\u0119\" loading=\"lazy\" \/>szaryburek.pl<\/p>\n<p>Tr\u00f3jk\u0105t czekoladowy 15 z\u0142 za sztuk\u0119<\/p>\n<p><img decoding=\"async\" class=\"Image_image__0tuHp Image_autoHeight__f2n87 \" height=\"528\" width=\"940\" src=\"https:\/\/www.europesays.com\/pl\/wp-content\/uploads\/2025\/11\/6wjk9kpTURBXy8xNGRiZjYzYmM2N2E4OTRlMDNjZjEzNDI5ZmE2MDM2ZC5qcGeTlQMAAM0GQM0DhJUCzQOsAMLDlQIAzQJLwsPeA.jpeg\" alt=\"Pierniki 25 z\u0142 za sztuk\u0119\" loading=\"lazy\" \/>szaryburek.pl<\/p>\n<p>Pierniki 25 z\u0142 za sztuk\u0119<\/p>\n<p><img decoding=\"async\" class=\"Image_image__0tuHp Image_autoHeight__f2n87 \" height=\"587\" width=\"392\" src=\"https:\/\/www.europesays.com\/pl\/wp-content\/uploads\/2025\/11\/I1uk9kpTURBXy80ZjIxMzJlOTcyMDJhN2Y5ZTU0MTE5NmJmYmU2YTkyYy5qcGeTlQMAAM0EL80GQJUCzQOsAMLDlQIAzQJLwsPeA.jpeg\" alt=\"Podp\u0142omyk 10 z\u0142\" loading=\"lazy\" \/>szaryburek.pl<\/p>\n<p>Podp\u0142omyk 10 z\u0142<\/p>\n<p class=\"Paragraph_desktopParagraph__U31Gm\">Chodz\u0105c po jarmarku, mia\u0142em wra\u017cenie, \u017ce ju\u017c wszystko widzia\u0142em, wiele stoisk wygl\u0105da\u0142o bardzo podobnie jak w zesz\u0142ym roku, cho\u0107 ka\u017cdy drobny detal przyci\u0105ga\u0142 uwag\u0119. Ludzi by\u0142o naprawd\u0119 sporo, momentami trzeba by\u0142o przeciska\u0107 si\u0119 przez t\u0142um, \u017ceby w og\u00f3le zobaczy\u0107 ozdoby na straganach czy podej\u015b\u0107 bli\u017cej do sprzedawc\u00f3w. Kusi\u0142 mnie aromat gor\u0105cej czekolady, klasycznego grza\u0144ca, swojskich w\u0119dlin, oscypk\u00f3w, \u015bwi\u0105tecznych ciast i s\u0142odko\u015bci, kt\u00f3rym trudno by\u0142o si\u0119 oprze\u0107, ale gdybym mia\u0142 wszystkiego spr\u00f3bowa\u0107, musia\u0142bym zostawi\u0107 tu sporo pieni\u0119dzy.<\/p>\n<p><img decoding=\"async\" class=\"Image_image__0tuHp Image_autoHeight__f2n87 \" height=\"587\" width=\"872\" src=\"https:\/\/www.europesays.com\/pl\/wp-content\/uploads\/2025\/11\/hUbk9kpTURBXy9mMTRmZjYxMzY4ZTdkYTViYTk2YWIwZWM0MzUxMjlhOC5qcGeTlQMAAM0GQM0ENZUCzQOsAMLDlQIAzQJLwsPeA.jpeg\" alt=\"Jarmark Bo\u017conarodzeniowy w Gda\u0144sku\" loading=\"lazy\" \/>szaryburek.pl<\/p>\n<p>Jarmark Bo\u017conarodzeniowy w Gda\u0144sku<\/p>\n<p class=\"Paragraph_desktopParagraph__U31Gm\">Nie do wszystkich stragan\u00f3w uda\u0142o mi si\u0119 dopcha\u0107, niekt\u00f3re by\u0142y tak obl\u0119\u017cone, \u017ce jedynym rozwi\u0105zaniem by\u0142o podziwianie z daleka. Chcia\u0142em na przyk\u0142ad spr\u00f3bowa\u0107 langosza, ale kolejka by\u0142a tak d\u0142uga, \u017ce w ko\u0144cu zrezygnowa\u0142em z oczekiwania. Mimo to spacer po jarmarku i tak dostarczy\u0142 mn\u00f3stwo wra\u017ce\u0144 zar\u00f3wno dla oczu, jak i dla podniebienia.<\/p>\n<p><img decoding=\"async\" class=\"Image_image__0tuHp Image_autoHeight__f2n87 \" height=\"528\" width=\"940\" src=\"https:\/\/www.europesays.com\/pl\/wp-content\/uploads\/2025\/11\/ubek9kpTURBXy81ZjI2ODgwYmU1MDc1MDRiOWNkZDg5Yjc3M2IyMjk5Mi5qcGeTlQMAAM0GQM0DhJUCzQOsAMLDlQIAzQJLwsPeA.jpeg\" alt=\"Jarmark Bo\u017conarodzeniowy w Gda\u0144sku\" loading=\"lazy\" \/>szaryburek.pl<\/p>\n<p>Jarmark Bo\u017conarodzeniowy w Gda\u0144sku<\/p>\n<p><img decoding=\"async\" class=\"Image_image__0tuHp Image_autoHeight__f2n87 \" height=\"528\" width=\"940\" src=\"https:\/\/www.europesays.com\/pl\/wp-content\/uploads\/2025\/11\/4N3k9kpTURBXy8xOTg4ZTRkZmM1NjQ5NmE3OWNhYTAzNzE5NzE4MDYwOC5qcGeTlQMAAM0GQM0DhJUCzQOsAMLDlQIAzQJLwsPeA.jpeg\" alt=\"Jarmark Bo\u017conarodzeniowy w Gda\u0144sku\" loading=\"lazy\" \/>szaryburek.pl<\/p>\n<p>Jarmark Bo\u017conarodzeniowy w Gda\u0144sku<\/p>\n","protected":false},"excerpt":{"rendered":"W pi\u0105tek, 21 listopada tu\u017c po godz. 18 wybra\u0142em si\u0119 na Jarmark Bo\u017conarodzeniowy w Gda\u0144sku, kt\u00f3ry w\u0142a\u015bnie tego&hellip;\n","protected":false},"author":2,"featured_media":113622,"comment_status":"","ping_status":"","sticky":false,"template":"","format":"standard","meta":{"footnotes":""},"categories":[12],"tags":[1009,32,33,36,37,27,34,35,28,31,53,25,52,68,51,55,42,38,40,39,41,47,196,24799,29,30,50,26],"class_list":{"0":"post-113621","1":"post","2":"type-post","3":"status-publish","4":"format-standard","5":"has-post-thumbnail","7":"category-polska","8":"tag-anejus","9":"tag-breaking-news","10":"tag-breakingnews","11":"tag-featured-news","12":"tag-featurednews","13":"tag-headlines","14":"tag-latest-news","15":"tag-latestnews","16":"tag-naglowki","17":"tag-najwazniejsze-artykuly","18":"tag-new_header","19":"tag-news","20":"tag-onet3","21":"tag-onet3d","22":"tag-onet3d_2i","23":"tag-phx","24":"tag-pl","25":"tag-poland","26":"tag-polish","27":"tag-polska","28":"tag-polski","29":"tag-screening_general","30":"tag-styl_zycia","31":"tag-szaryburekpl","32":"tag-top-stories","33":"tag-topstories","34":"tag-v2021","35":"tag-wiadomosci"},"share_on_mastodon":{"url":"https:\/\/pubeurope.com\/@pl\/115594825191869603","error":""},"_links":{"self":[{"href":"https:\/\/www.europesays.com\/pl\/wp-json\/wp\/v2\/posts\/113621","targetHints":{"allow":["GET"]}}],"collection":[{"href":"https:\/\/www.europesays.com\/pl\/wp-json\/wp\/v2\/posts"}],"about":[{"href":"https:\/\/www.europesays.com\/pl\/wp-json\/wp\/v2\/types\/post"}],"author":[{"embeddable":true,"href":"https:\/\/www.europesays.com\/pl\/wp-json\/wp\/v2\/users\/2"}],"replies":[{"embeddable":true,"href":"https:\/\/www.europesays.com\/pl\/wp-json\/wp\/v2\/comments?post=113621"}],"version-history":[{"count":0,"href":"https:\/\/www.europesays.com\/pl\/wp-json\/wp\/v2\/posts\/113621\/revisions"}],"wp:featuredmedia":[{"embeddable":true,"href":"https:\/\/www.europesays.com\/pl\/wp-json\/wp\/v2\/media\/113622"}],"wp:attachment":[{"href":"https:\/\/www.europesays.com\/pl\/wp-json\/wp\/v2\/media?parent=113621"}],"wp:term":[{"taxonomy":"category","embeddable":true,"href":"https:\/\/www.europesays.com\/pl\/wp-json\/wp\/v2\/categories?post=113621"},{"taxonomy":"post_tag","embeddable":true,"href":"https:\/\/www.europesays.com\/pl\/wp-json\/wp\/v2\/tags?post=113621"}],"curies":[{"name":"wp","href":"https:\/\/api.w.org\/{rel}","templated":true}]}}