{"id":113630,"date":"2025-11-22T18:47:22","date_gmt":"2025-11-22T18:47:22","guid":{"rendered":"https:\/\/www.europesays.com\/pl\/113630\/"},"modified":"2025-11-22T18:47:22","modified_gmt":"2025-11-22T18:47:22","slug":"nowa-emerytura-w-polsce-od-dwoch-lat-kto-i-jak-oszczedza","status":"publish","type":"post","link":"https:\/\/www.europesays.com\/pl\/113630\/","title":{"rendered":"Nowa emerytura w Polsce od dw\u00f3ch lat. Kto i jak oszcz\u0119dza?"},"content":{"rendered":"<p><a href=\"https:\/\/kreator.wp.pl\" class=\"wp-label-creator\" rel=\"nofollow noopener\" target=\"_blank\">Kreator<\/a>Tre\u015b\u0107 pochodzi od naszego partnera i zosta\u0142a opublikowana w ramach programu\u00a0<a href=\"https:\/\/kreator.wp.pl\" class=\"wp-creator-link\" rel=\"nofollow noopener\" target=\"_blank\">WP Kreator<\/a> <\/p>\n<p>Mo\u017cliwo\u015b\u0107 oszcz\u0119dzania na emerytur\u0119 w\u00a0ramach OIPE (<a href=\"https:\/\/www.money.pl\/emerytury\/michal-zulawinski\/europejska-emerytura-dostepna-w-polsce-oferuja-ja-nam-slowacy-6971555429522048a.html\" rel=\"noopener noreferrer nofollow\" target=\"_blank\">og\u00f3lnoeuropejski indywidualny produkt emerytalny<\/a>) pojawi\u0142a si\u0119 w\u00a0Polsce w\u00a0czwartym kwartale 2023 roku. Po dw\u00f3ch latach liczba oszcz\u0119dzaj\u0105cych w\u00a0ten spos\u00f3b zbli\u017ca si\u0119 do 7,5 tysi\u0105ca (w tym ponad 6,5 tysi\u0105ca os\u00f3b aktywnie oszcz\u0119dza).<\/p>\n<p>Warto\u015b\u0107 aktyw\u00f3w OIPE na koniec pa\u017adziernika 2025 roku wynosi\u0142a ponad 190 mln z\u0142. Cz\u0119\u015bciej oszcz\u0119dzaj\u0105 tak m\u0119\u017cczy\u017ani. Posiadaczek OIPE jest 31 proc. Najliczniejsza grupa wiekowa to osoby w\u00a0wieku 40-49 lat. Co trzeci posiadacz OIPE deklaruje, \u017ce chce dokona\u0107 jednorazowej wyp\u0142aty \u015brodk\u00f3w, co oznacza, \u017ce dwie trzecie posiadaczy deklaruje ch\u0119\u0107 ratalnej wyp\u0142aty \u015brodk\u00f3w.<\/p>\n<p>&#8222;Pi\u0119kna i\u00a0tragiczna&#8221;. Przypomina histori\u0119 polskiej firmy <\/p>\n<p>  <img role=\"presentation\" class=\"absolute left-1\/2 top-1\/2 max-h-[80%] max-w-[100px] -translate-x-1\/2 -translate-y-1\/2\" src=\"https:\/\/v.wpimg.pl\/ZXJfd3AudTkrBBIAbg54LGhcRlAxHQUrPgJGH2MAeGJoSQ1eIBI_K2UHAEVuBTY5KQMMXC0RPyoVERQdMgM9ejc\" loading=\"lazy\" decoding=\"async\"\/> <\/p>\n<p>W\u00a0ostatnich dniach zosta\u0142 opublikowany limit wp\u0142at w\u00a0ramach OIPE na 2026 rok \u2013wynosi\u0107 b\u0119dzie 28 260 z\u0142. Warto pami\u0119ta\u0107, \u017ce do ko\u0144ca roku mo\u017cna wykorzysta\u0107 jeszcze tegoroczny limit \u2013 26 019 z\u0142.<\/p>\n<p>System emerytalny w\u00a0Polsce to:<\/p>\n<ul>\n<li>I filar \u2013\u00a0ZUS oraz OFE <\/li>\n<li>II filar \u2013\u00a0PPE oraz PPK<\/li>\n<li>III filar \u2013\u00a0IKE, IKZE oraz OIPE \u2013\u00a0s\u0105 to indywidualne produkty, kt\u00f3re umo\u017cliwiaj\u0105 ka\u017cdemu budowanie dodatkowych oszcz\u0119dno\u015bci emerytalnych.<\/li>\n<\/ul>\n<p> <img role=\"presentation\" class=\"absolute left-1\/2 top-1\/2 max-h-[80%] max-w-[100px] -translate-x-1\/2 -translate-y-1\/2\" src=\"https:\/\/v.wpimg.pl\/ZXJfd3AudTkrBBIAbg54LGhcRlAxHQUrPgJGH2MAeGJoSQ1eIBI_K2UHAEVuBTY5KQMMXC0RPyoVERQdMgM9ejc\" loading=\"lazy\" decoding=\"async\"\/>     <img decoding=\"async\" src=\"https:\/\/www.europesays.com\/pl\/wp-content\/uploads\/2025\/11\/ZDBiY2JjdSUjCy8BZRF4MGBTe1sjSHZmN0tjEGUJdXJwWiEHfFp1IisFPEAvGjVqJRssQisdKmoyBXZTOgN1MnNGPVs5GjYlO0Y8.jpeg\" width=\"623\" height=\"560\" loading=\"lazy\" class=\"wp-media-image\" alt=\"Debata emerytalna\" data-lightbox=\"true\"\/>  \u00a9 Oskar Sobolewski | Debata emerytalna<\/p>\n<p>Nowa mo\u017cliwo\u015b\u0107 oszcz\u0119dzania na\u00a0emerytur\u0119 <\/p>\n<p>Zgodnie z\u00a0pomys\u0142em UE OIPE jest form\u0105 budowania kapita\u0142u, kt\u00f3ra ma zapewni\u0107 obywatelom UE nowe mo\u017cliwo\u015bci oszcz\u0119dzania na emerytur\u0119. Jego zalet\u0105 jest to, \u017ce posiadacze konta maj\u0105 mo\u017cliwo\u015b\u0107 przenoszenia OIPE przy zmianie miejsca zamieszkania z\u00a0jednego pa\u0144stwa cz\u0142onkowskiego UE do innego.<\/p>\n<p>Polskie przepisy przewiduj\u0105, \u017ce na koncie OIPE mo\u017ce gromadzi\u0107 oszcz\u0119dno\u015bci wy\u0142\u0105cznie jeden oszcz\u0119dzaj\u0105cy. Prawo do wp\u0142at na subkonto przys\u0142uguje osobie fizycznej, kt\u00f3ra uko\u0144czy\u0142a 15 lat. <\/p>\n<p> <img role=\"presentation\" class=\"absolute left-1\/2 top-1\/2 max-h-[80%] max-w-[100px] -translate-x-1\/2 -translate-y-1\/2\" src=\"https:\/\/v.wpimg.pl\/ZXJfd3AudTkrBBIAbg54LGhcRlAxHQUrPgJGH2MAeGJoSQ1eIBI_K2UHAEVuBTY5KQMMXC0RPyoVERQdMgM9ejc\" loading=\"lazy\" decoding=\"async\"\/> <a href=\"https:\/\/www.money.pl\/emerytury\/oskar-sobolewski\/wazna-zmiana-dla-czesci-emerytow-od-1-grudnia-wyzsze-limity-dorabiania-7221868532476800a.html\" class=\"teaser-inline\" rel=\"nofollow noopener\" target=\"_blank\">  <img decoding=\"async\" src=\"https:\/\/www.europesays.com\/pl\/wp-content\/uploads\/2025\/11\/MDUxZmRhYiU0GixefRNvMHdCeAQ7SmFmIFpgT31Zf3xlAHULOwQoNjAINUM1Gjg0NA8qQyIEYiUlEXUbY0cpLSYINgwrRygpNx0-.jpeg\" width=\"0\" height=\"0\" loading=\"lazy\" class=\"wp-media-image cropped\" alt=\"Wa\u017cna zmiana dla cz\u0119\u015bci emeryt\u00f3w. Od 1 grudnia wy\u017csze limity dorabiania\"\/><\/p>\n<p>Wa\u017cna zmiana dla cz\u0119\u015bci emeryt\u00f3w. Od 1 grudnia wy\u017csze limity dorabiania<\/p>\n<p><\/a> <\/p>\n<p>Wyp\u0142ata \u015brodk\u00f3w mo\u017ce nast\u0105pi\u0107 w\u00a0formie jednorazowej lub ratalnej. Wyp\u0142ata pieni\u0119dzy zgromadzonych na subkoncie OIPE nast\u0119puje wy\u0142\u0105cznie:<\/p>\n<p>1) na wniosek oszcz\u0119dzaj\u0105cego po osi\u0105gni\u0119ciu przez niego wieku 60 lat lub nabyciu uprawnie\u0144 emerytalnych i\u00a0uko\u0144czeniu 55. roku \u017cycia oraz spe\u0142nieniu warunku:<\/p>\n<p> <img role=\"presentation\" class=\"absolute left-1\/2 top-1\/2 max-h-[80%] max-w-[100px] -translate-x-1\/2 -translate-y-1\/2\" src=\"https:\/\/v.wpimg.pl\/ZXJfd3AudTkrBBIAbg54LGhcRlAxHQUrPgJGH2MAeGJoSQ1eIBI_K2UHAEVuBTY5KQMMXC0RPyoVERQdMgM9ejc\" loading=\"lazy\" decoding=\"async\"\/> <\/p>\n<p>a. dokonywania wp\u0142at na subkonto OIPE co najmniej w\u00a0pi\u0119ciu\u00a0dowolnych latach kalendarzowych albo<\/p>\n<p>b. dokonania ponad po\u0142owy warto\u015bci wp\u0142at nie p\u00f3\u017aniej ni\u017c na 5\u00a0lat przed dniem z\u0142o\u017cenia wniosku o\u00a0dokonanie wyp\u0142aty;<\/p>\n<p>2) na wniosek osoby uprawnionej \u2013\u00a0w\u00a0przypadku \u015bmierci oszcz\u0119dzaj\u0105cego.<\/p>\n<p> <img role=\"presentation\" class=\"absolute left-1\/2 top-1\/2 max-h-[80%] max-w-[100px] -translate-x-1\/2 -translate-y-1\/2\" src=\"https:\/\/v.wpimg.pl\/ZXJfd3AudTkrBBIAbg54LGhcRlAxHQUrPgJGH2MAeGJoSQ1eIBI_K2UHAEVuBTY5KQMMXC0RPyoVERQdMgM9ejc\" loading=\"lazy\" decoding=\"async\"\/>     <img decoding=\"async\" src=\"https:\/\/www.europesays.com\/pl\/wp-content\/uploads\/2025\/11\/NzQwMTEzYRswFTtnagFsDnNNbz0sWGJYJFV3dmoZYU9gRDVgc0JhHDgbKCYgCiFUNgU4JCQNPlQhG2I1NRNhDGBYKT02CiIbKFgo.jpeg\" width=\"513\" height=\"468\" loading=\"lazy\" class=\"wp-media-image\" alt=\"DE\" data-lightbox=\"true\"\/>  \u00a9 Oskar Sobolewski | Debata emerytalna<\/p>\n<p>IKE, IKZE oraz OIPE <\/p>\n<p>Przepisy umo\u017cliwiaj\u0105 posiadanie zar\u00f3wno IKE, IKZE jak i\u00a0OIPE, co oznacza, \u017ce ka\u017cda uprawniona osoba mo\u017ce mie\u0107 w\u00a0sumie trzy produkty indywidualne w\u00a0kt\u00f3rych mo\u017cna oszcz\u0119dza\u0107 na emerytur\u0119. Roczne limity wp\u0142at do OIPE i\u00a0IKE s\u0105 takie same i\u00a0w\u00a02025 roku wynosz\u0105 po 26 019 z\u0142. <\/p>\n<p> <a href=\"https:\/\/www.money.pl\/gospodarka\/oskar-sobolewski\/nowe-srodki-juz-na-kontach-w-ppk-ponad-95-tys-osob-otrzymalo-wplate-powitalna-7222409766779840a.html\" class=\"teaser-inline\" rel=\"nofollow noopener\" target=\"_blank\">  <img decoding=\"async\" src=\"https:\/\/www.europesays.com\/pl\/wp-content\/uploads\/2025\/11\/OTc1ZWRjYDUCUyxkfRFtIEELeD47SGN2FhNgdX1bfWxTSXUxOwYqJgZBNXk1GDokAkYqeSIGYDUTWHUhY0UrPRBBNjYrRSo5AVQ-.jpeg\" width=\"0\" height=\"0\" loading=\"lazy\" class=\"wp-media-image cropped\" alt=\"Nowe \u015brodki ju\u017c na kontach w PPK. Ponad 95 tys. os\u00f3b otrzyma\u0142o wp\u0142at\u0119 powitaln\u0105\"\/><\/p>\n<p>Nowe \u015brodki ju\u017c na kontach w PPK. Ponad 95 tys. os\u00f3b otrzyma\u0142o wp\u0142at\u0119 powitaln\u0105<\/p>\n<p><\/a> <img role=\"presentation\" class=\"absolute left-1\/2 top-1\/2 max-h-[80%] max-w-[100px] -translate-x-1\/2 -translate-y-1\/2\" src=\"https:\/\/v.wpimg.pl\/ZXJfd3AudTkrBBIAbg54LGhcRlAxHQUrPgJGH2MAeGJoSQ1eIBI_K2UHAEVuBTY5KQMMXC0RPyoVERQdMgM9ejc\" loading=\"lazy\" decoding=\"async\"\/> <\/p>\n<p>W\u00a0przypadku IKZE limity s\u0105 dwa: dla &#8222;zwyk\u0142ego IKZE&#8221; wynosi 10 407,60 z\u0142, natomiast limit wp\u0142at na indywidualne konto zabezpieczenia emerytalnego osoby, kt\u00f3ra prowadzi pozarolnicz\u0105 dzia\u0142alno\u015b\u0107 wynosi 15 611,40 z\u0142 w\u00a02025 roku.<\/p>\n<p>Oskar Sobolewski, ekspert emerytalny i\u00a0rynku pracy w\u00a0HRK Payroll Consulting<\/p>\n","protected":false},"excerpt":{"rendered":"KreatorTre\u015b\u0107 pochodzi od naszego partnera i zosta\u0142a opublikowana w ramach programu\u00a0WP Kreator Mo\u017cliwo\u015b\u0107 oszcz\u0119dzania na emerytur\u0119 w\u00a0ramach OIPE&hellip;\n","protected":false},"author":2,"featured_media":113631,"comment_status":"","ping_status":"","sticky":false,"template":"","format":"standard","meta":{"footnotes":""},"categories":[16],"tags":[113,112,42,38,40,39,41],"class_list":{"0":"post-113630","1":"post","2":"type-post","3":"status-publish","4":"format-standard","5":"has-post-thumbnail","7":"category-biznes","8":"tag-biznes","9":"tag-business","10":"tag-pl","11":"tag-poland","12":"tag-polish","13":"tag-polska","14":"tag-polski"},"share_on_mastodon":{"url":"https:\/\/pubeurope.com\/@pl\/115594844582267876","error":""},"_links":{"self":[{"href":"https:\/\/www.europesays.com\/pl\/wp-json\/wp\/v2\/posts\/113630","targetHints":{"allow":["GET"]}}],"collection":[{"href":"https:\/\/www.europesays.com\/pl\/wp-json\/wp\/v2\/posts"}],"about":[{"href":"https:\/\/www.europesays.com\/pl\/wp-json\/wp\/v2\/types\/post"}],"author":[{"embeddable":true,"href":"https:\/\/www.europesays.com\/pl\/wp-json\/wp\/v2\/users\/2"}],"replies":[{"embeddable":true,"href":"https:\/\/www.europesays.com\/pl\/wp-json\/wp\/v2\/comments?post=113630"}],"version-history":[{"count":0,"href":"https:\/\/www.europesays.com\/pl\/wp-json\/wp\/v2\/posts\/113630\/revisions"}],"wp:featuredmedia":[{"embeddable":true,"href":"https:\/\/www.europesays.com\/pl\/wp-json\/wp\/v2\/media\/113631"}],"wp:attachment":[{"href":"https:\/\/www.europesays.com\/pl\/wp-json\/wp\/v2\/media?parent=113630"}],"wp:term":[{"taxonomy":"category","embeddable":true,"href":"https:\/\/www.europesays.com\/pl\/wp-json\/wp\/v2\/categories?post=113630"},{"taxonomy":"post_tag","embeddable":true,"href":"https:\/\/www.europesays.com\/pl\/wp-json\/wp\/v2\/tags?post=113630"}],"curies":[{"name":"wp","href":"https:\/\/api.w.org\/{rel}","templated":true}]}}