{"id":113634,"date":"2025-11-22T18:49:08","date_gmt":"2025-11-22T18:49:08","guid":{"rendered":"https:\/\/www.europesays.com\/pl\/113634\/"},"modified":"2025-11-22T18:49:08","modified_gmt":"2025-11-22T18:49:08","slug":"wykonawcy-o-zatorach-w-czystym-powietrzu-skandaliczna-sytuacja-business-insider-polska","status":"publish","type":"post","link":"https:\/\/www.europesays.com\/pl\/113634\/","title":{"rendered":"Wykonawcy o zatorach w Czystym powietrzu. &quot;Skandaliczna sytuacja&quot; &#8211; Business Insider Polska"},"content":{"rendered":"<ol>\n<li><a href=\"https:\/\/news.google.com\/rss\/articles\/CBMiygFBVV95cUxPN05ycnRuY1IwSmpfclJHSG9ZbFA1SlFkMGs1X3BMZWNaYkNJaWNlUWl4SGhUZ09DSjlNaDZSTmRKRGlwaUNjZklSVmJjcm13M21XNU5aVGlyZzgzdG1lQjlBZGdpX2Naal9QY1V0QmZkLWdtSGlCdzU2SmpmT1VKUk5raVZCbGQ1T1ZhbHJaRGVlbDdFdXJiU3NQYkZjNVZVWWNqYWFmQnllRVNNLWRtcjYtMHczUVAwQTNZUUZ1d203UVpXQ0FaeFFn?oc=5\" target=\"_blank\" rel=\"nofollow noopener\">Wykonawcy o zatorach w Czystym powietrzu. &#8222;Skandaliczna sytuacja&#8221;<\/a>&nbsp;&nbsp;Business Insider Polska<\/li>\n<li><a href=\"https:\/\/news.google.com\/rss\/articles\/CBMi1AFBVV95cUxNV2R3bzROaVAxcWR6TmcwamhNOVNMR1pCVk1IczhCNFluTTl1eWdlMklvVFB2a3NIbEwya2FaMFlJT2x2RGhTaGFNbmp2c1RPZWQwZTVsUElvTi1ZT09jMzV2ZXVYMEl5T2xnWFlLaWdNSWoteWR3d1RtZ3doOGtHYU9iaFJXUVkzQlp6MExHUTByVzFzTWViNHpSM2l5QjVCLXVZbHRNcjFqYzhvX0k1RE5wSDNxV0owR3k2SFpiMVpEV3ZUeEpPUVRvTmdwVEVkS2FwUg?oc=5\" target=\"_blank\" rel=\"nofollow noopener\">Nabici w termomodernizacj\u0119. W\u0142a\u015bciciele dom\u00f3w dostaj\u0105 wezwania do zap\u0142aty<\/a>&nbsp;&nbsp;Portal Samorz\u0105dowy<\/li>\n<li><a href=\"https:\/\/news.google.com\/rss\/articles\/CBMioAFBVV95cUxOcVoxYnZDMzNoS2JyenN6cFBZdWtTcXJOMERaU0dyRXJzOGVvbF90M2tHTmtadnRRM1FURjNDTjF4Zy1PbndzSVhqOFE4LVZWRURTN1VVY3Z3Z2tYSWZEa2REaXVrUVl4NHJhY3doQVh2anFET0RSank3TGUwZy1sSEtXbzZqczNOQTBmRWtVLUs1UUZueTdYSDcwRFlpV3NJ?oc=5\" target=\"_blank\" rel=\"nofollow noopener\">Pomoc dla oszukanych beneficjent\u00f3w rz\u0105dowego programu. &#8222;13 tysi\u0119cy rodzin&#8221;<\/a>&nbsp;&nbsp;TOK FM<\/li>\n<li><a href=\"https:\/\/news.google.com\/rss\/articles\/CBMi0wFBVV95cUxOeUg3QVVmamdlWjVVbzh0S2NqZlJMcGc1M2Q0bWNXNElkSmdrbThoSmI4Y0FIZ2FsMUlRYUphNGdncGxjdFNiN0ZNN2J6YWl3Q1hIYjlFRGJpUm5YdkgtYjIxdVJDajNpUmNZMXpCYkRkcmhMVU9qdkUzMGZqVzlkZmFvOVRWeVFKaXJpazF1Nm85NUhNcGNrcWQ4T1M1bll3MGt0QlBvQl9uem4zZFptakU1MHJVM1Zib1hrWVBsVm92eXZFR3I3a3kxWG1oM1hRV3RV?oc=5\" target=\"_blank\" rel=\"nofollow noopener\">Problemy beneficjent\u00f3w rz\u0105dowego programu. \u201eMusz\u0119 sprzeda\u0107 maszyny, \u017ceby sp\u0142aci\u0107 okna\u201d<\/a>&nbsp;&nbsp;wnp.pl<\/li>\n<li><a href=\"https:\/\/news.google.com\/rss\/articles\/CBMi2AFBVV95cUxNM1ZGYmdiMnNLLWdHYm1wQ0xaU2VlbzJrN2lXUXpNakVVY1N6T1pmZGYxTTZibzRkNzQ1TnhaOWk1Qm9QUVVzczBoX09TQUVtZTVDUzctOTRONEFyZkZ5QXliaVhrODhBaExRNnotdzNlRmhXWWdXMVlJZm9YUUtvbUNkcnAyOTJFZmpYaWFxNzVCbnFQOWFIcTJ4UWJvTkV1bTl4Ynd6UVNnQ0loSUdBSnBLTUdvWFRxbU1sRm5Hc3hYbXdKbmtPSWJjOFVBZUlaRzhuSTdJdDk?oc=5\" target=\"_blank\" rel=\"nofollow noopener\">Ustawa dla poszkodowanych beneficjent\u00f3w programu Czyste Powietrze trafi\u0142a do prac rz\u0105du<\/a>&nbsp;&nbsp;Gramwzielone.pl<\/li>\n<\/ol>\n","protected":false},"excerpt":{"rendered":"Wykonawcy o zatorach w Czystym powietrzu. &#8222;Skandaliczna sytuacja&#8221;&nbsp;&nbsp;Business Insider Polska Nabici w termomodernizacj\u0119. W\u0142a\u015bciciele dom\u00f3w dostaj\u0105 wezwania do&hellip;\n","protected":false},"author":2,"featured_media":113635,"comment_status":"","ping_status":"","sticky":false,"template":"","format":"standard","meta":{"footnotes":""},"categories":[12],"tags":[32,33,36,37,27,34,35,28,31,25,42,38,40,39,41,29,30,26],"class_list":{"0":"post-113634","1":"post","2":"type-post","3":"status-publish","4":"format-standard","5":"has-post-thumbnail","7":"category-polska","8":"tag-breaking-news","9":"tag-breakingnews","10":"tag-featured-news","11":"tag-featurednews","12":"tag-headlines","13":"tag-latest-news","14":"tag-latestnews","15":"tag-naglowki","16":"tag-najwazniejsze-artykuly","17":"tag-news","18":"tag-pl","19":"tag-poland","20":"tag-polish","21":"tag-polska","22":"tag-polski","23":"tag-top-stories","24":"tag-topstories","25":"tag-wiadomosci"},"share_on_mastodon":{"url":"https:\/\/pubeurope.com\/@pl\/115594852163986243","error":""},"_links":{"self":[{"href":"https:\/\/www.europesays.com\/pl\/wp-json\/wp\/v2\/posts\/113634","targetHints":{"allow":["GET"]}}],"collection":[{"href":"https:\/\/www.europesays.com\/pl\/wp-json\/wp\/v2\/posts"}],"about":[{"href":"https:\/\/www.europesays.com\/pl\/wp-json\/wp\/v2\/types\/post"}],"author":[{"embeddable":true,"href":"https:\/\/www.europesays.com\/pl\/wp-json\/wp\/v2\/users\/2"}],"replies":[{"embeddable":true,"href":"https:\/\/www.europesays.com\/pl\/wp-json\/wp\/v2\/comments?post=113634"}],"version-history":[{"count":0,"href":"https:\/\/www.europesays.com\/pl\/wp-json\/wp\/v2\/posts\/113634\/revisions"}],"wp:featuredmedia":[{"embeddable":true,"href":"https:\/\/www.europesays.com\/pl\/wp-json\/wp\/v2\/media\/113635"}],"wp:attachment":[{"href":"https:\/\/www.europesays.com\/pl\/wp-json\/wp\/v2\/media?parent=113634"}],"wp:term":[{"taxonomy":"category","embeddable":true,"href":"https:\/\/www.europesays.com\/pl\/wp-json\/wp\/v2\/categories?post=113634"},{"taxonomy":"post_tag","embeddable":true,"href":"https:\/\/www.europesays.com\/pl\/wp-json\/wp\/v2\/tags?post=113634"}],"curies":[{"name":"wp","href":"https:\/\/api.w.org\/{rel}","templated":true}]}}