{"id":113655,"date":"2025-11-22T19:05:12","date_gmt":"2025-11-22T19:05:12","guid":{"rendered":"https:\/\/www.europesays.com\/pl\/113655\/"},"modified":"2025-11-22T19:05:12","modified_gmt":"2025-11-22T19:05:12","slug":"pijany-mezczyzna-z-dzieckiem-w-czestochowie-bohaterska-postawa-kobiety","status":"publish","type":"post","link":"https:\/\/www.europesays.com\/pl\/113655\/","title":{"rendered":"Pijany m\u0119\u017cczyzna z dzieckiem w Cz\u0119stochowie. Bohaterska postawa kobiety"},"content":{"rendered":"<p class=\"article-p\" data-section=\"detail-body\"><a href=\"https:\/\/www.fakt.pl\/wydarzenia\/polska\/trojmiasto\/karsin-pozar-odebral-im-dorobek-zycia-rodzina-borowskich-potrzebuje-pomocy\/hz5bsc1\" id=\"e7a3186c-d72a-456d-8b4c-fe80a585e10f\" rel=\"nofollow noopener\" target=\"_blank\">Dramatyczne sceny<\/a> rozegra\u0142y si\u0119 w \u015brod\u0119, 20 listopada, oko\u0142o godziny 15.45 przy ulicy Waszyngtona w Cz\u0119stochowie.<\/p>\n<p class=\"article-p\" data-section=\"detail-body\">Zobacz tak\u017ce: <a href=\"https:\/\/www.fakt.pl\/wydarzenia\/polska\/trojmiasto\/pruszcz-gdanski-tajemnicze-zaginiecie-lecha-nowaka-policja-apeluje-o-pomoc\/h5x1trj\" id=\"b0c4282e-384c-4b55-af51-d8eadf623989\" rel=\"nofollow noopener\" target=\"_blank\">Tajemnicze zagini\u0119cie ojca radnego z Pomorza. Zrozpaczona rodzina prosi o pomoc<\/a><\/p>\n<p>        Cz\u0119stochowa. Pijany m\u0119\u017cczyzna prowadzi\u0142 w\u00f3zek z dzieckiem<\/p>\n<p class=\"article-p\" data-section=\"detail-body\">Przechodz\u0105ca tamt\u0119dy kobieta zwr\u00f3ci\u0142a uwag\u0119 na m\u0119\u017cczyzn\u0119, kt\u00f3rego zachowanie wskazywa\u0142o, \u017ce mo\u017ce znajdowa\u0107 si\u0119 pod wp\u0142ywem alkoholu, a jednocze\u015bnie prowadzi\u0142 on w\u00f3zek z ma\u0142ym dzieckiem. Kobieta podj\u0119\u0142a pr\u00f3b\u0119 rozmowy, jednak m\u0119\u017cczyzna oddala\u0142 si\u0119 z miejsca. Pomimo pr\u00f3\u015bb kierowanych do przechodni\u00f3w o pomoc, nikt nie zareagowa\u0142<\/p>\n<p class=\"article-p\" data-section=\"detail-body\">\u2014 relacjonuje podkomisarz Barbara Pozna\u0144ska z Komendy Miejskiej Policji w Cz\u0119stochowie.<\/p>\n<p class=\"article-p\" data-section=\"detail-body\">Na szcz\u0119\u015bcie nie wszyscy wykazali si\u0119 oboj\u0119tno\u015bci\u0105. W pobli\u017cu Urz\u0119du Miasta sytuacj\u0119 zauwa\u017cy\u0142o dw\u00f3ch m\u0119\u017cczyzn, kt\u00f3rzy udzielili kobiecie wsparcia i pomogli zatrzyma\u0107 45-latka. Nie miejsce wezwano policj\u0119.<\/p>\n<p class=\"article-p\" data-section=\"detail-body\">Funkcjonariusze potwierdzili podejrzenia \u015bwiadka \u2014 badanie stanu trze\u017awo\u015bci wykaza\u0142o u m\u0119\u017cczyzny prawie 2,5 promila alkoholu w organizmie. Policjanci ustalili tak\u017ce, \u017ce jest on osob\u0105 poszukiwan\u0105 przez S\u0105d Rejonowy Gda\u0144sk-P\u00f3\u0142noc<\/p>\n<p class=\"article-p\" data-section=\"detail-body\">\u2014 informuje rzeczniczka policji.<\/p>\n<p>        Pijany ojciec by\u0142 poszukiwany przez policj\u0119<\/p>\n<p class=\"article-p\" data-section=\"detail-body\">Do czasu przyjazdu zespo\u0142u ratownictwa medycznego czteromiesi\u0119czn\u0105 dziewczynk\u0105 zaj\u0119li si\u0119 interweniuj\u0105cy \u015bwiadkowie. Po ocenie stanu zdrowia ustalono, \u017ce dziecko nie wymaga hospitalizacji. Dziewczynka zosta\u0142a przekazana pod opiek\u0119 babci.<\/p>\n<p class=\"article-p\" data-section=\"detail-body\">45-letni m\u0119\u017cczyzna zosta\u0142 zatrzymany i trafi do policyjnego aresztu. Policjanci b\u0119d\u0105 ustala\u0107, czy swoim zachowaniem narazi\u0142 dziecko na bezpo\u015brednie niebezpiecze\u0144stwo utraty \u017cycia lub zdrowia. Za takie przest\u0119pstwo grozi kara do 5 lat pozbawienia wolno\u015bci<\/p>\n<p class=\"article-p\" data-section=\"detail-body\">\u2014 przekaza\u0142a podkomisarz Barbara Pozna\u0144ska.<\/p>\n<p class=\"article-p\" data-section=\"detail-body\">O sprawie zawiadomiono r\u00f3wnie\u017c s\u0105d rodzinny.<\/p>\n<p class=\"article-p\" data-section=\"detail-body\">Zobacz tak\u017ce: <a href=\"https:\/\/www.fakt.pl\/wydarzenia\/polska\/warszawa\/dramatyczny-apel-siostry-zaginionego-ksiedza-nie-szukajcie-jego-samochodu\/b4w8vcy\" id=\"22036755-92d8-4f33-a2a4-0ea00f95e0c5\" rel=\"nofollow noopener\" target=\"_blank\">Dramatyczny apel siostry zaginionego ksi\u0119dza. &#8222;Nie szukajcie jego samochodu&#8230;&#8221;<\/a><\/p>\n<p>        \/1<\/p>\n<p>                    <img decoding=\"async\" class=\"article-image-img\" loading=\"lazy\" alt=\"\" src=\"https:\/\/www.europesays.com\/pl\/wp-content\/uploads\/2025\/11\/3G5k9kuTURBXy8wNjYxZTUwYS04ODQ4LTQ5OGEtODE2ZC0yMjFhYzhiZDJhN2YuanBlZ5GTAs0DSM0Cft4AAqEwAaExAQ.jpeg\" width=\"840\" height=\"638\"\/><\/p>\n<p>                  &#8211; \/ google maps<\/p>\n<p class=\"article-gallery-p\">\n        Badanie stanu trze\u017awo\u015bci u ojca dziecka wykaza\u0142o prawie 2,5 promila alkoholu w organizmie.\n    <\/p>\n","protected":false},"excerpt":{"rendered":"Dramatyczne sceny rozegra\u0142y si\u0119 w \u015brod\u0119, 20 listopada, oko\u0142o godziny 15.45 przy ulicy Waszyngtona w Cz\u0119stochowie. Zobacz tak\u017ce:&hellip;\n","protected":false},"author":2,"featured_media":113656,"comment_status":"","ping_status":"","sticky":false,"template":"","format":"standard","meta":{"footnotes":""},"categories":[12],"tags":[32,33,36,37,27,34,35,28,31,25,42,38,40,39,41,29,30,26],"class_list":{"0":"post-113655","1":"post","2":"type-post","3":"status-publish","4":"format-standard","5":"has-post-thumbnail","7":"category-polska","8":"tag-breaking-news","9":"tag-breakingnews","10":"tag-featured-news","11":"tag-featurednews","12":"tag-headlines","13":"tag-latest-news","14":"tag-latestnews","15":"tag-naglowki","16":"tag-najwazniejsze-artykuly","17":"tag-news","18":"tag-pl","19":"tag-poland","20":"tag-polish","21":"tag-polska","22":"tag-polski","23":"tag-top-stories","24":"tag-topstories","25":"tag-wiadomosci"},"share_on_mastodon":{"url":"https:\/\/pubeurope.com\/@pl\/115594915235808549","error":""},"_links":{"self":[{"href":"https:\/\/www.europesays.com\/pl\/wp-json\/wp\/v2\/posts\/113655","targetHints":{"allow":["GET"]}}],"collection":[{"href":"https:\/\/www.europesays.com\/pl\/wp-json\/wp\/v2\/posts"}],"about":[{"href":"https:\/\/www.europesays.com\/pl\/wp-json\/wp\/v2\/types\/post"}],"author":[{"embeddable":true,"href":"https:\/\/www.europesays.com\/pl\/wp-json\/wp\/v2\/users\/2"}],"replies":[{"embeddable":true,"href":"https:\/\/www.europesays.com\/pl\/wp-json\/wp\/v2\/comments?post=113655"}],"version-history":[{"count":0,"href":"https:\/\/www.europesays.com\/pl\/wp-json\/wp\/v2\/posts\/113655\/revisions"}],"wp:featuredmedia":[{"embeddable":true,"href":"https:\/\/www.europesays.com\/pl\/wp-json\/wp\/v2\/media\/113656"}],"wp:attachment":[{"href":"https:\/\/www.europesays.com\/pl\/wp-json\/wp\/v2\/media?parent=113655"}],"wp:term":[{"taxonomy":"category","embeddable":true,"href":"https:\/\/www.europesays.com\/pl\/wp-json\/wp\/v2\/categories?post=113655"},{"taxonomy":"post_tag","embeddable":true,"href":"https:\/\/www.europesays.com\/pl\/wp-json\/wp\/v2\/tags?post=113655"}],"curies":[{"name":"wp","href":"https:\/\/api.w.org\/{rel}","templated":true}]}}