{"id":113668,"date":"2025-11-22T19:14:09","date_gmt":"2025-11-22T19:14:09","guid":{"rendered":"https:\/\/www.europesays.com\/pl\/113668\/"},"modified":"2025-11-22T19:14:09","modified_gmt":"2025-11-22T19:14:09","slug":"pierwszy-konkurs-ps-w-skokach-za-nami-stoch-najlepszy-z-polakow","status":"publish","type":"post","link":"https:\/\/www.europesays.com\/pl\/113668\/","title":{"rendered":"Pierwszy konkurs P\u015a w skokach za nami! Stoch najlepszy z Polak\u00f3w"},"content":{"rendered":"<p>Kamil Stoch zaj\u0105\u0142 13. miejsce w sobotnim konkursie Pucharu \u015awiata w skokach narciarskich w norweskim Lillehammer. Kacper Tomasiak by\u0142 18., Piotr \u017by\u0142a &#8211; 19., Dawid Kubacki &#8211; 22., a Pawe\u0142 W\u0105sek &#8211; 28. Na podium stan\u0119li trzej Austriacy. Wygra\u0142 Daniel Tschofenig przed Janem Hoerlem i Stefanem Kraftem.<\/p>\n<p>Stoch skoczy\u0142 135,5 m i 122 m, otrzymuj\u0105c not\u0119 291,3 pkt. Tomasiak skokami na 137 m i 122 m wywalczy\u0142 283,2 pkt. \u017by\u0142a uzyska\u0142 131 m i 126,5 m &#8211; 283 pkt, Kubacki 126,5 m i 121,5 m &#8211; 277,1 pkt, a W\u0105sek 127,5 m i 119 m &#8211; 268,7 pkt. Aleksander Zniszczo\u0142 odpad\u0142 w kwalifikacjach.<\/p>\n<p>\u00a0<\/p>\n<p>ZOBACZ TAK\u017bE: <a href=\"https:\/\/www.polsatsport.pl\/wiadomosc\/2025-11-22\/polacy-na-razie-bez-medali-gdanskich-zawodow-world-tour-w-short-tracku-w-niedziele-ostatnie-biegi\/\" target=\"_blank\" rel=\"noopener noreferrer nofollow\">Polacy na razie bez medali gda\u0144skich zawod\u00f3w World Tour w short tracku. W niedziel\u0119 ostatnie biegi!<\/a><\/p>\n<p>\u00a0<\/p>\n<p>Tschofenig triumfowa\u0142 not\u0105 311,5 pkt po skokach na 133 m i 129 m. Drugi Hoerl skoczy\u0142 136 m i 126 m, trac\u0105c do zwyci\u0119zcy 4,3 pkt. Liderem po pierwszej serii by\u0142 Kraft, kt\u00f3ry uzyska\u0142 138 m. W drugiej serii wyl\u0105dowa\u0142 18 metr\u00f3w bli\u017cej i przegra\u0142 z Tschofenigem o 5,2 pkt.<\/p>\n<p>\u00a0<\/p>\n<p>Austriak odni\u00f3s\u0142 dziewi\u0105te indywidualne zwyci\u0119stwo w Pucharze \u015awiata, a Kraft 127. raz stan\u0105\u0142 na podium i jest rekordzist\u0105 pod tym wzgl\u0119dem.<\/p>\n<p>\u00a0<\/p>\n<p><img decoding=\"async\" src=\"https:\/\/www.europesays.com\/pl\/wp-content\/uploads\/2025\/11\/48p5bq68x3j7icrndm6phzpucqtfdby2.jpg\" alt=\"\" itemprop=\"contentUrl\" style=\"position:absolute; width: 100%; max-height: 100%;\"\/><video controls=\"\" controlslist=\"nodownload\" poster=\"https:\/\/www.europesays.com\/pl\/wp-content\/uploads\/2025\/11\/48p5bq68x3j7icrndm6phzpucqtfdby2.jpg\" class=\"videoPlayer player7295631 news__video\" data-id=\"7295631\">Twoja przegl\u0105darka nie wspiera odtwarzacza wideo&#8230;<\/video><\/p>\n<p>KP, PAP<\/p>\n<p><a class=\"news__read-more-button\" href=\"https:\/\/www.polsatsport.pl\/\" rel=\"nofollow noopener\" target=\"_blank\">Przejd\u017a na Polsatsport.pl<\/a><img decoding=\"async\" src=\"https:\/\/www.europesays.com\/pl\/wp-content\/uploads\/2025\/11\/9jqj4px6kxh5ucguvtavpvdnf7a42dw3.jpg\" alt=\"\" itemprop=\"contentUrl\" style=\"position:absolute; width: 100%; max-height: 100%;\"\/><video controls=\"\" controlslist=\"nodownload\" poster=\"https:\/\/www.europesays.com\/pl\/wp-content\/uploads\/2025\/11\/9jqj4px6kxh5ucguvtavpvdnf7a42dw3.jpg\" class=\"videoPlayer player7206746 news__video\" data-id=\"7206746\">Twoja przegl\u0105darka nie wspiera odtwarzacza wideo&#8230;<\/video>PolsatSport.pl w wersji na telefony z systemem Android i iOS!<\/p>\n<p class=\"app-ad__preview\">Najnowsze informacje i wiadomo\u015bci na bie\u017c\u0105co, gdziekolwiek jeste\u015b.<\/p>\n","protected":false},"excerpt":{"rendered":"Kamil Stoch zaj\u0105\u0142 13. miejsce w sobotnim konkursie Pucharu \u015awiata w skokach narciarskich w norweskim Lillehammer. Kacper Tomasiak&hellip;\n","protected":false},"author":2,"featured_media":113669,"comment_status":"","ping_status":"","sticky":false,"template":"","format":"standard","meta":{"footnotes":""},"categories":[24],"tags":[42,38,40,39,41,127,126],"class_list":{"0":"post-113668","1":"post","2":"type-post","3":"status-publish","4":"format-standard","5":"has-post-thumbnail","7":"category-sport","8":"tag-pl","9":"tag-poland","10":"tag-polish","11":"tag-polska","12":"tag-polski","13":"tag-sport","14":"tag-sports"},"share_on_mastodon":{"url":"https:\/\/pubeurope.com\/@pl\/115594950639968236","error":""},"_links":{"self":[{"href":"https:\/\/www.europesays.com\/pl\/wp-json\/wp\/v2\/posts\/113668","targetHints":{"allow":["GET"]}}],"collection":[{"href":"https:\/\/www.europesays.com\/pl\/wp-json\/wp\/v2\/posts"}],"about":[{"href":"https:\/\/www.europesays.com\/pl\/wp-json\/wp\/v2\/types\/post"}],"author":[{"embeddable":true,"href":"https:\/\/www.europesays.com\/pl\/wp-json\/wp\/v2\/users\/2"}],"replies":[{"embeddable":true,"href":"https:\/\/www.europesays.com\/pl\/wp-json\/wp\/v2\/comments?post=113668"}],"version-history":[{"count":0,"href":"https:\/\/www.europesays.com\/pl\/wp-json\/wp\/v2\/posts\/113668\/revisions"}],"wp:featuredmedia":[{"embeddable":true,"href":"https:\/\/www.europesays.com\/pl\/wp-json\/wp\/v2\/media\/113669"}],"wp:attachment":[{"href":"https:\/\/www.europesays.com\/pl\/wp-json\/wp\/v2\/media?parent=113668"}],"wp:term":[{"taxonomy":"category","embeddable":true,"href":"https:\/\/www.europesays.com\/pl\/wp-json\/wp\/v2\/categories?post=113668"},{"taxonomy":"post_tag","embeddable":true,"href":"https:\/\/www.europesays.com\/pl\/wp-json\/wp\/v2\/tags?post=113668"}],"curies":[{"name":"wp","href":"https:\/\/api.w.org\/{rel}","templated":true}]}}