{"id":113670,"date":"2025-11-22T19:15:13","date_gmt":"2025-11-22T19:15:13","guid":{"rendered":"https:\/\/www.europesays.com\/pl\/113670\/"},"modified":"2025-11-22T19:15:13","modified_gmt":"2025-11-22T19:15:13","slug":"pras-michel-z-fugees-uslyszal-wyrok-spedzi-14-lat-w-wiezieniu","status":"publish","type":"post","link":"https:\/\/www.europesays.com\/pl\/113670\/","title":{"rendered":"Pras Michel z Fugees us\u0142ysza\u0142 wyrok. Sp\u0119dzi 14 lat w wi\u0119zieniu"},"content":{"rendered":"<p>Pras Michel w\u00a02019 roku zosta\u0142 oskar\u017cony o\u00a0spisek w\u00a0celu rzekomego przekazania nielegalnych darowizn na rzecz kampanii reelekcyjnej prezydenta Baracka Obamy w 2012 roku i\u00a0lobbowanie w\u00a0administracji Donalda Trumpa w\u00a0celu powstrzymania \u015bledztw w\u00a0sprawie skandalu finansowego z\u00a0udzia\u0142em zbieg\u0142ego malezyjskiego przedsi\u0119biorcy Jho Lowa. Afera dotyczy\u0142a przyw\u0142aszczenia aktyw\u00f3w malezyjskiego pa\u0144stwowego funduszu maj\u0105tkowego 1Malaysia Development Berhad (1MDB).<\/p>\n<p>Pras Michel skazany. Dosta\u0142 14\u00a0lat wi\u0119zienia za\u00a0lobbing <\/p>\n<p>Pras Michel ju\u017c w\u00a02023 roku zosta\u0142 uznany winnym 10 zarzut\u00f3w karnych przez S\u0105d Rejonowy Stan\u00f3w Zjednoczonych dla Dystryktu Kolumbii, kt\u00f3ry w\u00a0listopadzie 2025 roku us\u0142ysza\u0142 wyrok. Zosta\u0142 skazany na 14 lat wi\u0119zienia za wykorzystywanie pieni\u0119dzy do handlu wp\u0142ywami w\u00a0polityce USA. Prokuratorzy USA domagali si\u0119 do\u017cywocia, ale s\u0119dzia okr\u0119gowa USA Colleen Kollar-Kotelly wyda\u0142a mniejszy wyrok. Agencja &#8222;Associated Press&#8221; poda\u0142a, \u017ce Michel z\u0142o\u017cy\u0142 zeznania, ale odm\u00f3wi\u0142 wyst\u0105pienia przed s\u0105dem podczas czwartkowej rozprawy. Adwokat 53-latka Peter Zeidenberg uzna\u0142 wyrok za &#8222;ca\u0142kowicie nieproporcjonalny do przest\u0119pstwa&#8221; i\u00a0zapowiedzia\u0142 si\u0119 odwo\u0142anie od decyzji s\u0105du.<\/p>\n<p>Pras Michel zosta\u0142 oskar\u017cony o\u00a0wykorzystywanie &#8222;tajnych, nielegalnych, zagranicznych wp\u0142yw\u00f3w&#8221; w\u00a0latach 2012\u20132017, kiedy prezydentur\u0119 obejmowali Barack Obama i\u00a0Donald Trump. Prokuratorzy USA wskazali, \u017ce muzyk otrzyma\u0142 ponad 100 milion\u00f3w dolar\u00f3w od miliardera Jho Lowa, kt\u00f3re zosta\u0142y wykorzystane w\u00a0dw\u00f3ch pr\u00f3bach wp\u0142ywania na polityk\u0119 USA. Zosta\u0142 te\u017c skazany za lobbing na rzecz rz\u0105du Chin.<\/p>\n<p>Prokuratorzy uznali, \u017ce Pras Michel &#8222;zdradzi\u0142 sw\u00f3j kraj dla pieni\u0119dzy&#8221; i\u00a0przez niemal dekad\u0119 &#8222;pr\u00f3bowa\u0142 wykorzystywa\u0107 i\u00a0oszukiwa\u0107&#8221; r\u00f3\u017cne podmioty rz\u0105du USA, w\u00a0tym Bia\u0142y Dom i\u00a0FBI, ale te\u017c pozosta\u0142ych spiskowc\u00f3w. &#8222;Michel k\u0142ama\u0142 bez skrupu\u0142\u00f3w i\u00a0bez lito\u015bci, by realizowa\u0107 swoje plany. Jego wyrok powinien odzwierciedla\u0107 zakres i\u00a0g\u0142\u0119bi\u0119 jego zbrodni, oboj\u0119tno\u015b\u0107 wobec zagro\u017ce\u0144 dla kraju i\u00a0skal\u0119 jego chciwo\u015bci&#8221; \u2013\u00a0powiedzieli.<\/p>\n<p>Obro\u0144ca Prasa Michela powiedzia\u0142 BBC, \u017ce uwa\u017ca wyrok za &#8222;niepoparty dowodami&#8221; i\u00a0&#8222;ca\u0142kowicie nieproporcjonalny do przedstawionych fakt\u00f3w&#8221;. Poda\u0142, \u017ce wsp\u00f3\u0142oskar\u017cony artysty, Elliott Broidy, zosta\u0142 u\u0142askawiony, George Higginbotham dosta\u0142 trzy miesi\u0105ce dozoru, a\u00a0Nicki Lum Davis \u2013 dwa lata.<\/p>\n","protected":false},"excerpt":{"rendered":"Pras Michel w\u00a02019 roku zosta\u0142 oskar\u017cony o\u00a0spisek w\u00a0celu rzekomego przekazania nielegalnych darowizn na rzecz kampanii reelekcyjnej prezydenta Baracka&hellip;\n","protected":false},"author":2,"featured_media":113671,"comment_status":"","ping_status":"","sticky":false,"template":"","format":"standard","meta":{"footnotes":""},"categories":[22],"tags":[122,42,38,40,39,41,123],"class_list":{"0":"post-113670","1":"post","2":"type-post","3":"status-publish","4":"format-standard","5":"has-post-thumbnail","7":"category-rozrywka","8":"tag-entertainment","9":"tag-pl","10":"tag-poland","11":"tag-polish","12":"tag-polska","13":"tag-polski","14":"tag-rozrywka"},"share_on_mastodon":{"url":"https:\/\/pubeurope.com\/@pl\/115594954365087540","error":""},"_links":{"self":[{"href":"https:\/\/www.europesays.com\/pl\/wp-json\/wp\/v2\/posts\/113670","targetHints":{"allow":["GET"]}}],"collection":[{"href":"https:\/\/www.europesays.com\/pl\/wp-json\/wp\/v2\/posts"}],"about":[{"href":"https:\/\/www.europesays.com\/pl\/wp-json\/wp\/v2\/types\/post"}],"author":[{"embeddable":true,"href":"https:\/\/www.europesays.com\/pl\/wp-json\/wp\/v2\/users\/2"}],"replies":[{"embeddable":true,"href":"https:\/\/www.europesays.com\/pl\/wp-json\/wp\/v2\/comments?post=113670"}],"version-history":[{"count":0,"href":"https:\/\/www.europesays.com\/pl\/wp-json\/wp\/v2\/posts\/113670\/revisions"}],"wp:featuredmedia":[{"embeddable":true,"href":"https:\/\/www.europesays.com\/pl\/wp-json\/wp\/v2\/media\/113671"}],"wp:attachment":[{"href":"https:\/\/www.europesays.com\/pl\/wp-json\/wp\/v2\/media?parent=113670"}],"wp:term":[{"taxonomy":"category","embeddable":true,"href":"https:\/\/www.europesays.com\/pl\/wp-json\/wp\/v2\/categories?post=113670"},{"taxonomy":"post_tag","embeddable":true,"href":"https:\/\/www.europesays.com\/pl\/wp-json\/wp\/v2\/tags?post=113670"}],"curies":[{"name":"wp","href":"https:\/\/api.w.org\/{rel}","templated":true}]}}