{"id":113693,"date":"2025-11-22T19:33:09","date_gmt":"2025-11-22T19:33:09","guid":{"rendered":"https:\/\/www.europesays.com\/pl\/113693\/"},"modified":"2025-11-22T19:33:09","modified_gmt":"2025-11-22T19:33:09","slug":"zurek-chcialby-sie-zmierzyc-na-ringu-w-nawrockim-chwalil-sie-tym-na-spotkaniu-z-samymi-kobietami-wideo","status":"publish","type":"post","link":"https:\/\/www.europesays.com\/pl\/113693\/","title":{"rendered":"\u017burek chcia\u0142by si\u0119 zmierzy\u0107 na ringu w Nawrockim? Chwali\u0142 si\u0119 tym na spotkaniu z&#8230; samymi kobietami [WIDEO]"},"content":{"rendered":"<p>            <a href=\"https:\/\/niezalezna.pl\/polityka\" rel=\"nofollow noopener\" target=\"_blank\"><br \/>\n                Polityka<br \/>\n            <\/a><br \/>\n            22.11.2025, 16:15<\/p>\n<p>Waldemar \u017burek czu\u0142 si\u0119 jak p\u0105czek w ma\u015ble &#8211; ca\u0142a sala kobiet wpatrywa\u0142a si\u0119 w niego uwa\u017cnie ws\u0142uchuj\u0105c w ka\u017cde s\u0142owo, a on z r\u0119k\u0105 w kieszeni (!) opowiada\u0142 o swoich politycznych planach, cz\u0119sto si\u0119 przechwalaj\u0105c. Na sali by\u0142o i \u015bmieszno i straszno, ale interauci ocenili to po swojemu.<\/p>\n<p class=\"font-bold text-sm [&amp;&gt;a]:hover:underline text-[#757575] font-['Roboto']\">Autor: <a href=\"https:\/\/niezalezna.pl\/autor\/sabina-treffler\" rel=\"nofollow noopener\" target=\"_blank\">Sabina Treffler<\/a><\/p>\n<p>         copied = false, 2000);<br \/>\n        &#8222;&gt;<\/p>\n<p>                    <img decoding=\"async\" src=\"https:\/\/www.europesays.com\/pl\/wp-content\/uploads\/2025\/11\/n_be6105f9efcf79bdf38da94527614a3cdde27ed21962a9e5dafbeb9273c67254_c.jpg\" alt=\"Waldemara \u017burka ponios\u0142a fantazja na spotkaniu z samymi kobietami\" class=\"w-full h-auto\"\/><\/p>\n<p>        screenshot &#8211; x.com<\/p>\n<p>        Waldemara \u017burka ponios\u0142a fantazja na spotkaniu z samymi kobietami<\/p>\n<p>Rada Kobiet w Ksi\u0105\u017cu odby\u0142a si\u0119 19 listopada. Na sali licznie zgromadzone same kobiety i on jeden &#8211; Waldemar \u017burek. W ministerialnych korytarzach plotkuj\u0105, \u017ce szef resortu znany jest ze s\u0142abo\u015bci do p\u0142ci pi\u0119knej, wi\u0119c nie dziwi jego pewno\u015b\u0107 siebie podczas takiego spotkania. Posun\u0105\u0142 si\u0119 nawet do tego, by proponowa\u0107 walk\u0119 na ringu z&#8230; prezydentem Karolem Nawrockim.<\/p>\n<p>Nie mia\u0142 zbytnich zahamowa\u0144, by trzyma\u0107 r\u0119k\u0119 w kieszeni podczas odpowiadania na pytania pa\u0144. Nie do\u015b\u0107, \u017ce nie reagowa\u0142 na komentarze maj\u0105ce na celu obra\u017cenie g\u0142owy pa\u0144stwa, to jeszcze do\u0142\u0105cza\u0142 si\u0119 z w\u0142asnymi \u017cartami przy pe\u0142nej aprobacie damskiej widowni.<\/p>\n<p>  Starcie \u017burek-Nawrocki? <\/p>\n<p>Jedna z uczestniczek spotkania dodaj\u0105c g\u0142os do dyskusji oceni\u0142a, \u017ce Karol Nawrocki &#8222;i tak nie przeczyta Konstytucji, bo nie ma czasu&#8221;. &#8211; Kr\u00f3tko m\u00f3wi\u0105c, musi trenowa\u0107 &#8211; doda\u0142a.<\/p>\n<p>W konwencj\u0119 tej wypowiedzi jak w mas\u0142o wszed\u0142 szef resortu sprawiedliwo\u015bci, by pokaza\u0107 na jakie po\u015bwi\u0119cenia jest gotowy. &#8211;\u00a0Ja te\u017c musz\u0119 zacz\u0105\u0107 trenowa\u0107. Kiedy\u015b stwierdzi\u0142em, \u017ce stan\u0119 z nim (z Nawrockim &#8211; red.) w ringu. Kto zostanie na ringu, ten decyduje o ustroju &#8211; powiedzia\u0142 \u017burek nagradzany \u015bmiechami t\u0142umnie przyby\u0142ych kobiet. Doda\u0142, \u017ce musia\u0142by trenowa\u0107 pi\u0119\u0107 godzin. &#8211; Wag\u0119 ju\u017c ma odpowiedni\u0105. Teraz tylko rze\u017ab\u0119 zrobi\u0119 &#8211; za\u017cartowa\u0142 przy pe\u0142nej aprobacie sali.<\/p>\n<blockquote class=\"twitter-tweet\">\n<p dir=\"ltr\" lang=\"pl\">\u017burek na Radzie Kobiet w Ksi\u0105\u017cu:<\/p>\n<p>\u201eJa te\u017c musz\u0119 zacz\u0105\u0107 trenowa\u0107, kiedy\u015b stwierdzi\u0142em, \u017ce stan\u0119 z nim (z Nawrockim) w ringu i kto zostanie na ringu ten decyduje o ustroju\u201d<\/p>\n<p>Podejrzewam, \u017ce to by si\u0119 dla \u017burka \u017ale sko\u0144czy\u0142o XD <a href=\"https:\/\/t.co\/wJY7WdXtSo\" rel=\"nofollow\">pic.twitter.com\/wJY7WdXtSo<\/a><\/p>\n<p> \u2014 chrzanik (@chrzanikx) <a href=\"https:\/\/twitter.com\/chrzanikx\/status\/1992206647515856944?ref_src=twsrc%5Etfw\" rel=\"nofollow noopener\" target=\"_blank\">November 22, 2025<\/a><\/p><\/blockquote>\n<p>Komentarze internaut\u00f3w nie pozostawiaj\u0105 z\u0142udze\u0144 &#8211; wielu ch\u0119tnie zap\u0142aci za obejrzenie takiego spektaklu. Wi\u0119kszo\u015b\u0107 z nich nie daje wi\u0119kszych szans na wygran\u0105 w tym starciu \u017burkowi.<\/p>\n<blockquote class=\"twitter-tweet\" data-conversation=\"none\">\n<p dir=\"ltr\" lang=\"pl\">Jak dla mnie \u015bwietny pomys\u0142. Po 15 sekundach by\u015bmy mieli spok\u00f3j w kraju.<\/p>\n<p> \u2014 Revolt (@Revolt4334) <a href=\"https:\/\/twitter.com\/Revolt4334\/status\/1992212639011746105?ref_src=twsrc%5Etfw\" rel=\"nofollow noopener\" target=\"_blank\">November 22, 2025<\/a><\/p><\/blockquote>\n<blockquote class=\"twitter-tweet\" data-conversation=\"none\">\n<p dir=\"ltr\" lang=\"pl\">nawrocki by dal mu lewego prostego i koniec walki<\/p>\n<p> \u2014 Cosm0 (@Cosm0007) <a href=\"https:\/\/twitter.com\/Cosm0007\/status\/1992230479664443875?ref_src=twsrc%5Etfw\" rel=\"nofollow noopener\" target=\"_blank\">November 22, 2025<\/a><\/p><\/blockquote>\n<blockquote class=\"twitter-tweet\" data-conversation=\"none\">\n<p dir=\"ltr\" lang=\"pl\">Powiedzia\u0142 to cz\u0142owiek, kt\u00f3ry przegra\u0142 &#8222;starcie&#8221; z maszyn\u0105 sprz\u0105taj\u0105c\u0105 xd<\/p>\n<p> \u2014 Martyna (@Martyna1922) <a href=\"https:\/\/twitter.com\/Martyna1922\/status\/1992217031320686746?ref_src=twsrc%5Etfw\" rel=\"nofollow noopener\" target=\"_blank\">November 22, 2025<\/a><\/p><\/blockquote>\n<blockquote class=\"twitter-tweet\" data-conversation=\"none\">\n<p dir=\"ltr\" lang=\"pl\">Polska wype\u0142ni\u0142aby dziury w bud\u017cecie i by jeszcze starczy\u0142o gdyby walka by\u0142a sprzedawana w PPV<\/p>\n<p> \u2014 Kacperott\ud83c\uddf5\ud83c\uddf1 (@Kacperott13) <a href=\"https:\/\/twitter.com\/Kacperott13\/status\/1992222291044843946?ref_src=twsrc%5Etfw\" rel=\"nofollow noopener\" target=\"_blank\">November 22, 2025<\/a><\/p><\/blockquote>\n<p>W trakcie spotkania grozi\u0142 tak\u017ce Trybuna\u0142em Stanu dla prezydenta i zn\u00f3w m\u00f3wi\u0142 o &#8222;neos\u0119dziach&#8221;. Tym razem chodzi\u0142o o &#8222;wykurzenie&#8221; ich z S\u0105du Najwy\u017cszego. Przypominamy ministrowi, \u017ce st\u0105pa si\u0119 po cienkim lodzie, a nie l\u0105dzie.<\/p>\n<blockquote class=\"twitter-tweet\">\n<p dir=\"ltr\" lang=\"pl\">\u017burek znowu grozi Nawrockiemu Trybuna\u0142em Stanu:<\/p>\n<p>\u201ePrezydent st\u0105pa po cienkim lodzie. W pewnym momencie zbierzemy si\u0142y i powiemy \u201ePan \u0142amie konstytucj\u0119\u201d. Jest Trybuna\u0142 Stanu, oczywi\u015bcie jest tam Pani Manowska ale te\u017c b\u0119dziemy mieli pomys\u0142y jak to zrobi\u0107 \u017ceby wykurzy\u0107 neos\u0119dzi\u00f3w\u201d <a href=\"https:\/\/t.co\/QU1skLcDRL\" rel=\"nofollow\">pic.twitter.com\/QU1skLcDRL<\/a><\/p>\n<p> \u2014 chrzanik (@chrzanikx) <a href=\"https:\/\/twitter.com\/chrzanikx\/status\/1992231179442143659?ref_src=twsrc%5Etfw\" rel=\"nofollow noopener\" target=\"_blank\">November 22, 2025<\/a><\/p><\/blockquote>\n<p>\u00a0<\/p>\n<p>    <script async src=\"https:\/\/platform.twitter.com\/widgets.js\" charset=\"utf-8\"><\/script><\/p>\n","protected":false},"excerpt":{"rendered":"Polityka 22.11.2025, 16:15 Waldemar \u017burek czu\u0142 si\u0119 jak p\u0105czek w ma\u015ble &#8211; ca\u0142a sala kobiet wpatrywa\u0142a si\u0119 w&hellip;\n","protected":false},"author":2,"featured_media":113694,"comment_status":"","ping_status":"","sticky":false,"template":"","format":"standard","meta":{"footnotes":""},"categories":[12],"tags":[32,33,36,37,27,34,35,28,31,25,42,38,40,39,41,29,30,26],"class_list":{"0":"post-113693","1":"post","2":"type-post","3":"status-publish","4":"format-standard","5":"has-post-thumbnail","7":"category-polska","8":"tag-breaking-news","9":"tag-breakingnews","10":"tag-featured-news","11":"tag-featurednews","12":"tag-headlines","13":"tag-latest-news","14":"tag-latestnews","15":"tag-naglowki","16":"tag-najwazniejsze-artykuly","17":"tag-news","18":"tag-pl","19":"tag-poland","20":"tag-polish","21":"tag-polska","22":"tag-polski","23":"tag-top-stories","24":"tag-topstories","25":"tag-wiadomosci"},"share_on_mastodon":{"url":"https:\/\/pubeurope.com\/@pl\/115595025315992260","error":""},"_links":{"self":[{"href":"https:\/\/www.europesays.com\/pl\/wp-json\/wp\/v2\/posts\/113693","targetHints":{"allow":["GET"]}}],"collection":[{"href":"https:\/\/www.europesays.com\/pl\/wp-json\/wp\/v2\/posts"}],"about":[{"href":"https:\/\/www.europesays.com\/pl\/wp-json\/wp\/v2\/types\/post"}],"author":[{"embeddable":true,"href":"https:\/\/www.europesays.com\/pl\/wp-json\/wp\/v2\/users\/2"}],"replies":[{"embeddable":true,"href":"https:\/\/www.europesays.com\/pl\/wp-json\/wp\/v2\/comments?post=113693"}],"version-history":[{"count":0,"href":"https:\/\/www.europesays.com\/pl\/wp-json\/wp\/v2\/posts\/113693\/revisions"}],"wp:featuredmedia":[{"embeddable":true,"href":"https:\/\/www.europesays.com\/pl\/wp-json\/wp\/v2\/media\/113694"}],"wp:attachment":[{"href":"https:\/\/www.europesays.com\/pl\/wp-json\/wp\/v2\/media?parent=113693"}],"wp:term":[{"taxonomy":"category","embeddable":true,"href":"https:\/\/www.europesays.com\/pl\/wp-json\/wp\/v2\/categories?post=113693"},{"taxonomy":"post_tag","embeddable":true,"href":"https:\/\/www.europesays.com\/pl\/wp-json\/wp\/v2\/tags?post=113693"}],"curies":[{"name":"wp","href":"https:\/\/api.w.org\/{rel}","templated":true}]}}