{"id":113715,"date":"2025-11-22T19:49:11","date_gmt":"2025-11-22T19:49:11","guid":{"rendered":"https:\/\/www.europesays.com\/pl\/113715\/"},"modified":"2025-11-22T19:49:11","modified_gmt":"2025-11-22T19:49:11","slug":"pko-bp-ekstraklasa-motor-lublin-wygral-na-wyjezdzie-z-cracovia-po-kolejnym-przekonujacym-wystepie-wideo-sport-tvp-pl","status":"publish","type":"post","link":"https:\/\/www.europesays.com\/pl\/113715\/","title":{"rendered":"PKO BP Ekstraklasa. Motor Lublin wygra\u0142 na wyje\u017adzie z Cracovi\u0105 po kolejnym przekonuj\u0105cym wyst\u0119pie [WIDEO] &#8211; sport.tvp.pl"},"content":{"rendered":"<ol>\n<li><a href=\"https:\/\/news.google.com\/rss\/articles\/CBMiqgFBVV95cUxNTmc2M2FrU196V2pGSlU5U3FHTVZwa3Y2bkE2LW1tX1h2UzFxVVZsX1lVTERPM0wycUZ0R0lQMmxsMG1kc2w1RTJXMERvWXBzaUQzLTZFbEtUbFdWb2l2VXFwR1VlUFFWdTVmZHlmRXd3VUZfNHg5SlZPRzZIUDhVRWZvd2hVQlZwaWlLSFAxOGk1R3ZrU2thTkZsaDFxVXVkR0ZVYWROdERTd9IBrwFBVV95cUxOQk5RQWo3aDQ2eXhUYmdmX19KeVZnam43eDBLellQcUZtNndacDhoN0pFWVIwUEVVYVVYZFJJaUtEb0RyeXVBMGFTbmFuR3diY2dfSWlLWlhnVl9sa2QwUGRuS2FJbGRpa1ZGZkRKMEN6WGp4WmtLZkV5UTZteDNoeWV0NXA3ZzRKZlpIbl9CTDhCaVpZcXdEbC1QZ0tlcGNSVjFzZ1RmS3hsSzdlS1lR?oc=5\" target=\"_blank\" rel=\"nofollow noopener\">PKO BP Ekstraklasa. Motor Lublin wygra\u0142 na wyje\u017adzie z Cracovi\u0105 po kolejnym przekonuj\u0105cym wyst\u0119pie [WIDEO]<\/a>&nbsp;&nbsp;sport.tvp.pl<\/li>\n<li><a href=\"https:\/\/news.google.com\/rss\/articles\/CBMilgFBVV95cUxNSVE4eE5rVS1RVHFBQkprc1V6bUFFd1dPa2oxbXJlUEQtYnFpeFZVT3lBQUo4VGVGVlJjZzhfRkdROE5aR2NWWXlsRlJXeUp6Y09JTlVTbzRMOWFVYjN5UWNvcVplTTVhbXR0dTRocjNnSFpFMWhHSkJ4TUw3a3B6MmMxaldMeXl4NHlsMVBTa0FqSzhlSXc?oc=5\" target=\"_blank\" rel=\"nofollow noopener\">Trzy gole w Krakowie. Kryzys trwa<\/a>&nbsp;&nbsp;SportoweFakty<\/li>\n<li><a href=\"https:\/\/news.google.com\/rss\/articles\/CBMiyAFBVV95cUxOcWZaTURoNWRCbEpGQ2NGbnZ5djJLbEFVX0E4QklaSUE4RHh4ZlZ5Mkl4elIxRHdNS0FlTmpUNVB1RmpjemVCODV2elRlUThLWkZITzNvNFdSQXdZb3NxQm9KdFNJdFVOZWJJNmJyR3djWTZCYXJCcUE0czFKSlhtYl84UlVjWVFheE1WcldkUmdWTUxrcDB1RXlUU0FRbnkyVjAxcXBHNHBRUE9La09ITXpBcVo3OGlJLW5xeVcyWFN4SHJiU2ZNZg?oc=5\" target=\"_blank\" rel=\"nofollow noopener\">Pi\u0119kny gol nie wystarczy\u0142! Cracovia wci\u0105\u017c w kryzysie. Zobacz skr\u00f3t<\/a>&nbsp;&nbsp;Przegl\u0105d Sportowy Onet<\/li>\n<li><a href=\"https:\/\/news.google.com\/rss\/articles\/CBMirAFBVV95cUxQZVppcTBoRFM3SGkyakIwV2ZBMDQ3UzAtd3h1bmRmVjN6dU1jUzVVanIwdWNnM1pFaVhXLTNyWDVwMHNBR01EeUtINEJnOEo2Z19kallVRDFMbUtsMm80NVNkTTUzRGJDRTZ2c1hWaDZPSGlrZjRReDVVZFpoVjBORFE1SzZGdXVIRUpaQ3dvZ1N3a05UUVA0ZjFNZ3FJZ045VkJqWVhLQmljUHJV?oc=5\" target=\"_blank\" rel=\"nofollow noopener\">Byli rewelacj\u0105 Ekstraklasy, a teraz dramat! Czarna seria trwa Pi\u0142ka no\u017cna<\/a>&nbsp;&nbsp;Sport.pl<\/li>\n<li><a href=\"https:\/\/news.google.com\/rss\/articles\/CBMitwFBVV95cUxOai1NWVdRRnZzN2lXV0hvb252QWRGTDRweWd6WDVXWVlsYnpPUjhaQnJuY21INkhlTmdLR2hwRkRWU2pfX0NONl9vNnJQcVBNNEJBZzVQYXc4Ml9haWNiYUdISkFGUEpNa2VVSzNsdkh3NGVXcHZFb29PUGl1cVk2Q3VUUG82d2dPSk1QckVvTlowVFR6UEVYQVlYOC1uSlhsWHpCTjZ4N2ZMX1VoUGJxNEFxdGgwVzg?oc=5\" target=\"_blank\" rel=\"nofollow noopener\">Motor Lublin wygrywa w Krakowie i ucieka od strefy spadkowej. 'Niebiosa by\u0142y po naszej stronie&#8217;<\/a>&nbsp;&nbsp;Lublin.Wyborcza.pl<\/li>\n<\/ol>\n","protected":false},"excerpt":{"rendered":"PKO BP Ekstraklasa. Motor Lublin wygra\u0142 na wyje\u017adzie z Cracovi\u0105 po kolejnym przekonuj\u0105cym wyst\u0119pie [WIDEO]&nbsp;&nbsp;sport.tvp.pl Trzy gole w&hellip;\n","protected":false},"author":2,"featured_media":113716,"comment_status":"","ping_status":"","sticky":false,"template":"","format":"standard","meta":{"footnotes":""},"categories":[24],"tags":[2398,2572,10606,3364,2573,42,38,40,39,41,127,334,126],"class_list":{"0":"post-113715","1":"post","2":"type-post","3":"status-publish","4":"format-standard","5":"has-post-thumbnail","7":"category-sport","8":"tag-cracovia","9":"tag-luka-elsner","10":"tag-mateusz-stolarski","11":"tag-motor-lublin","12":"tag-pko-bp-ekstraklasa","13":"tag-pl","14":"tag-poland","15":"tag-polish","16":"tag-polska","17":"tag-polski","18":"tag-sport","19":"tag-sport-tvp-pl","20":"tag-sports"},"share_on_mastodon":{"url":"https:\/\/pubeurope.com\/@pl\/115595088194092306","error":""},"_links":{"self":[{"href":"https:\/\/www.europesays.com\/pl\/wp-json\/wp\/v2\/posts\/113715","targetHints":{"allow":["GET"]}}],"collection":[{"href":"https:\/\/www.europesays.com\/pl\/wp-json\/wp\/v2\/posts"}],"about":[{"href":"https:\/\/www.europesays.com\/pl\/wp-json\/wp\/v2\/types\/post"}],"author":[{"embeddable":true,"href":"https:\/\/www.europesays.com\/pl\/wp-json\/wp\/v2\/users\/2"}],"replies":[{"embeddable":true,"href":"https:\/\/www.europesays.com\/pl\/wp-json\/wp\/v2\/comments?post=113715"}],"version-history":[{"count":0,"href":"https:\/\/www.europesays.com\/pl\/wp-json\/wp\/v2\/posts\/113715\/revisions"}],"wp:featuredmedia":[{"embeddable":true,"href":"https:\/\/www.europesays.com\/pl\/wp-json\/wp\/v2\/media\/113716"}],"wp:attachment":[{"href":"https:\/\/www.europesays.com\/pl\/wp-json\/wp\/v2\/media?parent=113715"}],"wp:term":[{"taxonomy":"category","embeddable":true,"href":"https:\/\/www.europesays.com\/pl\/wp-json\/wp\/v2\/categories?post=113715"},{"taxonomy":"post_tag","embeddable":true,"href":"https:\/\/www.europesays.com\/pl\/wp-json\/wp\/v2\/tags?post=113715"}],"curies":[{"name":"wp","href":"https:\/\/api.w.org\/{rel}","templated":true}]}}