{"id":113721,"date":"2025-11-22T19:54:18","date_gmt":"2025-11-22T19:54:18","guid":{"rendered":"https:\/\/www.europesays.com\/pl\/113721\/"},"modified":"2025-11-22T19:54:18","modified_gmt":"2025-11-22T19:54:18","slug":"uratowali-z-pozaru-przerazonego-szczeniaka-teraz-chca-pomoc-pogorzelcom","status":"publish","type":"post","link":"https:\/\/www.europesays.com\/pl\/113721\/","title":{"rendered":"Uratowali z po\u017caru przera\u017conego szczeniaka. Teraz chc\u0105 pom\u00f3c pogorzelcom"},"content":{"rendered":"<p class=\"article-p\" data-section=\"detail-body\">Do <a href=\"https:\/\/www.fakt.pl\/wydarzenia\/polska\/trojmiasto\/karsin-pozar-odebral-im-dorobek-zycia-rodzina-borowskich-potrzebuje-pomocy\/hz5bsc1\" id=\"79139cf6-178b-4827-ac44-7debe6d4ac64\" rel=\"nofollow noopener\" target=\"_blank\">dramatycznego po\u017caru<\/a> w Chrz\u0105stawie Wielkiej (woj. dolno\u015bl\u0105skie) dosz\u0142o po godz. 16.00 w czwartek, 20 listopada. Ogie\u0144 b\u0142yskawicznie zaj\u0105\u0142 dom mieszkalny i cho\u0107 mo\u017cna m\u00f3wi\u0107 o szcz\u0119\u015bciu, bo domownik\u00f3w nie by\u0142o w\u00f3wczas w \u015brodku, to zosta\u0142 tam przera\u017cony szczeniak.<\/p>\n<p class=\"article-p\" data-section=\"detail-body\">Zobacz te\u017c: <a href=\"https:\/\/www.fakt.pl\/wydarzenia\/polska\/warszawa\/warszawa-bialoleka-samotny-chlopiec-w-tramwaju-rodzice-nie-kryli-emocji\/3zczkmh\" id=\"31c2f9d5-ab3e-4db0-95f0-4b95ee99c790\" rel=\"nofollow noopener\" target=\"_blank\">Samotny ch\u0142opiec w tramwaju. &#8222;Przeogromne emocje&#8221;<\/a><\/p>\n<p>        Stra\u017cacy uratowali z p\u0142omieni przera\u017conego szczeniaka. To zdj\u0119cie chwyta za serce<\/p>\n<p class=\"article-p\" data-section=\"detail-body\">Stra\u017cacy z lokalnej OSP nie wahali si\u0119 ani chwili \u2014 ruszyli na pomoc zwierz\u0119ciu. Wynie\u015bli go z p\u0142on\u0105cego budynku, napoili i otoczyli opiek\u0105. &#8222;Ka\u017cde \u017cycie ma warto\u015b\u0107&#8221; \u2014 podkre\u015blaj\u0105, pokazuj\u0105c chwytaj\u0105ce za serce zdj\u0119cie z uratowanym czworonogiem.<\/p>\n<p class=\"article-p\" data-section=\"detail-body\">Post w mediach spo\u0142eczno\u015bciowych wywo\u0142a\u0142 mn\u00f3stwo reakcji i komentarzy. Internauci nie szcz\u0119dz\u0105 podzi\u0119kowa\u0144 i s\u0142\u00f3w podziwu dla ich bohaterskiej postawy. &#8222;Brawo panowie&#8221;, &#8222;Jeste\u015bcie wspaniali&#8221;, &#8222;Dzi\u0119kujemy za Wasz\u0105 prac\u0119 i \u017ce jeste\u015bcie&#8221; \u2014 pisz\u0105 u\u017cytkownicy. Stra\u017cacy jednak na tym nie poprzestali.<\/p>\n<p class=\"article-p\" data-section=\"detail-body\">Ochotnicy z Chrz\u0105stawy Wielkiej poruszeni tragedi\u0105 rodziny, kt\u00f3ra straci\u0142a dach nad g\u0142ow\u0105, <a rel=\"nofollow noopener\" href=\"https:\/\/zrzutka.pl\/ryxsfu?utm_medium=social&amp;utm_source=messenger&amp;utm_campaign=sharing_button\" id=\"163c8361-6858-4305-8b56-2bb29eede447\" target=\"_blank\">za\u0142o\u017cyli w sieci zbi\u00f3rk\u0119<\/a>, by pom\u00f3c im stan\u0105\u0107 na nogi.<\/p>\n<p>        Chrz\u0105stawa Wielka. Dramatyczny po\u017car zabra\u0142 im dom. Poruszaj\u0105cy gest stra\u017cak\u00f3w<\/p>\n<p class=\"article-p\" data-section=\"detail-body\">&#8222;Jako Ochotnicza Stra\u017c Po\u017carna w Chrz\u0105stawie Wielkiej, nie mo\u017cemy pozwoli\u0107, by ta rodzina zosta\u0142a sama w obliczu tak niewyobra\u017calnej straty. Zak\u0142adamy t\u0119 zrzutk\u0119, aby da\u0107 im szans\u0119 na nowy pocz\u0105tek&#8221; \u2014 t\u0142umacz\u0105 w <a rel=\"nofollow noopener\" href=\"https:\/\/zrzutka.pl\/ryxsfu?utm_medium=social&amp;utm_source=messenger&amp;utm_campaign=sharing_button\" id=\"94056db9-e778-4912-ad3a-921fb61b2528\" target=\"_blank\">opisie zbi\u00f3rki<\/a> druhowie. Jak dodaj\u0105, potrzeby s\u0105 ogromne: od podstawowych artyku\u0142\u00f3w pierwszej potrzeby po koszty odbudowy domu.<\/p>\n<p class=\"article-p\" data-section=\"detail-body\">Rodzina w ci\u0105gu zaledwie kilku minut straci\u0142a bowiem absolutnie wszystko \u2014 meble, ubrania, dokumenty, sprz\u0119ty i fotografie. &#8222;Ka\u017cda rzecz, kt\u00f3ra tworzy\u0142a ich codzienno\u015b\u0107 i by\u0142a \u015bwiadkiem ich historii, zamieni\u0142a si\u0119 w popi\u00f3\u0142. Zosta\u0142y tylko zgliszcza i g\u0142\u0119boka pustka&#8221; \u2014 opisuj\u0105 stra\u017cacy.<\/p>\n<p class=\"article-p\" data-section=\"detail-body\">Pom\u00f3\u017cmy im odbudowa\u0107 nie tylko dom, ale i wiar\u0119 w drugiego cz\u0142owieka<\/p>\n<p class=\"article-p\" data-section=\"detail-body\">\u2014 dodaj\u0105.<\/p>\n<p class=\"article-p\" data-section=\"detail-body\">Cel zbi\u00f3rki zosta\u0142 ustawiony na 200 tys. z\u0142, a w po\u0142udnie 22 listopada na jej koncie widnia\u0142o ju\u017c ponad 40 tys. z\u0142. Jak podkre\u015blaj\u0105 ochotnicy z Chrz\u0105stawy, ka\u017cda z\u0142ot\u00f3wka ma znaczenie. &#8222;Dzi\u0119kujemy za ka\u017cde, nawet najmniejsze, wsparcie i udost\u0119pnienie&#8221; \u2014 podsumowuj\u0105.<\/p>\n<p>        \/4<\/p>\n<p>                    <img decoding=\"async\" class=\"article-image-img\" loading=\"lazy\" alt=\"\" src=\"https:\/\/www.europesays.com\/pl\/wp-content\/uploads\/2025\/11\/IA4k9kuTURBXy9lN2FhZWI1Yy05MDg1LTRkZmYtOWQ2NC04MTRhZjliZDFjNDIuanBlZ5GTAs0DSM0B1t4AAqEwAaExAQ.jpeg\" width=\"840\" height=\"470\"\/><\/p>\n<p>                  OSP Chrz\u0105stawa Wielka \/ Stra\u017c Po\u017carna<\/p>\n<p class=\"article-gallery-p\">\n        Dramatyczny po\u017car w Chrz\u0105stawie Wielkiej (woj. dolno\u015bl\u0105skie) w zaledwie kilka minut doszcz\u0119tnie strawi\u0142 dom.\n    <\/p>\n<p>        \/4<\/p>\n<p>                    <img decoding=\"async\" class=\"article-image-img\" loading=\"lazy\" alt=\"\" src=\"https:\/\/www.europesays.com\/pl\/wp-content\/uploads\/2025\/11\/y9-k9kuTURBXy9kNDc4MjRmMy01MWIyLTQ4MDItOGJkYi05YjZlNDMyZTA1OTMuanBlZ5GTAs0DSM0EYN4AAqEwAaExAQ.jpeg\" width=\"840\" height=\"1120\"\/><\/p>\n<p>                  OSP Chrz\u0105stawa Wielka \/ Stra\u017c Po\u017carna<\/p>\n<p class=\"article-gallery-p\">\n        Stra\u017cacy-ochotnicy wynie\u015bli z p\u0142omieni przera\u017conego szczeniaka.\n    <\/p>\n","protected":false},"excerpt":{"rendered":"Do dramatycznego po\u017caru w Chrz\u0105stawie Wielkiej (woj. dolno\u015bl\u0105skie) dosz\u0142o po godz. 16.00 w czwartek, 20 listopada. Ogie\u0144 b\u0142yskawicznie&hellip;\n","protected":false},"author":2,"featured_media":113722,"comment_status":"","ping_status":"","sticky":false,"template":"","format":"standard","meta":{"footnotes":""},"categories":[12],"tags":[32,33,36,37,27,34,35,28,31,25,42,38,40,39,41,29,30,26],"class_list":{"0":"post-113721","1":"post","2":"type-post","3":"status-publish","4":"format-standard","5":"has-post-thumbnail","7":"category-polska","8":"tag-breaking-news","9":"tag-breakingnews","10":"tag-featured-news","11":"tag-featurednews","12":"tag-headlines","13":"tag-latest-news","14":"tag-latestnews","15":"tag-naglowki","16":"tag-najwazniejsze-artykuly","17":"tag-news","18":"tag-pl","19":"tag-poland","20":"tag-polish","21":"tag-polska","22":"tag-polski","23":"tag-top-stories","24":"tag-topstories","25":"tag-wiadomosci"},"share_on_mastodon":{"url":"https:\/\/pubeurope.com\/@pl\/115595107856466047","error":""},"_links":{"self":[{"href":"https:\/\/www.europesays.com\/pl\/wp-json\/wp\/v2\/posts\/113721","targetHints":{"allow":["GET"]}}],"collection":[{"href":"https:\/\/www.europesays.com\/pl\/wp-json\/wp\/v2\/posts"}],"about":[{"href":"https:\/\/www.europesays.com\/pl\/wp-json\/wp\/v2\/types\/post"}],"author":[{"embeddable":true,"href":"https:\/\/www.europesays.com\/pl\/wp-json\/wp\/v2\/users\/2"}],"replies":[{"embeddable":true,"href":"https:\/\/www.europesays.com\/pl\/wp-json\/wp\/v2\/comments?post=113721"}],"version-history":[{"count":0,"href":"https:\/\/www.europesays.com\/pl\/wp-json\/wp\/v2\/posts\/113721\/revisions"}],"wp:featuredmedia":[{"embeddable":true,"href":"https:\/\/www.europesays.com\/pl\/wp-json\/wp\/v2\/media\/113722"}],"wp:attachment":[{"href":"https:\/\/www.europesays.com\/pl\/wp-json\/wp\/v2\/media?parent=113721"}],"wp:term":[{"taxonomy":"category","embeddable":true,"href":"https:\/\/www.europesays.com\/pl\/wp-json\/wp\/v2\/categories?post=113721"},{"taxonomy":"post_tag","embeddable":true,"href":"https:\/\/www.europesays.com\/pl\/wp-json\/wp\/v2\/tags?post=113721"}],"curies":[{"name":"wp","href":"https:\/\/api.w.org\/{rel}","templated":true}]}}