{"id":113723,"date":"2025-11-22T19:55:13","date_gmt":"2025-11-22T19:55:13","guid":{"rendered":"https:\/\/www.europesays.com\/pl\/113723\/"},"modified":"2025-11-22T19:55:13","modified_gmt":"2025-11-22T19:55:13","slug":"kolejny-telefon-do-trumpa-dostal-informacje-od-koalicji-chetnych-onet","status":"publish","type":"post","link":"https:\/\/www.europesays.com\/pl\/113723\/","title":{"rendered":"Kolejny telefon do Trumpa. Dosta\u0142 informacje od koalicji ch\u0119tnych &#8211; Onet"},"content":{"rendered":"<ol>\n<li><a href=\"https:\/\/news.google.com\/rss\/articles\/CBMi3wFBVV95cUxQdnBNd3g2YVF5WVZBY052c3hGOWJtZ2NGcjZyRWZKMjRXMGMyTm1qSHVTWU9EV3JjM2FpOVRkQUplVXlHVEg5ZGJHOFhCZ2tkREFnbDFMNTZLTjloX0NZYnVLVTl5c1UwRkFValRBRTN5YkI3WEtIeGw4SC13YjVmLWJWWnlwSjFBaURSZE9UUDF2RnRHY1puUnpac2RNTkdnUTZQcUI2Zy13VS1uY0NqR0NpRl9nNVJVWEc3SExjRndvQ3JMVk1FQUU5eThSMWlmaTVBc3NIZmpMM2MxYXBJ?oc=5\" target=\"_blank\" rel=\"nofollow noopener\">Kolejny telefon do Trumpa. Dosta\u0142 informacje od koalicji ch\u0119tnych<\/a>&nbsp;&nbsp;Onet<\/li>\n<li><a href=\"https:\/\/news.google.com\/rss\/articles\/CBMinAFBVV95cUxPRUU5WkduWlRxMFhTOGVQcjR3U3hCc3RTUmlELU1qbFhaa2ZXZEgxR2FlMS03a0ZrLWJjSnFwRXlhZklnWWgwWTFpRVpQMnFodHlyQ3NHUlB0RHpWaHdhdGFIaUhtd1dPM0ZLSmdkNy15Q2ZxdURROVFxb0pVUTQydjRDWV9HN2hJMEJ5N2JfbnpLSGVzaEhyYWlOTlU?oc=5\" target=\"_blank\" rel=\"nofollow noopener\">Szczyt G20 bez Trumpa. Oto pow\u00f3d<\/a>&nbsp;&nbsp;TVN24<\/li>\n<li><a href=\"https:\/\/news.google.com\/rss\/articles\/CBMirwFBVV95cUxPOGlGb0lzbDdRYjVXZmdMQ0YycUpvRzN5VnZkZG1qaGJnRXR5c1VRUEh0SUNVTGpXdHlRMlZ6VUNlaE9OZngzRkZoVjBRQWJaTk84dnVYREV6NWtjYVgtbjFmOUxSZV8xSFJMcG9IZV8zWWsxZy1OUWROOXM0UFItOFNuandqX1BVdHY1LXV5eUdTbzJzVmVCYWdCekYtdjNqb0dPbGphbHdXUXZVQ0VZ?oc=5\" target=\"_blank\" rel=\"nofollow noopener\">Deklaracja przyj\u0119ta jednog\u0142o\u015bnie. Bez udzia\u0142u Amerykan\u00f3w<\/a>&nbsp;&nbsp;Money.pl<\/li>\n<li><a href=\"https:\/\/news.google.com\/rss\/articles\/CBMiugFBVV95cUxPeUgxZldqMmIyYlhRbnF1SEFfNnRQS1JjWU1kUWZManJkMnNQUHV0a0ktVE1RSUp3b2ltM3ROanpqY3BQVV9XdXlCY1RpSXdvNHFQRmQ5aFk0R0pDQ3BlZFd0U0ZzcXFLTWthWi1CRDdvcU1yLXVoMy1CekhfS3RDSVhvZXlyU3d6N3hNUGpYTmk4Q0VxZzJqcnQ0TFVtVTZTemhSbjBheHo1YTk3LUt6VVZqS21ZSTFkS3c?oc=5\" target=\"_blank\" rel=\"nofollow noopener\">Przyw\u00f3dcy pa\u0144stw grupy G20 jednog\u0142o\u015bnie przyj\u0119li deklaracj\u0119 ko\u0144cow\u0105, bez udzia\u0142u USA<\/a>&nbsp;&nbsp;Polska Agencja Prasowa SA<\/li>\n<li><a href=\"https:\/\/news.google.com\/rss\/articles\/CBMivwFBVV95cUxQUHRUVG9wT083bmdlMWdCMmlmZjNtbXowNzFjUHdWbGRiUUhQTXBsTGlnaGRqSmNPWEdfRXB5ME8xY25zV3VyQUdjZ0U2SXdZYmJqbVNDQ0pPZURVY0hWeHdERm1EOGFMZUQwUC1pdFdGYkVaNm5NTTVXd2RfSnp5Z2RUaDFTdmRwcTVfYXV2SzQ5ejFvRTlqaURHTi1zZWJTRW5xYXJKLWZHNEIza2o0YjcxMkMzVk1uNXZsM0RIdw?oc=5\" target=\"_blank\" rel=\"nofollow noopener\">Kolejna rozmowa z Trumpem. Dosta\u0142 informacje ze szczytu G20<\/a>&nbsp;&nbsp;Onet Wiadomo\u015bci<\/li>\n<\/ol>\n","protected":false},"excerpt":{"rendered":"Kolejny telefon do Trumpa. Dosta\u0142 informacje od koalicji ch\u0119tnych&nbsp;&nbsp;Onet Szczyt G20 bez Trumpa. Oto pow\u00f3d&nbsp;&nbsp;TVN24 Deklaracja przyj\u0119ta jednog\u0142o\u015bnie.&hellip;\n","protected":false},"author":2,"featured_media":113724,"comment_status":"","ping_status":"","sticky":false,"template":"","format":"standard","meta":{"footnotes":""},"categories":[5],"tags":[32,33,58,36,37,1128,27,67,64,265,34,35,28,31,53,25,52,68,51,55,42,38,40,39,41,62,47,59,29,30,390,65,50,26,264],"class_list":{"0":"post-113723","1":"post","2":"type-post","3":"status-publish","4":"format-standard","5":"has-post-thumbnail","7":"category-naglowki","8":"tag-breaking-news","9":"tag-breakingnews","10":"tag-donald_trump_prezydent_usa","11":"tag-featured-news","12":"tag-featurednews","13":"tag-g20","14":"tag-headlines","15":"tag-intextvideo_splayer","16":"tag-inwazja_rosji_na_ukraine_2014_","17":"tag-keir_starmer_brytyjski_polityk","18":"tag-latest-news","19":"tag-latestnews","20":"tag-naglowki","21":"tag-najwazniejsze-artykuly","22":"tag-new_header","23":"tag-news","24":"tag-onet3","25":"tag-onet3d","26":"tag-onet3d_2i","27":"tag-phx","28":"tag-pl","29":"tag-poland","30":"tag-polish","31":"tag-polska","32":"tag-polski","33":"tag-rosja_kraj_rosjanin_rosjanie_rosjanka_rosjanki","34":"tag-screening_general","35":"tag-stany_zjednoczone_usa","36":"tag-top-stories","37":"tag-topstories","38":"tag-ukraina_ukrainiec_ukrainka_ukraincy_ukrainki","39":"tag-update_me","40":"tag-v2021","41":"tag-wiadomosci","42":"tag-wielka_brytania_kraj"},"share_on_mastodon":{"url":"","error":"Validation failed: Text character limit of 500 exceeded"},"_links":{"self":[{"href":"https:\/\/www.europesays.com\/pl\/wp-json\/wp\/v2\/posts\/113723","targetHints":{"allow":["GET"]}}],"collection":[{"href":"https:\/\/www.europesays.com\/pl\/wp-json\/wp\/v2\/posts"}],"about":[{"href":"https:\/\/www.europesays.com\/pl\/wp-json\/wp\/v2\/types\/post"}],"author":[{"embeddable":true,"href":"https:\/\/www.europesays.com\/pl\/wp-json\/wp\/v2\/users\/2"}],"replies":[{"embeddable":true,"href":"https:\/\/www.europesays.com\/pl\/wp-json\/wp\/v2\/comments?post=113723"}],"version-history":[{"count":0,"href":"https:\/\/www.europesays.com\/pl\/wp-json\/wp\/v2\/posts\/113723\/revisions"}],"wp:featuredmedia":[{"embeddable":true,"href":"https:\/\/www.europesays.com\/pl\/wp-json\/wp\/v2\/media\/113724"}],"wp:attachment":[{"href":"https:\/\/www.europesays.com\/pl\/wp-json\/wp\/v2\/media?parent=113723"}],"wp:term":[{"taxonomy":"category","embeddable":true,"href":"https:\/\/www.europesays.com\/pl\/wp-json\/wp\/v2\/categories?post=113723"},{"taxonomy":"post_tag","embeddable":true,"href":"https:\/\/www.europesays.com\/pl\/wp-json\/wp\/v2\/tags?post=113723"}],"curies":[{"name":"wp","href":"https:\/\/api.w.org\/{rel}","templated":true}]}}