{"id":113819,"date":"2025-11-22T20:59:09","date_gmt":"2025-11-22T20:59:09","guid":{"rendered":"https:\/\/www.europesays.com\/pl\/113819\/"},"modified":"2025-11-22T20:59:09","modified_gmt":"2025-11-22T20:59:09","slug":"polski-18-latek-mocno-wszedl-do-pucharu-swiata-w-skokach-sport-tvp-pl","status":"publish","type":"post","link":"https:\/\/www.europesays.com\/pl\/113819\/","title":{"rendered":"Polski 18-latek mocno wszed\u0142 do Pucharu \u015awiata w skokach! &#8211; sport.tvp.pl"},"content":{"rendered":"<ol>\n<li><a href=\"https:\/\/news.google.com\/rss\/articles\/CBMilgFBVV95cUxPeE9BQkpkY1RYa0h6dFBKc2djeWdlUGJKekRPcW9RR1B4ZkFuUmpiaURSenZJRHh2ZGljZU5JTDFzSW5LQkpsMnUwRFNtYzh5MmpBbG5RNkZ4Y1JITkFJeXZIaXNLWmFuYldqOExsT0NkVXdDTmc1VmtPNWFzYm9FMEF5THJUcWR4bzhObUNHRzA1YjRUeFHSAZsBQVVfeXFMUFRzSjZIbXdDSjRSUDhEVXVVdjFuNDdyb3NzVW1UOC0wRHNmaEtSZDRxRXlzSEpFTHlGQWMxWTNWRi1UNDA5UlFEWFJMRU55VVdrYjdHXzNtdlpfT01YaXBmSEM4cXlBTlhXYk1zQWdxeFpFajlhanY0c2MwQ0JDNnV3dXdqZkJER25qeHF3OW54M3N1eXUzNXdDTHc?oc=5\" target=\"_blank\" rel=\"nofollow noopener\">Polski 18-latek mocno wszed\u0142 do Pucharu \u015awiata w skokach!<\/a>&nbsp;&nbsp;sport.tvp.pl<\/li>\n<li><a href=\"https:\/\/news.google.com\/rss\/articles\/CBMivgFBVV95cUxNd1cwMDZXSXFicS1sbTZJcFVRRl9MZTFPWTEzbnVUZzRhNVRnOGJHTWJUMS02MU93S3hpdURiblREX2JNRzRsWVJtLWtWREh4bVNDeTdrRXREZ1NMcnZXcU1mTVZYZTJuVjhKZ2VIWEhNbVVBUnl6aVczNWtwOUpxZzRDeDh2YUM2RUd0c2tYaU9VZjFNelZ4YUpQeDJiMGNjTi1UWGduN2pqYWZ4cUVSbk11RmxPZXNKU2hrLWN3?oc=5\" target=\"_blank\" rel=\"nofollow noopener\">Lata czekali\u015bmy na takiego skoczka. 18-letni Polak sensacj\u0105 Pucharu \u015awiata<\/a>&nbsp;&nbsp;Sport w INTERIA.PL<\/li>\n<li><a href=\"https:\/\/news.google.com\/rss\/articles\/CBMi1gFBVV95cUxQZ1ZJQVFlczNPMi1mcFlRS0x0SUlfbjRtZ1lSY0lpUXB4Q2pGZ2swby0tQzB0NUpDeW1EbF9UTkxjcGJUOTNxWUEwcGxpenJ4M1JkQU4ycE1vei15d2FyaEljRWx3M3dlNjVXaVRIVGtkS0pCR1hVRDdyY0FJRW9QZ2hWNXgwRGFLTE5DSTRDODdQdTR2bk9SdWhmVGs1MnM2ZEJaZ3d3V1VQNGhVMEdBaHJZbTVDMU9IU1gxX1NJR0hJU2Z3cFVDOU5aZEdlQVp5VFB2ajl3?oc=5\" target=\"_blank\" rel=\"nofollow noopener\">Oto pierwszy lider! Tak wygl\u0105da klasyfikacja generalna P\u015a w skokach<\/a>&nbsp;&nbsp;Przegl\u0105d Sportowy Onet<\/li>\n<li><a href=\"https:\/\/news.google.com\/rss\/articles\/CBMizwFBVV95cUxPWTBLdjVQbXhxVFBmaWt5MlFEYVoza1RrS0gwWjZrX3owUVlyQTBZX05HMEFpeEZsNlRsMGJVVXpfSG14Y2o1OVFVby1HbG1CYk1KZHdEeTd2VzNlRTBzcHFSb3dfNnRKTDExcTN5VUliYnhsNmZWckx1aENBUDFVcUFqQmtqRHRJOVFDWFBDcnB6cG5mVlJ6NlJQQ3daNHB3V2pjcDlZQ09PYTJTSzhjdHNmc2pvbHo2bUZEcVlzVnZwaGhHYWxjN3YtQXlDVEk?oc=5\" target=\"_blank\" rel=\"nofollow noopener\">Stoch zapewni\u0142 olbrzymie emocje. O debiucie 18-latka z Polski jeszcze d\u0142ugo b\u0119dzie g\u0142o\u015bno<\/a>&nbsp;&nbsp;SportoweFakty<\/li>\n<li><a href=\"https:\/\/news.google.com\/rss\/articles\/CBMiqwFBVV95cUxPUXJiRThSMV9oQXlVWVB5dUJyNTlNUlUxMjladERDYnhRdktBS3NsbVJGUjhOUmVPVEZfZ3JtYVhyeXQ3WVhPMHhIcEdZblJGS25ydnVJUmVfUVVzTTNMWDlZOU84MTl6WmVxeGlCWWFDNHVFVTJWaTRrU3V1Ny1RaWo2RDljRXFVRm5sdmhYSHNQTjVZWUZGUmY3UUVmenVrc2s2X3NPeS1YdEU?oc=5\" target=\"_blank\" rel=\"nofollow noopener\">Oto nowy bohater reprezentacji Polski. Ma 18 lat i ju\u017c robi furor\u0119<\/a>&nbsp;&nbsp;Sport.pl<\/li>\n<\/ol>\n","protected":false},"excerpt":{"rendered":"Polski 18-latek mocno wszed\u0142 do Pucharu \u015awiata w skokach!&nbsp;&nbsp;sport.tvp.pl Lata czekali\u015bmy na takiego skoczka. 18-letni Polak sensacj\u0105 Pucharu&hellip;\n","protected":false},"author":2,"featured_media":113820,"comment_status":"","ping_status":"","sticky":false,"template":"","format":"standard","meta":{"footnotes":""},"categories":[5],"tags":[32,33,36,37,27,6799,2741,34,35,28,31,25,42,38,40,39,41,24841,1538,334,29,30,26],"class_list":{"0":"post-113819","1":"post","2":"type-post","3":"status-publish","4":"format-standard","5":"has-post-thumbnail","7":"category-naglowki","8":"tag-breaking-news","9":"tag-breakingnews","10":"tag-featured-news","11":"tag-featurednews","12":"tag-headlines","13":"tag-kacper-tomasiak","14":"tag-kamil-stoch","15":"tag-latest-news","16":"tag-latestnews","17":"tag-naglowki","18":"tag-najwazniejsze-artykuly","19":"tag-news","20":"tag-pl","21":"tag-poland","22":"tag-polish","23":"tag-polska","24":"tag-polski","25":"tag-puchar-swiata-w-skokach","26":"tag-skoki-narciarskie","27":"tag-sport-tvp-pl","28":"tag-top-stories","29":"tag-topstories","30":"tag-wiadomosci"},"share_on_mastodon":{"url":"https:\/\/pubeurope.com\/@pl\/115595363271615405","error":""},"_links":{"self":[{"href":"https:\/\/www.europesays.com\/pl\/wp-json\/wp\/v2\/posts\/113819","targetHints":{"allow":["GET"]}}],"collection":[{"href":"https:\/\/www.europesays.com\/pl\/wp-json\/wp\/v2\/posts"}],"about":[{"href":"https:\/\/www.europesays.com\/pl\/wp-json\/wp\/v2\/types\/post"}],"author":[{"embeddable":true,"href":"https:\/\/www.europesays.com\/pl\/wp-json\/wp\/v2\/users\/2"}],"replies":[{"embeddable":true,"href":"https:\/\/www.europesays.com\/pl\/wp-json\/wp\/v2\/comments?post=113819"}],"version-history":[{"count":0,"href":"https:\/\/www.europesays.com\/pl\/wp-json\/wp\/v2\/posts\/113819\/revisions"}],"wp:featuredmedia":[{"embeddable":true,"href":"https:\/\/www.europesays.com\/pl\/wp-json\/wp\/v2\/media\/113820"}],"wp:attachment":[{"href":"https:\/\/www.europesays.com\/pl\/wp-json\/wp\/v2\/media?parent=113819"}],"wp:term":[{"taxonomy":"category","embeddable":true,"href":"https:\/\/www.europesays.com\/pl\/wp-json\/wp\/v2\/categories?post=113819"},{"taxonomy":"post_tag","embeddable":true,"href":"https:\/\/www.europesays.com\/pl\/wp-json\/wp\/v2\/tags?post=113819"}],"curies":[{"name":"wp","href":"https:\/\/api.w.org\/{rel}","templated":true}]}}