{"id":113821,"date":"2025-11-22T21:00:08","date_gmt":"2025-11-22T21:00:08","guid":{"rendered":"https:\/\/www.europesays.com\/pl\/113821\/"},"modified":"2025-11-22T21:00:08","modified_gmt":"2025-11-22T21:00:08","slug":"antyrzadowy-transparent-na-legii-zwodzicie-dwa-lata","status":"publish","type":"post","link":"https:\/\/www.europesays.com\/pl\/113821\/","title":{"rendered":"Antyrz\u0105dowy transparent na Legii! &#8222;Zwodzicie dwa lata&#8230;.&#8221;"},"content":{"rendered":"<p>Podczas meczu Ekstraklasy Legii Warszawa z\u00a0Lechi\u0105 Gda\u0144sk, kibice sto\u0142ecznej dru\u017cyny wywiesili antyrz\u0105dowy transparent. Tym samym po\u00a0raz kolejny dali zna\u0107, co\u00a0s\u0105dz\u0105 o\u00a0ekipie Donalda\u00a0Tuska.<\/p>\n<blockquote>\n<p>Dali\u015bcie s\u0142owo, zwodzicie dwa lata. Wi\u0119cej honoru od\u00a0was\u00a0ma\u00a0szmata<\/p>\n<\/blockquote>\n<p>\u2014 to\u00a0ostra tre\u015b\u0107 wspomnianego transparentu kibic\u00f3w Legii Warszawa.<\/p>\n<p>  <img decoding=\"async\" src=\"\/p\/948295\" alt=\"autor: wPolityce.pl\"\/> autor: wPolityce.pl  <\/p>\n<p>\u0141atwo mo\u017cna si\u0119 domy\u015ble\u0107, \u017ce\u00a0fani \u201eWojskowych\u201d nawi\u0105zuj\u0105 do\u00a0ca\u0142ej masy niezrealizowanych obietnic wyborczych Koalicji\u00a013\u00a0grudnia.<\/p>\n","protected":false},"excerpt":{"rendered":"Podczas meczu Ekstraklasy Legii Warszawa z\u00a0Lechi\u0105 Gda\u0144sk, kibice sto\u0142ecznej dru\u017cyny wywiesili antyrz\u0105dowy transparent. Tym samym po\u00a0raz kolejny dali&hellip;\n","protected":false},"author":2,"featured_media":113822,"comment_status":"","ping_status":"","sticky":false,"template":"","format":"standard","meta":{"footnotes":""},"categories":[24],"tags":[42,38,40,39,41,127,126],"class_list":{"0":"post-113821","1":"post","2":"type-post","3":"status-publish","4":"format-standard","5":"has-post-thumbnail","7":"category-sport","8":"tag-pl","9":"tag-poland","10":"tag-polish","11":"tag-polska","12":"tag-polski","13":"tag-sport","14":"tag-sports"},"share_on_mastodon":{"url":"https:\/\/pubeurope.com\/@pl\/115595367301432088","error":""},"_links":{"self":[{"href":"https:\/\/www.europesays.com\/pl\/wp-json\/wp\/v2\/posts\/113821","targetHints":{"allow":["GET"]}}],"collection":[{"href":"https:\/\/www.europesays.com\/pl\/wp-json\/wp\/v2\/posts"}],"about":[{"href":"https:\/\/www.europesays.com\/pl\/wp-json\/wp\/v2\/types\/post"}],"author":[{"embeddable":true,"href":"https:\/\/www.europesays.com\/pl\/wp-json\/wp\/v2\/users\/2"}],"replies":[{"embeddable":true,"href":"https:\/\/www.europesays.com\/pl\/wp-json\/wp\/v2\/comments?post=113821"}],"version-history":[{"count":0,"href":"https:\/\/www.europesays.com\/pl\/wp-json\/wp\/v2\/posts\/113821\/revisions"}],"wp:featuredmedia":[{"embeddable":true,"href":"https:\/\/www.europesays.com\/pl\/wp-json\/wp\/v2\/media\/113822"}],"wp:attachment":[{"href":"https:\/\/www.europesays.com\/pl\/wp-json\/wp\/v2\/media?parent=113821"}],"wp:term":[{"taxonomy":"category","embeddable":true,"href":"https:\/\/www.europesays.com\/pl\/wp-json\/wp\/v2\/categories?post=113821"},{"taxonomy":"post_tag","embeddable":true,"href":"https:\/\/www.europesays.com\/pl\/wp-json\/wp\/v2\/tags?post=113821"}],"curies":[{"name":"wp","href":"https:\/\/api.w.org\/{rel}","templated":true}]}}