{"id":113847,"date":"2025-11-22T21:29:18","date_gmt":"2025-11-22T21:29:18","guid":{"rendered":"https:\/\/www.europesays.com\/pl\/113847\/"},"modified":"2025-11-22T21:29:18","modified_gmt":"2025-11-22T21:29:18","slug":"alert-pierwszego-stopnia-trudne-warunki-w-sobote-i-w-niedziele-od-rana","status":"publish","type":"post","link":"https:\/\/www.europesays.com\/pl\/113847\/","title":{"rendered":"Alert pierwszego stopnia. Trudne warunki w sobot\u0119 i w niedziel\u0119 od rana"},"content":{"rendered":"<p>Instytut Meteorologii i Gospodarki Wodnej wyda\u0142 dzi\u015b (22 listopada) ostrze\u017cenie meteorologiczne pierwszego stopnia dla ca\u0142ego wojew\u00f3dztwa kujawsko-pomorskiego, w tym dla W\u0142oc\u0142awka i powiatu w\u0142oc\u0142awskiego.<\/p>\n<p>Prognozowane s\u0105 lokalnie g\u0119ste mg\u0142y, kt\u00f3re mog\u0105 pojawi\u0107 si\u0119 ju\u017c od godziny 22:00 w sobot\u0119 do godziny 09:00 w niedziel\u0119 (23 listopada).<\/p>\n<p>\u2013 Prognozuje si\u0119 lokalnie g\u0119ste mg\u0142y, w zasi\u0119gu kt\u00f3rych widzialno\u015b\u0107 mo\u017ce miejscami wynosi\u0107 poni\u017cej 200 metr\u00f3w. Mg\u0142y b\u0119d\u0105 osadza\u0107 szad\u017a, lokalnie mog\u0105c powodowa\u0107 \u015blisko\u015b\u0107 nawierzchni<\/p>\n<p>\u2013 informuje IMGW.<\/p>\n<p>Prawdopodobie\u0144stwo wyst\u0105pienia zjawiska oceniono na 75%.<\/p>\n<p>W alertach SMS i systemie RSO podano:<\/p>\n<p>Co to oznacza dla kierowc\u00f3w?<\/p>\n<p>Widoczno\u015b\u0107 poni\u017cej 200 metr\u00f3w to bardzo trudne warunki \u2013 szczeg\u00f3lnie na drogach krajowych wok\u00f3\u0142 miasta, mostach i terenach przy Zalewie W\u0142oc\u0142awskim oraz Wi\u015ble. Mg\u0142a ma te\u017c osadza\u0107 szad\u017a, co mo\u017ce powodowa\u0107 nag\u0142\u0105 \u015blisko\u015b\u0107 nawierzchni, nawet je\u015bli temperatura nie jest ujemna.<\/p>\n<p>Warto zatem:\u2022 zdj\u0105\u0107 nog\u0119 z gazu,\u2022 zachowa\u0107 wi\u0119kszy odst\u0119p od poprzedzaj\u0105cego pojazdu,\u2022 uwa\u017ca\u0107 przy w\u0142\u0105czaniu si\u0119 do ruchu, zw\u0142aszcza na nieo\u015bwietlonych drogach.\u00a0<\/p>\n<p>Gdzie obowi\u0105zuje ostrze\u017cenie?<\/p>\n<p>Ostrze\u017cenie obejmuje wszystkie powiaty w wojew\u00f3dztwie kujawsko-pomorskim, w tym m.in. W\u0142oc\u0142awek, powiat w\u0142oc\u0142awski, Toru\u0144, Bydgoszcz, Inowroc\u0142aw, Radziej\u00f3w, Lipno, Grudzi\u0105dz, Aleksandr\u00f3w Kujawski.<\/p>\n<p>Warto unika\u0107 nocnych podr\u00f3\u017cy, szczeg\u00f3lnie na trasach:\u2022 DK 91\u2022 A1\u2022 DK 62 \u2022 i lokalnych drogach dojazdowych w okolicach miasta.<\/p>\n<p>Prognoz\u0119 pogody mo\u017cna znale\u017a\u0107 w dziale <a href=\"https:\/\/ddwloclawek.pl\/pl\/4_pogoda\" rel=\"nofollow noopener\" target=\"_blank\">Pogoda<\/a> na naszym portalu.\u00a0<\/p>\n<p>Je\u015bli zauwa\u017cy\u0142e\u015b znaczne pogorszenie warunk\u00f3w \u2013 mo\u017cesz przes\u0142a\u0107 nam zdj\u0119cie lub film.<\/p>\n","protected":false},"excerpt":{"rendered":"Instytut Meteorologii i Gospodarki Wodnej wyda\u0142 dzi\u015b (22 listopada) ostrze\u017cenie meteorologiczne pierwszego stopnia dla ca\u0142ego wojew\u00f3dztwa kujawsko-pomorskiego, w&hellip;\n","protected":false},"author":2,"featured_media":113848,"comment_status":"","ping_status":"","sticky":false,"template":"","format":"standard","meta":{"footnotes":""},"categories":[12],"tags":[32,33,36,37,13453,27,34,35,28,31,25,125,42,38,40,39,41,29,30,26,13450,3457,13451,13452],"class_list":{"0":"post-113847","1":"post","2":"type-post","3":"status-publish","4":"format-standard","5":"has-post-thumbnail","7":"category-polska","8":"tag-breaking-news","9":"tag-breakingnews","10":"tag-featured-news","11":"tag-featurednews","12":"tag-fotorelacje","13":"tag-headlines","14":"tag-latest-news","15":"tag-latestnews","16":"tag-naglowki","17":"tag-najwazniejsze-artykuly","18":"tag-news","19":"tag-newsy","20":"tag-pl","21":"tag-poland","22":"tag-polish","23":"tag-polska","24":"tag-polski","25":"tag-top-stories","26":"tag-topstories","27":"tag-wiadomosci","28":"tag-wiadomosci-wloclawek","29":"tag-wloclawek","30":"tag-wloclawek-z-ostatniej-chwili","31":"tag-z-ostatniej-chwili"},"share_on_mastodon":{"url":"https:\/\/pubeurope.com\/@pl\/115595481417254345","error":""},"_links":{"self":[{"href":"https:\/\/www.europesays.com\/pl\/wp-json\/wp\/v2\/posts\/113847","targetHints":{"allow":["GET"]}}],"collection":[{"href":"https:\/\/www.europesays.com\/pl\/wp-json\/wp\/v2\/posts"}],"about":[{"href":"https:\/\/www.europesays.com\/pl\/wp-json\/wp\/v2\/types\/post"}],"author":[{"embeddable":true,"href":"https:\/\/www.europesays.com\/pl\/wp-json\/wp\/v2\/users\/2"}],"replies":[{"embeddable":true,"href":"https:\/\/www.europesays.com\/pl\/wp-json\/wp\/v2\/comments?post=113847"}],"version-history":[{"count":0,"href":"https:\/\/www.europesays.com\/pl\/wp-json\/wp\/v2\/posts\/113847\/revisions"}],"wp:featuredmedia":[{"embeddable":true,"href":"https:\/\/www.europesays.com\/pl\/wp-json\/wp\/v2\/media\/113848"}],"wp:attachment":[{"href":"https:\/\/www.europesays.com\/pl\/wp-json\/wp\/v2\/media?parent=113847"}],"wp:term":[{"taxonomy":"category","embeddable":true,"href":"https:\/\/www.europesays.com\/pl\/wp-json\/wp\/v2\/categories?post=113847"},{"taxonomy":"post_tag","embeddable":true,"href":"https:\/\/www.europesays.com\/pl\/wp-json\/wp\/v2\/tags?post=113847"}],"curies":[{"name":"wp","href":"https:\/\/api.w.org\/{rel}","templated":true}]}}