{"id":113851,"date":"2025-11-22T21:32:15","date_gmt":"2025-11-22T21:32:15","guid":{"rendered":"https:\/\/www.europesays.com\/pl\/113851\/"},"modified":"2025-11-22T21:32:15","modified_gmt":"2025-11-22T21:32:15","slug":"dom-ewy-wachowicz-zasypany-sniegiem-nagle-odezwal-sie-jej-maz-kochanie","status":"publish","type":"post","link":"https:\/\/www.europesays.com\/pl\/113851\/","title":{"rendered":"Dom Ewy Wachowicz zasypany \u015bniegiem. Nagle odezwa\u0142 si\u0119 jej m\u0105\u017c: kochanie&#8230;"},"content":{"rendered":"<p class=\"Paragraph_desktopParagraph__U31Gm\"><a href=\"https:\/\/plejada.pl\/ewa-wachowicz\" id=\"2a922296-cb2a-4e7f-810b-f6d7f12eff93\" rel=\"nofollow noopener\" target=\"_blank\">Ewa Wachowicz<\/a> mieszka w Ma\u0142opolsce, a dok\u0142adnie w Zawoi, gdzie \u015bnie\u017cyce szczeg\u00f3lnie da\u0142y si\u0119 we znaki. W opublikowanej relacji pokaza\u0142a, jak wygl\u0105da jej podw\u00f3rko po intensywnych opadach. Wachowicz, pokazuj\u0105c zasypane podw\u00f3rko, \u017cartowa\u0142a: &#8222;Mo\u017ce nie bia\u0142y, ma\u0142y domek w g\u00f3rach, ale bia\u0142o dooko\u0142a&#8221;. Prezenterka wspomnia\u0142a, \u017ce w od\u015bnie\u017caniu pomaga\u0142 jej m\u0105\u017c, S\u0142awomir Kowalewski. W relacji na InstaStories opowiada\u0142a, \u017ce w Zawoi spad\u0142o sporo \u015bniegu, a koty, kt\u00f3re nakarmi\u0142a, bawi\u0142y si\u0119 w \u015bnie\u017cnej scenerii. &#8222;No i pierwsze od\u015bnie\u017canie w tym roku. No troszk\u0119 tego \u015bniegu napada\u0142o pod Babi\u0105&#8221; \u2014 m\u00f3wi\u0142a.<\/p>\n<ul class=\"OchatFollowUps_wrapper__1ry7X\">\n<li class=\"OchatFollowUps_item__Dhyly OchatFollowUps_itemDesktop__R6aBv\">Gdzie mieszka Ewa Wachowicz?<\/li>\n<li class=\"OchatFollowUps_item__Dhyly OchatFollowUps_itemDesktop__R6aBv\">Jak d\u0142ugo trwa\u0142a budowa domu Ewy Wachowicz?<\/li>\n<li class=\"OchatFollowUps_item__Dhyly OchatFollowUps_itemDesktop__R6aBv\">Kto pomaga\u0142 Ewie Wachowicz w od\u015bnie\u017caniu?<\/li>\n<li class=\"OchatFollowUps_item__Dhyly OchatFollowUps_itemDesktop__R6aBv\">Co s\u0105dz\u0105 internauci o g\u0142osie m\u0119\u017ca Ewy Wachowicz?<\/li>\n<\/ul>\n<p>Fani zachwyceni g\u0142osem m\u0119\u017ca Ewy Wachowicz <\/p>\n<p class=\"Paragraph_desktopParagraph__U31Gm\">Posiad\u0142o\u015b\u0107 Ewy Wachowicz to drewniany dom zbudowany z bali, kt\u00f3ry powsta\u0142 zgodnie z jej marzeniem. Budowa trwa\u0142a zaledwie cztery miesi\u0105ce, a prezenterka wprowadzi\u0142a si\u0119 do niego w kwietniu 2019 r. Dom zosta\u0142 zaprojektowany tak, aby z salonu i sypialni rozpo\u015bciera\u0142 si\u0119 widok na Babi\u0105 G\u00f3r\u0119.<\/p>\n<p class=\"Paragraph_desktopParagraph__U31Gm\">W nowym nagraniu Wachowicz pokazuje zasypany \u015bniegiem ogr\u00f3dek i okolice swojego domu, a w tle s\u0142ycha\u0107 g\u0142os jej m\u0119\u017ca.<\/p>\n<blockquote>\n<p class=\"Paragraph_desktopParagraph__U31Gm\">Zawsze, kochanie, marzy\u0142em o takim przytulnym bia\u0142ym domku w g\u00f3rach. Pi\u0119knie jest<\/p>\n<\/blockquote>\n<p class=\"Paragraph_desktopParagraph__U31Gm\">\u2014 m\u00f3wi\u0142 m\u0119\u017cczyzna.<\/p>\n<p class=\"Paragraph_desktopParagraph__U31Gm\">Ton i barwa jego g\u0142osu zwr\u00f3ci\u0142y uwag\u0119 internaut\u00f3w. &#8222;I cudny ciep\u0142y g\u0142os pani m\u0119\u017ca&#8221; \u2014 napisa\u0142a jedna z fanek, na co Wachowicz zareagowa\u0142a emotk\u0105 serduszkiem.<\/p>\n<blockquote>\n<p class=\"Paragraph_desktopParagraph__U31Gm\">\u015alicznie. M\u0105\u017c spryciarz, zamiast za pani\u0105 od\u015bnie\u017ca\u0107, to zwia\u0142<\/p>\n<\/blockquote>\n<p class=\"Paragraph_desktopParagraph__U31Gm\">&#8222;Ale cudnie&#8221;, &#8222;Nie ma to, jak od\u015bnie\u017ca\u0107&#8221;, &#8222;Ale zima!&#8221;, &#8222;Wow, ale \u015bnie\u017cnie&#8221; \u2014 pisali internauci.<\/p>\n<p><img decoding=\"async\" class=\"Image_image__0tuHp Image_autoHeight__f2n87 \" height=\"587\" width=\"391\" src=\"https:\/\/www.europesays.com\/pl\/wp-content\/uploads\/2025\/11\/nmok9kpTURBXy9kZmM5ZjA2NmYzNWM0MTA2MzNlZGM2NTlkZWI1M2M2Ni5qcGeSlQLNA6wAwsOVAgDNAkvCw94AA6EwAaExAaEzw.jpeg\" alt=\"Ewa Wachowicz\" loading=\"lazy\" \/>Andras Szilagyi \/ MW Media<\/p>\n<p>Ewa Wachowicz<\/p>\n<p class=\"Paragraph_desktopParagraph__U31Gm\">Dzi\u0119kujemy, \u017ce przeczyta\u0142a\u015b\/e\u015b nasz artyku\u0142 do ko\u0144ca. W serwisie Plejada.pl ka\u017cdego dnia piszemy o najwa\u017cniejszych wydarzeniach show-biznesowych. B\u0105d\u017a na bie\u017c\u0105co! <a rel=\"nofollow noopener\" href=\"https:\/\/profile.google.com\/cp\/Cg0vZy8xMWJ6X19wdHBx\" id=\"2284f0e7-8bd4-4a0b-9c16-bda7adee1de0\" target=\"_blank\">Obserwuj<\/a> Plejad\u0119 w Google. Odwied\u017a nas tak\u017ce na <a rel=\"nofollow noopener\" href=\"https:\/\/www.facebook.com\/plejadapl\" id=\"f8c8a964-38c1-47bb-8f15-15ea613721ef\" target=\"_blank\">Facebooku<\/a>, <a rel=\"nofollow noopener\" href=\"https:\/\/www.instagram.com\/plejadapl\/\" id=\"9ca5e587-1ce5-4f98-8d7b-a313249bdfef\" target=\"_blank\">Instagramie<\/a>, <a rel=\"nofollow noopener\" href=\"https:\/\/www.youtube.com\/c\/plejada\" id=\"6422ae2f-01c0-4a73-856a-3492930e1592\" target=\"_blank\">YouTubie<\/a> oraz <a rel=\"nofollow noopener\" href=\"https:\/\/www.tiktok.com\/@plejada_pl\" id=\"f947f0a2-75e3-4ebc-aa48-f5f77d5c473a\" target=\"_blank\">TikToku<\/a>.<\/p>\n<p class=\"Paragraph_desktopParagraph__U31Gm\">Chcesz podzieli\u0107 si\u0119 ciekawym newsem lub zaproponowa\u0107 temat? Skontaktuj si\u0119 z nami, pisz\u0105c maila na adres: <a href=\"https:\/\/www.onet.pl\/styl-zycia\/plejada\/dom-ewy-wachowicz-zasypany-sniegiem-nagle-odezwal-sie-jej-maz-kochanie\/mailto:plejada@redakcjaonet.pl\" id=\"40463847-c2e1-4739-8341-b10ba4d8119a\" rel=\"nofollow noopener\" target=\"_blank\">plejada@redakcjaon<\/a><a rel=\"nofollow noopener\" href=\"http:\/\/et.pl\" id=\"e442a7f4-6743-457a-9f17-e8ea0686ab3a\" target=\"_blank\">et.pl<\/a>.<\/p>\n<p><script async src=\"\/\/www.instagram.com\/embed.js\"><\/script><script async src=\"\/\/www.tiktok.com\/embed.js\"><\/script><\/p>\n","protected":false},"excerpt":{"rendered":"Ewa Wachowicz mieszka w Ma\u0142opolsce, a dok\u0142adnie w Zawoi, gdzie \u015bnie\u017cyce szczeg\u00f3lnie da\u0142y si\u0119 we znaki. W opublikowanej&hellip;\n","protected":false},"author":2,"featured_media":113852,"comment_status":"","ping_status":"","sticky":false,"template":"","format":"standard","meta":{"footnotes":""},"categories":[22],"tags":[244,122,15152,67,53,52,68,51,55,42,38,40,39,41,123,47,196,65,50],"class_list":{"0":"post-113851","1":"post","2":"type-post","3":"status-publish","4":"format-standard","5":"has-post-thumbnail","7":"category-rozrywka","8":"tag-ctr_tst","9":"tag-entertainment","10":"tag-ewa_wachowicz","11":"tag-intextvideo_splayer","12":"tag-new_header","13":"tag-onet3","14":"tag-onet3d","15":"tag-onet3d_2i","16":"tag-phx","17":"tag-pl","18":"tag-poland","19":"tag-polish","20":"tag-polska","21":"tag-polski","22":"tag-rozrywka","23":"tag-screening_general","24":"tag-styl_zycia","25":"tag-update_me","26":"tag-v2021"},"share_on_mastodon":{"url":"https:\/\/pubeurope.com\/@pl\/115595493278470315","error":""},"_links":{"self":[{"href":"https:\/\/www.europesays.com\/pl\/wp-json\/wp\/v2\/posts\/113851","targetHints":{"allow":["GET"]}}],"collection":[{"href":"https:\/\/www.europesays.com\/pl\/wp-json\/wp\/v2\/posts"}],"about":[{"href":"https:\/\/www.europesays.com\/pl\/wp-json\/wp\/v2\/types\/post"}],"author":[{"embeddable":true,"href":"https:\/\/www.europesays.com\/pl\/wp-json\/wp\/v2\/users\/2"}],"replies":[{"embeddable":true,"href":"https:\/\/www.europesays.com\/pl\/wp-json\/wp\/v2\/comments?post=113851"}],"version-history":[{"count":0,"href":"https:\/\/www.europesays.com\/pl\/wp-json\/wp\/v2\/posts\/113851\/revisions"}],"wp:featuredmedia":[{"embeddable":true,"href":"https:\/\/www.europesays.com\/pl\/wp-json\/wp\/v2\/media\/113852"}],"wp:attachment":[{"href":"https:\/\/www.europesays.com\/pl\/wp-json\/wp\/v2\/media?parent=113851"}],"wp:term":[{"taxonomy":"category","embeddable":true,"href":"https:\/\/www.europesays.com\/pl\/wp-json\/wp\/v2\/categories?post=113851"},{"taxonomy":"post_tag","embeddable":true,"href":"https:\/\/www.europesays.com\/pl\/wp-json\/wp\/v2\/tags?post=113851"}],"curies":[{"name":"wp","href":"https:\/\/api.w.org\/{rel}","templated":true}]}}