{"id":113888,"date":"2025-11-22T22:13:10","date_gmt":"2025-11-22T22:13:10","guid":{"rendered":"https:\/\/www.europesays.com\/pl\/113888\/"},"modified":"2025-11-22T22:13:10","modified_gmt":"2025-11-22T22:13:10","slug":"kto-wygral-walke-laluna-vs-gliniara-na-fame-mma-28-zawod-typer","status":"publish","type":"post","link":"https:\/\/www.europesays.com\/pl\/113888\/","title":{"rendered":"Kto wygra\u0142 walk\u0119 Laluna vs Gliniara na FAME MMA 28? &#8211; Zaw\u00f3d Typer"},"content":{"rendered":"<ol>\n<li><a href=\"https:\/\/news.google.com\/rss\/articles\/CBMifkFVX3lxTE9VMTROcDZ5elNxekN1Rzl3Q0xOeGtMZ1Yyd1NCa0I0cE9HaWN1VnpnNlpabjljRkFvNV8wanNHMFNqUjFTYTBEZzMwOUVxdGJ5MDZYeGNwMTZnekN3MXJscFM5LUVEVzNsZ1dhTUViTExIeFRLOEJIVzhoM2dDQQ?oc=5\" target=\"_blank\" rel=\"nofollow noopener\">Kto wygra\u0142 walk\u0119 Laluna vs Gliniara na FAME MMA 28?<\/a>&nbsp;&nbsp;Zaw\u00f3d Typer<\/li>\n<li><a href=\"https:\/\/news.google.com\/rss\/articles\/CBMirgFBVV95cUxNZkhtN0dxVThWeGJRRmw0RlNtN2NTUUE0ZjJzSUZHQWl2dlNEdUViY1Q4NXY2SHZVZk9mOTZnYUV4OVEybE11YU9WZVBkOUVSUV9hMGxkRk12Q3FJSmYyODY0MDhUbmwyd3hmTVZkUDhYTnFzTkhSSXBlWXJ5VmZIWmlSOHJPRmJHdzllTkF3ay1HZFo5NFAwZUV2cjB0SkFFTjlIaXNjRHpabTYzT3c?oc=5\" target=\"_blank\" rel=\"nofollow noopener\">Zachwyty nad form\u0105 by\u0142ej policjantki. To nowa gwiazda Fame MMA<\/a>&nbsp;&nbsp;SportoweFakty<\/li>\n<li><a href=\"https:\/\/news.google.com\/rss\/articles\/CBMiqwFBVV95cUxQYmlreURtSnB1RURYNVRBQ3haSWljZHdsbTJEUTNWQWJHTnBfSkpFeWExWmN6MGFZTWR1NFpNcnpxdGN6cF9pQnpzamp4ZzhBUjNJLXQ3cFZhczZ6UkVpMU5wR1J3NXpCbDNzLTdYODNXTVFWR3lSX3pmTEx3MUg2bEJOaVlSM3dzRmI1ZkVia3ktZ1FYVVA5ay12aFE1eXVHbHBGaV95ckdzaU0?oc=5\" target=\"_blank\" rel=\"nofollow noopener\">Afera po walce &#8222;Laluny&#8221; na FAME MMA. Wesz\u0142a Marianna Schreiber i si\u0119 zacz\u0119\u0142o<\/a>&nbsp;&nbsp;Sport w INTERIA.PL<\/li>\n<li><a href=\"https:\/\/news.google.com\/rss\/articles\/CBMihAJBVV95cUxPSWM3TFpzNlRTLWx0MlUtbVliZ1FSWlJLWlVHOUw0SUhqR2xic2NEQzA0cUpTbjZXeUhyempJYnpMcDdwa3pIbm9jZ0Z2Q0hDS3lCeExpUlc3VXowTXQ1RFhSWGpSckJfaHFCZHhZRjJjajlFcTNMMTJoTDFlTXFOSXhUNHN0Tl9PMEpKNy1ZTC0teGZwa001bDZQNVQ3ZHV1SmVBQ1lWOFVValRXa0RNbl9WYlMyRFAxdnF5OFFiM3hjTVhMZlFDbmV0bThaS1RSLUxRa3Zmc3VoeVVyaXBuUzFleWZla0ZCNlI1cnFKdFVCYkMxX3BJaWVRbHVNZElUX1NuMQ?oc=5\" target=\"_blank\" rel=\"nofollow noopener\">FAME 28. By\u0142a policjantka robi furor\u0119 przed Fame MMA. O jej zmys\u0142owych zdj\u0119ciach huczy w ca\u0142ej Polsce!<\/a>&nbsp;&nbsp;Super Express<\/li>\n<li><a href=\"https:\/\/news.google.com\/rss\/articles\/CBMifEFVX3lxTE5JT0tMM2Y4UDZxUU0xY0ZoaHIyU0p2Ym5MZG10TUhDeDR4a25ySFhxS012S0x0ZkNiOGgyTHVpQjMzZWRNckd2Ym1VYnJhalk5eExvMWFBVUxKeXVUaWEtdTZhVTFOamJReVVndlBRYnNEWlRVU3cxcU93Y0E?oc=5\" target=\"_blank\" rel=\"nofollow noopener\">O kt\u00f3rej walka Laluna \u2013 Gliniara? Typy bukmacherskie<\/a>&nbsp;&nbsp;Etoto<\/li>\n<\/ol>\n","protected":false},"excerpt":{"rendered":"Kto wygra\u0142 walk\u0119 Laluna vs Gliniara na FAME MMA 28?&nbsp;&nbsp;Zaw\u00f3d Typer Zachwyty nad form\u0105 by\u0142ej policjantki. To nowa&hellip;\n","protected":false},"author":2,"featured_media":113889,"comment_status":"","ping_status":"","sticky":false,"template":"","format":"standard","meta":{"footnotes":""},"categories":[24],"tags":[24800,42,38,40,39,41,127,126,1256,4112],"class_list":{"0":"post-113888","1":"post","2":"type-post","3":"status-publish","4":"format-standard","5":"has-post-thumbnail","7":"category-sport","8":"tag-fame-mma-28","9":"tag-pl","10":"tag-poland","11":"tag-polish","12":"tag-polska","13":"tag-polski","14":"tag-sport","15":"tag-sports","16":"tag-sporty-walki","17":"tag-wyniki"},"share_on_mastodon":{"url":"https:\/\/pubeurope.com\/@pl\/115595654345355728","error":""},"_links":{"self":[{"href":"https:\/\/www.europesays.com\/pl\/wp-json\/wp\/v2\/posts\/113888","targetHints":{"allow":["GET"]}}],"collection":[{"href":"https:\/\/www.europesays.com\/pl\/wp-json\/wp\/v2\/posts"}],"about":[{"href":"https:\/\/www.europesays.com\/pl\/wp-json\/wp\/v2\/types\/post"}],"author":[{"embeddable":true,"href":"https:\/\/www.europesays.com\/pl\/wp-json\/wp\/v2\/users\/2"}],"replies":[{"embeddable":true,"href":"https:\/\/www.europesays.com\/pl\/wp-json\/wp\/v2\/comments?post=113888"}],"version-history":[{"count":0,"href":"https:\/\/www.europesays.com\/pl\/wp-json\/wp\/v2\/posts\/113888\/revisions"}],"wp:featuredmedia":[{"embeddable":true,"href":"https:\/\/www.europesays.com\/pl\/wp-json\/wp\/v2\/media\/113889"}],"wp:attachment":[{"href":"https:\/\/www.europesays.com\/pl\/wp-json\/wp\/v2\/media?parent=113888"}],"wp:term":[{"taxonomy":"category","embeddable":true,"href":"https:\/\/www.europesays.com\/pl\/wp-json\/wp\/v2\/categories?post=113888"},{"taxonomy":"post_tag","embeddable":true,"href":"https:\/\/www.europesays.com\/pl\/wp-json\/wp\/v2\/tags?post=113888"}],"curies":[{"name":"wp","href":"https:\/\/api.w.org\/{rel}","templated":true}]}}