{"id":113892,"date":"2025-11-22T22:18:16","date_gmt":"2025-11-22T22:18:16","guid":{"rendered":"https:\/\/www.europesays.com\/pl\/113892\/"},"modified":"2025-11-22T22:18:16","modified_gmt":"2025-11-22T22:18:16","slug":"konflikt-w-lonie-pis-rzecznik-partii-dementuje","status":"publish","type":"post","link":"https:\/\/www.europesays.com\/pl\/113892\/","title":{"rendered":"Konflikt w \u0142onie PiS? Rzecznik partii dementuje"},"content":{"rendered":"\n<p>&#13;<br \/>\nWirtualna Polska zamie\u015bci\u0142a artyku\u0142, w\u00a0kt\u00f3rym opisywa\u0142a rzekomy konflikt \u0142onie partii Jaros\u0142awa Kaczy\u0144skiego. Do\u00a0spi\u0119\u0107 mia\u0142o dochodzi\u0107 mi\u0119dzy obozem Mateusza Morawickiego i\u00a0Piotra Gli\u0144skiego a\u00a0politykami skupionymi wok\u00f3\u0142 Jacka Sasina, Patryka Jakiego i\u00a0Tobiasza Boche\u0144skiego. &#13;\n<\/p>\n<p>&#13;<br \/>\n&#8222;Wed\u0142ug informacji Wirtualnej Polski wiceprezes PiS Mateusz Morawiecki zrezygnowa\u0142 z\u00a0udzia\u0142u w\u00a0konferencji \u00abMy\u015bl\u0105c Polska\u00bb, kt\u00f3ra odbywa si\u0119 w\u00a0sobot\u0119 22 listopada. Powodem \u2013\u00a0jak s\u0142yszymy \u2013\u00a0jest jego wykluczenie z\u00a0zespo\u0142u prac programowych PiS przez frakcj\u0119 Tobiasza Boche\u0144skiego, Patryka Jakiego i\u00a0Jacka Sasina oraz\u00a0ich wsp\u00f3\u0142pracownik\u00f3w&#8221; \u2013\u00a0napisa\u0142 jeden z\u00a0autor\u00f3w tekstu Micha\u0142 Wr\u00f3blewski. &#13;\n<\/p>\n<p>Bochenek dementuje rewelacje WP<\/p>\n<p>&#13;<br \/>\nNa medialne doniesienia zareagowa\u0142 rzecznik partii. Rafa\u0142 Bochenek zdementowa\u0142 tezy o\u00a0konflikcie w\u00a0PiS. &#13;\n<\/p>\n<p>&#13;<br \/>\n&#8222;Odnosz\u0105c si\u0119 do\u00a0spekulacji medialnych: decyzj\u0105 p. prezesa @OficjalnyJK szefem rady programowej PiS jest prof. Piotr Gli\u0144ski i\u00a0to on ca\u0142o\u015bciowo koordynuje prace programowe naszego \u015brodowiska, a\u00a0wszelkie zespo\u0142y \u2013\u00a0tak\u017ce te\u00a0powo\u0142ane w\u00a0ostatnim czasie maj\u0105 charakter wspieraj\u0105cy i\u00a0pomocniczy; co\u00a0wi\u0119cej s\u0105 zespo\u0142ami otwartymi, co\u00a0oznacza, i\u017c\u00a0ka\u017cdy kto b\u0119dzie chcia\u0142 wzi\u0105\u0107 w\u00a0nich udzia\u0142 i\u00a0zaanga\u017cowa\u0107 si\u0119 w\u00a0ich prac\u0119 b\u0119dzie w\u00a0te dzia\u0142ania w\u0142\u0105czony&#8221; \u2013\u00a0napisa\u0142 polityk PiS na\u00a0swoim koncie na\u00a0platformie X. &#13;\n<\/p>\n<p>&#13;<br \/>\ntwitter&#13;\n<\/p>\n<p>&#13;<br \/>\nPrzypomnijmy, \u017ce\u00a0pod koniec czerwca odby\u0142 si\u0119 kongres PiS, w\u00a0trakcie kt\u00f3rego wybrano nowe w\u0142adze partii. Powo\u0142ano <a href=\"https:\/\/dorzeczy.pl\/kraj\/746925\/nowi-wiceprezesi-w-pis-wsrod-nich-przemyslaw-czarnek.html\" rel=\"nofollow noopener\" target=\"_blank\">czterech nowych wiceprezes\u00f3w PiS<\/a>. Zostali nimi: Anna Krupka, Przemys\u0142aw Czarnek, Tobiasz Boche\u0144ski oraz\u00a0Zbigniew Ziobro. &#13;\n<\/p>\n<p>&#13;<br \/>\nPrezesem partii pozosta\u0142 Jaros\u0142aw Kaczy\u0144ski, kt\u00f3ry na\u00a0czele ugrupowania stoi od\u00a02003 roku. &#13;\n<\/p>\n<p>&#13;<br \/>\nPod koniec pa\u017adziernika PiS zorganizowa\u0142o konwencj\u0119 programow\u0105, podczas kt\u00f3rej zaprezentowano m.in. nowe postulaty socjalne. &#13;\n<\/p>\n<p>&#13;<br \/>\nCzytaj te\u017c:<br \/><a href=\"https:\/\/dorzeczy.pl\/opinie\/809748\/kaczynski-obawia-sie-decyzji-nawrockiego.html\" rel=\"follow nofollow noopener\" data-schema=\"DORZECZY\" data-image=\"https:\/\/img.dorzeczy.pl\/_thumb\/c2\/57\/a5e66790283fa6451732b2668ae7.jpeg\" target=\"_blank\">&#8222;Kaczy\u0144ski m\u00f3wi wprost&#8221;. Prezes PiS mocno obawia si\u0119 decyzji Nawrockiego<\/a>Czytaj te\u017c:<br \/><a href=\"https:\/\/dorzeczy.pl\/opinie\/809238\/kaczynski-nie-wytrzymal-jednosc-tak-ale-bez-tuska.html\" rel=\"follow nofollow noopener\" data-schema=\"DORZECZY\" data-image=\"https:\/\/img.dorzeczy.pl\/_thumb\/a7\/80\/5a0d8c0bf4e3c7a3d242092750bd.jpeg\" target=\"_blank\">Kaczy\u0144ski nie\u00a0wytrzyma\u0142. &#8222;Jedno\u015b\u0107 tak, ale\u00a0bez Tuska&#8221;<\/a>&#13;<\/p>\n","protected":false},"excerpt":{"rendered":"&#13; Wirtualna Polska zamie\u015bci\u0142a artyku\u0142, w\u00a0kt\u00f3rym opisywa\u0142a rzekomy konflikt \u0142onie partii Jaros\u0142awa Kaczy\u0144skiego. Do\u00a0spi\u0119\u0107 mia\u0142o dochodzi\u0107 mi\u0119dzy obozem&hellip;\n","protected":false},"author":2,"featured_media":89257,"comment_status":"","ping_status":"","sticky":false,"template":"","format":"standard","meta":{"footnotes":""},"categories":[12],"tags":[32,33,98,36,37,24845,27,3787,49,34,35,601,28,31,25,102,529,42,38,40,39,41,29,30,26],"class_list":{"0":"post-113892","1":"post","2":"type-post","3":"status-publish","4":"format-standard","5":"has-post-thumbnail","7":"category-polska","8":"tag-breaking-news","9":"tag-breakingnews","10":"tag-dorzeczy","11":"tag-featured-news","12":"tag-featurednews","13":"tag-glinski","14":"tag-headlines","15":"tag-konflikt","16":"tag-kraj","17":"tag-latest-news","18":"tag-latestnews","19":"tag-marcin-bugaj","20":"tag-naglowki","21":"tag-najwazniejsze-artykuly","22":"tag-news","23":"tag-opinie","24":"tag-pis","25":"tag-pl","26":"tag-poland","27":"tag-polish","28":"tag-polska","29":"tag-polski","30":"tag-top-stories","31":"tag-topstories","32":"tag-wiadomosci"},"share_on_mastodon":{"url":"https:\/\/pubeurope.com\/@pl\/115595674036105409","error":""},"_links":{"self":[{"href":"https:\/\/www.europesays.com\/pl\/wp-json\/wp\/v2\/posts\/113892","targetHints":{"allow":["GET"]}}],"collection":[{"href":"https:\/\/www.europesays.com\/pl\/wp-json\/wp\/v2\/posts"}],"about":[{"href":"https:\/\/www.europesays.com\/pl\/wp-json\/wp\/v2\/types\/post"}],"author":[{"embeddable":true,"href":"https:\/\/www.europesays.com\/pl\/wp-json\/wp\/v2\/users\/2"}],"replies":[{"embeddable":true,"href":"https:\/\/www.europesays.com\/pl\/wp-json\/wp\/v2\/comments?post=113892"}],"version-history":[{"count":0,"href":"https:\/\/www.europesays.com\/pl\/wp-json\/wp\/v2\/posts\/113892\/revisions"}],"wp:featuredmedia":[{"embeddable":true,"href":"https:\/\/www.europesays.com\/pl\/wp-json\/wp\/v2\/media\/89257"}],"wp:attachment":[{"href":"https:\/\/www.europesays.com\/pl\/wp-json\/wp\/v2\/media?parent=113892"}],"wp:term":[{"taxonomy":"category","embeddable":true,"href":"https:\/\/www.europesays.com\/pl\/wp-json\/wp\/v2\/categories?post=113892"},{"taxonomy":"post_tag","embeddable":true,"href":"https:\/\/www.europesays.com\/pl\/wp-json\/wp\/v2\/tags?post=113892"}],"curies":[{"name":"wp","href":"https:\/\/api.w.org\/{rel}","templated":true}]}}