{"id":113947,"date":"2025-11-22T23:32:08","date_gmt":"2025-11-22T23:32:08","guid":{"rendered":"https:\/\/www.europesays.com\/pl\/113947\/"},"modified":"2025-11-22T23:32:08","modified_gmt":"2025-11-22T23:32:08","slug":"debiut-waldusia-w-fame-trwal-chwile-blyskawiczny-nokaut","status":"publish","type":"post","link":"https:\/\/www.europesays.com\/pl\/113947\/","title":{"rendered":"Debiut &#8222;Waldusia&#8221; w FAME trwa\u0142 chwil\u0119. B\u0142yskawiczny nokaut"},"content":{"rendered":"\n<p class=\"contentpart contentpart--default contentpart--text\" data-position=\"0\"><a href=\"https:\/\/sportowefakty.wp.pl\/sportowybar\/bartosz-zukowski\" rel=\"nofollow noopener\" target=\"_blank\">Bartosz \u017bukowski<\/a>\u00a0, kojarzony przede wszystkim jako Waldu\u015b Kiepski ze &#8222;\u015awiata wed\u0142ug kiepskich,, w ko\u0144cu pojawi\u0142 si\u0119 w \u015bwiecie freak-fight\u00f3w. Jego debiut w FAME MMA od tygodni budzi\u0142 ciekawo\u015b\u0107 fan\u00f3w, a w sobot\u0119, podczas FAME 28, sta\u0142 si\u0119 faktem. Jego rywalem by\u0142 Tomasz &#8222;Szalony Reporter&#8221; Matysiak.<\/p>\n<p class=\"contentpart contentpart--default contentpart--text\" data-position=\"1\">Walka zacz\u0119\u0142a si\u0119 b\u0142yskawicznie i r\u00f3wnie szybko si\u0119 zako\u0144czy\u0142a. &#8222;Szalony Reporter&#8221; od razu ruszy\u0142 do przodu, a Bartosz \u017bukowski po zaledwie kilku sekundach wyl\u0105dowa\u0142 na deskach. Pr\u00f3ba powrotu do walki nic nie zmieni\u0142a.  Kolejne ciosy szybko go ponownie powali\u0142y.<\/p>\n<p> <img role=\"presentation\" src=\"https:\/\/std.wpcdn.pl\/images\/adv\/placeholder_wp.svg\" loading=\"lazy\" alt=\"\" decoding=\"async\"\/>  <\/p>\n<p class=\"contentpart contentpart--default contentpart--text\" data-position=\"2\">Po drugim nokdaunie s\u0119dzia przerwa\u0142 starcie, a debiut &#8222;Waldusia&#8221; w FAME MMA zako\u0144czy\u0142 si\u0119 jednostronnym TKO ju\u017c w pierwszej rundzie.<\/p>\n<p class=\"contentpart contentpart--default contentpart--text\" data-position=\"3\">&#8211; Troch\u0119 szkoda, \u017ce nie mog\u0142em pokaza\u0107 czego\u015b wi\u0119cej. Ten boks na ko\u0144cu zacz\u0105\u0142 mi wychodzi\u0107. Wielki szacunek dla Bartka &#8211; skomentowa\u0142 &#8222;Szalony Reporter&#8221;.<\/p>\n<p class=\"contentpart contentpart--default contentpart--text\" data-position=\"4\">&#8211; Trzy tygodnie to rzeczywi\u015bcie za ma\u0142o. Ale ruszam ostro do roboty, mam nadziej\u0119, \u017ce jeszcze zawalcz\u0119. Podoba\u0142y mi si\u0119 te emocje, tylko troszeczk\u0119 mnie to wyprzedzi\u0142o &#8211; skomentowa\u0142 \u017bukowski.<\/p>\n<p class=\"contentpart contentpart--default contentpart--text\" data-position=\"5\">ZOBACZ WIDEO: Polak zdecydowany na wielki transfer. &#8222;Okre\u015bli\u0142em cele&#8221;<\/p>\n","protected":false},"excerpt":{"rendered":"Bartosz \u017bukowski\u00a0, kojarzony przede wszystkim jako Waldu\u015b Kiepski ze &#8222;\u015awiata wed\u0142ug kiepskich,, w ko\u0144cu pojawi\u0142 si\u0119 w \u015bwiecie&hellip;\n","protected":false},"author":2,"featured_media":113948,"comment_status":"","ping_status":"","sticky":false,"template":"","format":"standard","meta":{"footnotes":""},"categories":[24],"tags":[16771,16772,1255,42,38,40,39,41,127,126,1256],"class_list":{"0":"post-113947","1":"post","2":"type-post","3":"status-publish","4":"format-standard","5":"has-post-thumbnail","7":"category-sport","8":"tag-bartosz-zukowski","9":"tag-fame-mma","10":"tag-mma","11":"tag-pl","12":"tag-poland","13":"tag-polish","14":"tag-polska","15":"tag-polski","16":"tag-sport","17":"tag-sports","18":"tag-sporty-walki"},"share_on_mastodon":{"url":"https:\/\/pubeurope.com\/@pl\/115595964998537869","error":""},"_links":{"self":[{"href":"https:\/\/www.europesays.com\/pl\/wp-json\/wp\/v2\/posts\/113947","targetHints":{"allow":["GET"]}}],"collection":[{"href":"https:\/\/www.europesays.com\/pl\/wp-json\/wp\/v2\/posts"}],"about":[{"href":"https:\/\/www.europesays.com\/pl\/wp-json\/wp\/v2\/types\/post"}],"author":[{"embeddable":true,"href":"https:\/\/www.europesays.com\/pl\/wp-json\/wp\/v2\/users\/2"}],"replies":[{"embeddable":true,"href":"https:\/\/www.europesays.com\/pl\/wp-json\/wp\/v2\/comments?post=113947"}],"version-history":[{"count":0,"href":"https:\/\/www.europesays.com\/pl\/wp-json\/wp\/v2\/posts\/113947\/revisions"}],"wp:featuredmedia":[{"embeddable":true,"href":"https:\/\/www.europesays.com\/pl\/wp-json\/wp\/v2\/media\/113948"}],"wp:attachment":[{"href":"https:\/\/www.europesays.com\/pl\/wp-json\/wp\/v2\/media?parent=113947"}],"wp:term":[{"taxonomy":"category","embeddable":true,"href":"https:\/\/www.europesays.com\/pl\/wp-json\/wp\/v2\/categories?post=113947"},{"taxonomy":"post_tag","embeddable":true,"href":"https:\/\/www.europesays.com\/pl\/wp-json\/wp\/v2\/tags?post=113947"}],"curies":[{"name":"wp","href":"https:\/\/api.w.org\/{rel}","templated":true}]}}