{"id":113958,"date":"2025-11-22T23:45:15","date_gmt":"2025-11-22T23:45:15","guid":{"rendered":"https:\/\/www.europesays.com\/pl\/113958\/"},"modified":"2025-11-22T23:45:15","modified_gmt":"2025-11-22T23:45:15","slug":"skrytykowala-trumpa-teraz-odchodzi-z-kongresu-podsumowanie-nocy","status":"publish","type":"post","link":"https:\/\/www.europesays.com\/pl\/113958\/","title":{"rendered":"Skrytykowa\u0142a Trumpa, teraz odchodzi z Kongresu. Podsumowanie nocy"},"content":{"rendered":"<p> Filar MAGA rezygnuje <\/p>\n<p class=\"ods-c-paragraph \">Kongresmenka z Georgii Marjorie Taylor Greene poinformowa\u0142a w mediach spo\u0142eczno\u015bciowych, \u017ce <a href=\"https:\/\/wiadomosci.onet.pl\/swiat\/ikona-ruchu-maga-rezygnuje-marjorie-taylor-green-odchodzi-z-kongresu\/d1xj2k4\" id=\"3f708c3a-100a-44bd-893d-55c77d38ad70\" rel=\"nofollow noopener\" target=\"_blank\">rezygnuje ze stanowiska w Kongresie<\/a>. \u2014 Mam zbyt du\u017ce poczucie w\u0142asnej warto\u015bci i godno\u015bci, zbyt mocno kocham swoj\u0105 rodzin\u0119 i nie chc\u0119, aby moja ukochana dzielnica musia\u0142a znosi\u0107 bolesne i pe\u0142ne nienawi\u015bci prawybory. Prowadzi je prezydent, o kt\u00f3rego wszyscy walczyli\u015bmy, tylko po to, aby walczy\u0107 i wygra\u0107 wybory, podczas gdy republikanie prawdopodobnie przegraj\u0105 wybory uzupe\u0142niaj\u0105ce \u2014 powiedzia\u0142a.<\/p>\n<p class=\"ods-c-paragraph \">Pytany o nazywanie Mamdaniego \u2014 okre\u015blaj\u0105cego si\u0119 mianem demokratycznego socjalisty \u2014 komunist\u0105, Trump stwierdzi\u0142, \u017ce burmistrz elekt &#8222;ma swoje pogl\u0105dy&#8221;, lecz doda\u0142, \u017ce &#8222;wszyscy si\u0119 zmieniaj\u0105&#8221;, tak jak i on sam zmieni\u0142 swoje pogl\u0105dy po doj\u015bciu do w\u0142adzy. Zaprzeczy\u0142 te\u017c, by Mamdani, pierwszy muzu\u0142ma\u0144ski burmistrz Nowego Jorku, by\u0142 d\u017cihadyst\u0105, wbrew temu co zarzucali mu republika\u0144scy politycy.<\/p>\n<p> Dlaczego Marjorie Taylor Greene rezygnuje ze stanowiska? <\/p>\n<p> Jakie zmiany w pogl\u0105dach dostrzega Donald Trump? <\/p>\n<p> Kto jest nowym burmistrzem Nowego Jorku? <\/p>\n<p> Co rozpoczyna si\u0119 dzisiaj w Polsce? <\/p>\n<p>      Sybiha rozmawia\u0142 z Sikorskim <\/p>\n<p class=\"ods-c-paragraph \">Szef ukrai\u0144skiej dyplomacji Andrij Sybiha rozmawia\u0142 w pi\u0105tek z Rados\u0142awem Sikorskim. Zamie\u015bci\u0142 po niej wpis w mediach spo\u0142eczno\u015bciowych: &#8222;Podkre\u015bli\u0142em, \u017ce pa\u0144stwa europejskie, a <a href=\"https:\/\/wiadomosci.onet.pl\/swiat\/sybiha-rozmawial-z-sikorskim-polska-musi-byc-zaangazowana\/g65k690\" id=\"8894dc52-6844-4472-8602-60f72fb0563c\" rel=\"nofollow noopener\" target=\"_blank\">zw\u0142aszcza Polska jako wiarygodny sojusznik i s\u0105siad Ukrainy, musz\u0105 by\u0107 zaanga\u017cowane<\/a> i odgrywa\u0107 wa\u017cn\u0105 rol\u0119 w wysi\u0142kach na rzecz pokoju. Doceniam rady, pogl\u0105dy i sugestie Radka, a tak\u017ce wsparcie Polski dla Ukrainy&#8221; \u2014 napisa\u0142.<\/p>\n<p>     Co nas czeka w sobot\u0119? <\/p>\n<p class=\"ods-c-paragraph \">Dzi\u015b rusza pilota\u017c programu &#8222;wGotowo\u015bci&#8221;, czyli powszechne szkolenia obronne. To pierwsza w Polsce inicjatywa pozwalaj\u0105ca ka\u017cdemu pe\u0142noletniemu obywatelowi zdoby\u0107 umiej\u0119tno\u015bci niezb\u0119dne w sytuacji zagro\u017cenia \u2014 od pierwszej pomocy po cyberbezpiecze\u0144stwo.<\/p>\n<p class=\"ods-c-paragraph \">Uroczysta inauguracja programu z udzia\u0142em wicepremiera, szefa MON W\u0142adys\u0142awa Kosiniaka-Kamysza rozpocznie si\u0119 o godz. 9.30 w 16. Batalionie Powietrznodesantowym w Krakowie.<\/p>\n<p class=\"ods-c-paragraph \">W Johannesburgu w RPA rozpocznie si\u0119 rano dwudniowy szczyt grupy G20, zrzeszaj\u0105cej najwi\u0119ksze gospodarki \u015bwiata. Po raz pierwszy szczyt G20 odbywa si\u0119 bez udzia\u0142u przyw\u00f3dc\u00f3w trzech najpot\u0119\u017cniejszych pa\u0144stw grupy: USA \u2014 Donalda Trumpa, Chin \u2014 Xi Jinpinga i Rosji \u2014 W\u0142adimira Putina. Stany Zjednoczone \u2014 gospodarz kolejnego szczytu na Florydzie \u2014 bojkotuj\u0105 spotkanie, poniewa\u017c prezydent Donald Trump oskar\u017ca w\u0142adze w Pretorii o dyskryminacj\u0119 i prze\u015bladowanie bia\u0142ej mniejszo\u015bci.<\/p>\n<p class=\"ods-c-paragraph \">Sprzeciw USA grozi podwa\u017ceniem wybranego przez RPA programu szczytu, kt\u00f3ry mia\u0142 si\u0119 skupia\u0107 na takich kwestiach, jak wp\u0142yw zmian klimatu na kraje rozwijaj\u0105ce si\u0119, obci\u0105\u017cenie d\u0142ugami kraj\u00f3w ubogich i pog\u0142\u0119biaj\u0105ce si\u0119 nier\u00f3wno\u015bci globalne. Wed\u0142ug medi\u00f3w trudno te\u017c oczekiwa\u0107 post\u0119p\u00f3w w kwestii konfliktu na Bliskim Wschodzie, wojny na Ukrainie czy polityki celnej. Spraw\u0105 otwart\u0105 pozostaje to, czy zostanie wydana wsp\u00f3lna deklaracja ko\u0144cowa.<\/p>\n","protected":false},"excerpt":{"rendered":"Filar MAGA rezygnuje Kongresmenka z Georgii Marjorie Taylor Greene poinformowa\u0142a w mediach spo\u0142eczno\u015bciowych, \u017ce rezygnuje ze stanowiska w&hellip;\n","protected":false},"author":2,"featured_media":113959,"comment_status":"","ping_status":"","sticky":false,"template":"","format":"standard","meta":{"footnotes":""},"categories":[5],"tags":[22432,32,33,44,36,37,27,34,35,23030,28,31,48,25,46,42,69,38,40,39,41,47,80,29,30,415,71,70,26,18011],"class_list":{"0":"post-113958","1":"post","2":"type-post","3":"status-publish","4":"format-standard","5":"has-post-thumbnail","7":"category-naglowki","8":"tag-andrij_sybiha","9":"tag-breaking-news","10":"tag-breakingnews","11":"tag-donald_trump","12":"tag-featured-news","13":"tag-featurednews","14":"tag-headlines","15":"tag-latest-news","16":"tag-latestnews","17":"tag-marjorie_taylor_greene","18":"tag-naglowki","19":"tag-najwazniejsze-artykuly","20":"tag-nat_styl","21":"tag-news","22":"tag-omp","23":"tag-pl","24":"tag-podsumowanie_nocy","25":"tag-poland","26":"tag-polish","27":"tag-polska","28":"tag-polski","29":"tag-screening_general","30":"tag-swiat","31":"tag-top-stories","32":"tag-topstories","33":"tag-ukraina","34":"tag-usa","35":"tag-w_skrocie","36":"tag-wiadomosci","37":"tag-zohran_mamdani"},"share_on_mastodon":{"url":"https:\/\/pubeurope.com\/@pl\/115596016052321947","error":""},"_links":{"self":[{"href":"https:\/\/www.europesays.com\/pl\/wp-json\/wp\/v2\/posts\/113958","targetHints":{"allow":["GET"]}}],"collection":[{"href":"https:\/\/www.europesays.com\/pl\/wp-json\/wp\/v2\/posts"}],"about":[{"href":"https:\/\/www.europesays.com\/pl\/wp-json\/wp\/v2\/types\/post"}],"author":[{"embeddable":true,"href":"https:\/\/www.europesays.com\/pl\/wp-json\/wp\/v2\/users\/2"}],"replies":[{"embeddable":true,"href":"https:\/\/www.europesays.com\/pl\/wp-json\/wp\/v2\/comments?post=113958"}],"version-history":[{"count":0,"href":"https:\/\/www.europesays.com\/pl\/wp-json\/wp\/v2\/posts\/113958\/revisions"}],"wp:featuredmedia":[{"embeddable":true,"href":"https:\/\/www.europesays.com\/pl\/wp-json\/wp\/v2\/media\/113959"}],"wp:attachment":[{"href":"https:\/\/www.europesays.com\/pl\/wp-json\/wp\/v2\/media?parent=113958"}],"wp:term":[{"taxonomy":"category","embeddable":true,"href":"https:\/\/www.europesays.com\/pl\/wp-json\/wp\/v2\/categories?post=113958"},{"taxonomy":"post_tag","embeddable":true,"href":"https:\/\/www.europesays.com\/pl\/wp-json\/wp\/v2\/tags?post=113958"}],"curies":[{"name":"wp","href":"https:\/\/api.w.org\/{rel}","templated":true}]}}