{"id":114006,"date":"2025-11-23T01:48:23","date_gmt":"2025-11-23T01:48:23","guid":{"rendered":"https:\/\/www.europesays.com\/pl\/114006\/"},"modified":"2025-11-23T01:48:23","modified_gmt":"2025-11-23T01:48:23","slug":"drastyczny-zwrot-akcji-na-gieldzie-cale-sp-500-nagle-stracilo-ponad-3","status":"publish","type":"post","link":"https:\/\/www.europesays.com\/pl\/114006\/","title":{"rendered":"Drastyczny zwrot akcji na gie\u0142dzie! Ca\u0142e S&#038;P 500 NAGLE straci\u0142o ponad 3%"},"content":{"rendered":"<p>Dobre z\u0142ego pocz\u0105tki<\/p>\n<p>Pocz\u0105tek wydawa\u0142 si\u0119 naprawd\u0119 obiecuj\u0105cy. Przez pierwsz\u0105 godzin\u0119 sesji notowania ca\u0142ego S&amp;P 500 wyra\u017anie wzros\u0142y, nap\u0119dzane g\u0142\u00f3wnie przez id\u0105cy do g\u00f3ry kurs Nvidii. Po nieco ponad 60 minutach mogli\u015bmy m\u00f3wi\u0107 o wzro\u015bcie rz\u0119du blisko 2% na ca\u0142ym indeksie.\u00a0<\/p>\n<p>P\u00f3\u017aniej karta dramatycznie si\u0119 odwr\u00f3ci\u0142a. W trakcie kolejnej godziny notowania osun\u0119\u0142y si\u0119 o 1%, a przez nast\u0119pne 60 minut o drugie tyle. Ostatecznie t\u0119 w\u0119dr\u00f3wk\u0119 w d\u00f3\u0142 kontynuowa\u0142y ju\u017c niemal bez przerwy do ko\u0144ca sesji. W efekcie od 16.30 do ko\u0144ca handlu notowania osun\u0119\u0142y si\u0119 o 3,3%.<\/p>\n<p style=\"text-align:center\">Notowania indeksu S&amp;P 500<\/p>\n<p><img decoding=\"async\" src=\"https:\/\/www.europesays.com\/pl\/wp-content\/uploads\/2025\/11\/drastyczny-zwrot-akcji-na-gieldzie-cale-sp-500-nagle-stracilo-ponad-3_748121e7-f669-45db-8f57-63fd3d.webp\" alt=\"drastyczny zwrot akcji na gieldzie cale sp 500 nagle stracilo ponad 3 grafika numer 1\"\/><\/p>\n<p>Jak podkre\u015bla analityk Adam Kobeissi, czego\u015b takiego na rynku nie widzieli\u015bmy od nies\u0142awnego &#8222;Dnia Wyzwolenia&#8221; z pocz\u0105tku kwietnia. Nawet pa\u017adziernikowy krach spowodowany scysj\u0105 mi\u0119dzy USA a Chinami nie wywo\u0142a\u0142 a\u017c takiej reakcji.<\/p>\n<p>\u00a0<\/p>\n<p>Dlaczego dosz\u0142o do spadku?<\/p>\n<p>W przytoczonej wy\u017cej sytuacji z pa\u017adziernika mieli\u015bmy jednak konkretny, ewidentny pow\u00f3d, przez kt\u00f3ry notowania zanurkowa\u0142y. Wczoraj by\u0142o inaczej. Trudno wskaza\u0107 jednoznaczn\u0105 przyczyn\u0119 takiego zachowania rynku.<\/p>\n<p>Nie brakuje g\u0142os\u00f3w, kt\u00f3re m\u00f3wi\u0105, \u017ce za zwrot akcji odpowiedzialna by\u0142a nag\u0142a zmiana sentymentu wobec Nvidii. Ta odpowiada za najwi\u0119ksz\u0105 cz\u0119\u015b\u0107 kapitalizacji S&amp;P 500, co niejako czyni j\u0105 &#8222;kierownikiem ruchu&#8221;. Gdy jej akcje dro\u017cej\u0105, cz\u0119sto idzie za nimi ca\u0142a reszta. Gdy taniej\u0105, inne notowania te\u017c lec\u0105 w d\u00f3\u0142. Tak te\u017c by\u0142o wczoraj. W pierwszej chwili jej kurs w reakcji na zadowalaj\u0105ce wyniki finansowe skoczy\u0142 o prawie 5%.\u00a0<\/p>\n<p>Jak czytamy na \u0142amach Barron&#8217;s, &#8222;jeden dobry raport nie m\u00f3g\u0142 wymaza\u0107 obaw o ba\u0144k\u0119 AI&#8221;. Po wst\u0119pnym wzro\u015bcie kurs Nvidii zacz\u0105\u0142 pikowa\u0107. Ostatecznie od wczorajszego szczytu osun\u0105\u0142 si\u0119 o blisko 8%.\u00a0<\/p>\n<p style=\"text-align:center\">Kurs akcji Nvidia<\/p>\n<p><img decoding=\"async\" src=\"https:\/\/www.europesays.com\/pl\/wp-content\/uploads\/2025\/11\/drastyczny-zwrot-akcji-na-gieldzie-cale-sp-500-nagle-stracilo-ponad-3_f5c96dbd-9910-455c-be63-573aed.webp\" alt=\"drastyczny zwrot akcji na gieldzie cale sp 500 nagle stracilo ponad 3 grafika numer 2\"\/><\/p>\n<p>Cz\u0119\u015b\u0107 fachowc\u00f3w sugeruje, \u017ce ten skok na pocz\u0105tku faktycznie by\u0142 reakcj\u0105 na wyniki Nvidii, a p\u00f3\u017aniejszy spadek to ju\u017c zas\u0142uga danych z ameryka\u0144skiego rynku pracy, kt\u00f3re poznali\u015bmy tu\u017c przed startem sesji. Nowy odczyt dotycz\u0105cy bezrobocia okaza\u0142 si\u0119 wy\u017cszy od oczekiwanego. Dodatkowo w d\u00f3\u0142 zrewidowano odczyty zatrudnienia dotycz\u0105ce poprzednich miesi\u0119cy. Kondycja tamtejszego rynku pracy jest ostatnio jednym z g\u0142\u00f3wnych zmartwie\u0144 dla inwestor\u00f3w, a takie wie\u015bci na pewno sprawy nie poprawi\u0142y.<\/p>\n<p>Nieco inne spojrzenie na spraw\u0119 ma cytowany wy\u017cej Adam Kobeissi. Ten uwa\u017ca, \u017ce gwa\u0142towny spadek wynika z ogromnej zmienno\u015bci, kt\u00f3ra panuje teraz na rynku. To sprawia, \u017ce &#8222;\u017caden inwestor nie chce by\u0107 tym ostatnim&#8221;, co mo\u017ce nap\u0119dza\u0107 tak zdecydowane reakcje ca\u0142ego rynku. Fachowiec, niejako daj\u0105c promyk nadziei, podkre\u015bla, \u017ce zjawisko to dzia\u0142a w dwie strony. Gdy inwestorzy zaczn\u0105 kupowa\u0107 w do\u0142ku w poszukiwaniu okazji, akcje mog\u0105 dro\u017ce\u0107 r\u00f3wnie dynamicznie, jak tania\u0142y wczoraj.<\/p>\n<blockquote><p>&#13;<\/p>\n<p>Raczej postrzegam ten spadek jako ruch mechaniczny i szersz\u0105 oznak\u0119 zmieniaj\u0105cej si\u0119 dynamiki rynku &#8211; kwituje analityk<\/p>\n<p>&#13;\n<\/p><\/blockquote>\n<p>\u00a0<\/p>\n<p>Czytaj tak\u017ce:\u00a0<a target=\"_blank\" href=\"https:\/\/www.fxmag.pl\/gielda\/czegos-takiego-nie-bylo-od-20-lat-spolki-inwestuja-zdecydowanie-za-duzo-twierdza-fachowcy\" rel=\"nofollow noopener\">Czego\u015b takiego nie by\u0142o od 20 lat! Sp\u00f3\u0142ki inwestuj\u0105 zdecydowanie za du\u017co, twierdz\u0105 fachowcy<\/a><\/p>\n","protected":false},"excerpt":{"rendered":"Dobre z\u0142ego pocz\u0105tki Pocz\u0105tek wydawa\u0142 si\u0119 naprawd\u0119 obiecuj\u0105cy. Przez pierwsz\u0105 godzin\u0119 sesji notowania ca\u0142ego S&amp;P 500 wyra\u017anie wzros\u0142y,&hellip;\n","protected":false},"author":2,"featured_media":114007,"comment_status":"","ping_status":"","sticky":false,"template":"","format":"standard","meta":{"footnotes":""},"categories":[16],"tags":[113,112,42,38,40,39,41],"class_list":{"0":"post-114006","1":"post","2":"type-post","3":"status-publish","4":"format-standard","5":"has-post-thumbnail","7":"category-biznes","8":"tag-biznes","9":"tag-business","10":"tag-pl","11":"tag-poland","12":"tag-polish","13":"tag-polska","14":"tag-polski"},"share_on_mastodon":{"url":"https:\/\/pubeurope.com\/@pl\/115596499849911805","error":""},"_links":{"self":[{"href":"https:\/\/www.europesays.com\/pl\/wp-json\/wp\/v2\/posts\/114006","targetHints":{"allow":["GET"]}}],"collection":[{"href":"https:\/\/www.europesays.com\/pl\/wp-json\/wp\/v2\/posts"}],"about":[{"href":"https:\/\/www.europesays.com\/pl\/wp-json\/wp\/v2\/types\/post"}],"author":[{"embeddable":true,"href":"https:\/\/www.europesays.com\/pl\/wp-json\/wp\/v2\/users\/2"}],"replies":[{"embeddable":true,"href":"https:\/\/www.europesays.com\/pl\/wp-json\/wp\/v2\/comments?post=114006"}],"version-history":[{"count":0,"href":"https:\/\/www.europesays.com\/pl\/wp-json\/wp\/v2\/posts\/114006\/revisions"}],"wp:featuredmedia":[{"embeddable":true,"href":"https:\/\/www.europesays.com\/pl\/wp-json\/wp\/v2\/media\/114007"}],"wp:attachment":[{"href":"https:\/\/www.europesays.com\/pl\/wp-json\/wp\/v2\/media?parent=114006"}],"wp:term":[{"taxonomy":"category","embeddable":true,"href":"https:\/\/www.europesays.com\/pl\/wp-json\/wp\/v2\/categories?post=114006"},{"taxonomy":"post_tag","embeddable":true,"href":"https:\/\/www.europesays.com\/pl\/wp-json\/wp\/v2\/tags?post=114006"}],"curies":[{"name":"wp","href":"https:\/\/api.w.org\/{rel}","templated":true}]}}