{"id":114044,"date":"2025-11-23T02:52:09","date_gmt":"2025-11-23T02:52:09","guid":{"rendered":"https:\/\/www.europesays.com\/pl\/114044\/"},"modified":"2025-11-23T02:52:09","modified_gmt":"2025-11-23T02:52:09","slug":"jari-bolsonaro-zatrzymany-mial-planowac-ucieczke-by-uniknac-wiezienia","status":"publish","type":"post","link":"https:\/\/www.europesays.com\/pl\/114044\/","title":{"rendered":"Jari Bolsonaro zatrzymany. Mia\u0142 planowa\u0107 ucieczk\u0119, by unikn\u0105\u0107 wi\u0119zienia"},"content":{"rendered":"<ul class=\"UnorderedList_container__nmfSl\">\n<li class=\"UnorderedList_listElement__Py7xi\" data-id=\"ai-summary-link\">Du\u017co czytania, a ma\u0142o czasu? Sprawd\u017a\u00a0skr\u00f3t\u00a0artyku\u0142u<\/li>\n<\/ul>\n<p class=\"Paragraph_desktopParagraph__U31Gm\">Jak podaje &#8222;Guardian&#8221;, policja federalna dokona\u0142a aresztowania <a href=\"https:\/\/wiadomosci.onet.pl\/jair-bolsonaro\" id=\"9f779493-f930-4e97-bdd4-96ec67529bd5\" rel=\"nofollow noopener\" target=\"_blank\">Jaira Bolsonaro<\/a> w stolicy kraju, Brasilii, na wniosek S\u0105du Najwy\u017cszego. Od sierpnia 2025 r. by\u0142y prezydent przebywa\u0142 w areszcie domowym i mia\u0142 doz\u00f3r elektroniczny. <a href=\"https:\/\/wiadomosci.onet.pl\/swiat\/jair-bolsonaro-winny-planowania-zamachu-stanu-sad-najwyzszy-wydal-wyrok\/mjjjejd\" id=\"4f5598bd-e847-4581-99b6-ff14f72305ec\" rel=\"nofollow noopener\" target=\"_blank\">We wrze\u015bniu zosta\u0142 skazany na 27 lat i trzy miesi\u0105ce wi\u0119zienia<\/a> za zorganizowanie wojskowego zamachu stanu, kt\u00f3rego celem by\u0142o uniemo\u017cliwienie obj\u0119cia urz\u0119du przez zwyci\u0119zc\u0119 wybor\u00f3w w 2022 r., Luiza Lul\u0119 da Silv\u0119.<\/p>\n<p class=\"VideoPlayerText_videoPlayerText__iDwyz\">Dalszy ci\u0105g materia\u0142u pod wideo<\/p>\n<p class=\"Paragraph_desktopParagraph__U31Gm\">Mimo wyroku s\u0105d nie wyda\u0142 jeszcze nakazu odbycia kary, poniewa\u017c wci\u0105\u017c trwaj\u0105 procedury prawne i odwo\u0142ania. Jednocze\u015bnie Alexandre de Moraes, s\u0119dzia S\u0105du Najwy\u017cszego, wyrazi\u0142 obawy, \u017ce kontrowersyjny polityk mo\u017ce pr\u00f3bowa\u0107 schroni\u0107 si\u0119 w jednej z plac\u00f3wek dyplomatycznych w stolicy kraju, aby unikn\u0105\u0107 odbycia kary.<\/p>\n<ul class=\"OchatFollowUps_wrapper__1ry7X\">\n<li class=\"OchatFollowUps_item__Dhyly OchatFollowUps_itemDesktop__R6aBv\">Dlaczego Jair Bolsonaro zosta\u0142 zatrzymany?<\/li>\n<li class=\"OchatFollowUps_item__Dhyly OchatFollowUps_itemDesktop__R6aBv\">Jakie oskar\u017cenie stoi za wyrokiem Bolsonaro?<\/li>\n<li class=\"OchatFollowUps_item__Dhyly OchatFollowUps_itemDesktop__R6aBv\">Gdzie Bolsonaro mia\u0142 planowa\u0107 ucieczk\u0119?<\/li>\n<li class=\"OchatFollowUps_item__Dhyly OchatFollowUps_itemDesktop__R6aBv\">Jak zareagowali zwolennicy obecnego prezydenta na zatrzymanie Bolsonaro?<\/li>\n<\/ul>\n<p>Jair Bolsonaro zatrzymany przez policj\u0119. Mia\u0142 szuka\u0107 azylu w Argentynie <\/p>\n<p class=\"Paragraph_desktopParagraph__U31Gm\">Pog\u0142oski o mo\u017cliwym wcze\u015bniejszym uwi\u0119zieniu Bolsonaro narasta\u0142y w kraju w ostatnich dniach. Jak podaje &#8222;Guardian&#8221;, zwolennicy by\u0142ego prezydenta planowali zorganizowa\u0107 czuwanie przed budynkiem, w kt\u00f3rym odbywa\u0142 areszt domowy. Fl\u00e1vio Bolsonaro, senator i syn 70-letniego polityka, zach\u0119ca\u0142 w mediach spo\u0142eczno\u015bciowych do aktywnego udzia\u0142u w prote\u015bcie, pytaj\u0105c, czy zamierzaj\u0105 walczy\u0107 o sw\u00f3j kraj, czy pozostan\u0105 bierni.<\/p>\n<p class=\"Paragraph_desktopParagraph__U31Gm\">S\u0119dzia de Moraes, wydaj\u0105c nakaz aresztowania, wskaza\u0142, \u017ce czuwanie mo\u017ce zosta\u0107 wykorzystane jako &#8222;zas\u0142ona dymna&#8221;, maj\u0105ca u\u0142atwi\u0107 Bolsonaro ucieczk\u0119 do jednej z ambasad. Jak doda\u0142, nadajnik na kostce by\u0142ego prezydenta zosta\u0142 naruszony w sobot\u0119, co mo\u017ce sugerowa\u0107, \u017ce Bolsonaro m\u00f3g\u0142 planowa\u0107 zniszczenie urz\u0105dzenia.<\/p>\n<p class=\"Paragraph_desktopParagraph__U31Gm\">Zdaniem s\u0119dziego Bolsonaro mia\u0142by rozwa\u017ca\u0107 kilka plac\u00f3wek dyplomatycznych. By\u0142y prezydent mieszka zaledwie 15 minut od ambasady USA, a prezydent <a href=\"https:\/\/wiadomosci.onet.pl\/donald-trump-prezydent-usa\" id=\"4a57597e-fc66-42c4-978b-eab5d5538f3b\" rel=\"nofollow noopener\" target=\"_blank\">Donald Trump<\/a> nie raz stawa\u0142 w jego obronie, stara\u0142 si\u0119 te\u017c o azyl w Argentynie, pod &#8222;opiek\u0105&#8221; Javiera Milei. Dodatkowe podejrzenia s\u0119dziego wzbudzi\u0142 r\u00f3wnie\u017c fakt, \u017ce w 2024 r. Bolsonaro sp\u0119dzi\u0142 dwie noce w ambasadzie W\u0119gier.<\/p>\n<p class=\"Paragraph_desktopParagraph__U31Gm\">Na zatrzymanie Jaira Bolsonaro zareagowali ju\u017c zwolennicy obecnego prezydenta Luli. Reimont Otoni z Partii Robotniczej podkre\u015bli\u0142, \u017ce przes\u0142anie dla <a href=\"https:\/\/wiadomosci.onet.pl\/brazylia-kraj\" id=\"0b86376c-d3e4-4eaa-a3c8-bc7d4db866ce\" rel=\"nofollow noopener\" target=\"_blank\">Brazylii<\/a> i \u015bwiata jest jasne \u2014 przest\u0119pstwo nie pop\u0142aca. Tymczasem S\u00f3stenes Cavalcante, jeden z bliskich wsp\u00f3\u0142parcownik\u00f3w by\u0142ego prezydenta, stwierdzi\u0142, \u017ce jego zatrzymanie to najwi\u0119kszy akt prze\u015bladowa\u0144 politycznych w historii kraju.<\/p>\n","protected":false},"excerpt":{"rendered":"Du\u017co czytania, a ma\u0142o czasu? Sprawd\u017a\u00a0skr\u00f3t\u00a0artyku\u0142u Jak podaje &#8222;Guardian&#8221;, policja federalna dokona\u0142a aresztowania Jaira Bolsonaro w stolicy kraju,&hellip;\n","protected":false},"author":2,"featured_media":114045,"comment_status":"","ping_status":"","sticky":false,"template":"","format":"standard","meta":{"footnotes":""},"categories":[14],"tags":[18566,10028,32,33,27,67,10332,34,35,28,31,53,25,52,68,51,55,40,41,47,80,29,30,65,50,26,82,83,84],"class_list":{"0":"post-114044","1":"post","2":"type-post","3":"status-publish","4":"format-standard","5":"has-post-thumbnail","7":"category-swiat","8":"tag-aresztowanie","9":"tag-brazylia_kraj","10":"tag-breaking-news","11":"tag-breakingnews","12":"tag-headlines","13":"tag-intextvideo_splayer","14":"tag-jair_bolsonaro","15":"tag-latest-news","16":"tag-latestnews","17":"tag-naglowki","18":"tag-najwazniejsze-artykuly","19":"tag-new_header","20":"tag-news","21":"tag-onet3","22":"tag-onet3d","23":"tag-onet3d_2i","24":"tag-phx","25":"tag-polish","26":"tag-polski","27":"tag-screening_general","28":"tag-swiat","29":"tag-top-stories","30":"tag-topstories","31":"tag-update_me","32":"tag-v2021","33":"tag-wiadomosci","34":"tag-world","35":"tag-world-news","36":"tag-worldnews"},"share_on_mastodon":{"url":"https:\/\/pubeurope.com\/@pl\/115596751227775149","error":""},"_links":{"self":[{"href":"https:\/\/www.europesays.com\/pl\/wp-json\/wp\/v2\/posts\/114044","targetHints":{"allow":["GET"]}}],"collection":[{"href":"https:\/\/www.europesays.com\/pl\/wp-json\/wp\/v2\/posts"}],"about":[{"href":"https:\/\/www.europesays.com\/pl\/wp-json\/wp\/v2\/types\/post"}],"author":[{"embeddable":true,"href":"https:\/\/www.europesays.com\/pl\/wp-json\/wp\/v2\/users\/2"}],"replies":[{"embeddable":true,"href":"https:\/\/www.europesays.com\/pl\/wp-json\/wp\/v2\/comments?post=114044"}],"version-history":[{"count":0,"href":"https:\/\/www.europesays.com\/pl\/wp-json\/wp\/v2\/posts\/114044\/revisions"}],"wp:featuredmedia":[{"embeddable":true,"href":"https:\/\/www.europesays.com\/pl\/wp-json\/wp\/v2\/media\/114045"}],"wp:attachment":[{"href":"https:\/\/www.europesays.com\/pl\/wp-json\/wp\/v2\/media?parent=114044"}],"wp:term":[{"taxonomy":"category","embeddable":true,"href":"https:\/\/www.europesays.com\/pl\/wp-json\/wp\/v2\/categories?post=114044"},{"taxonomy":"post_tag","embeddable":true,"href":"https:\/\/www.europesays.com\/pl\/wp-json\/wp\/v2\/tags?post=114044"}],"curies":[{"name":"wp","href":"https:\/\/api.w.org\/{rel}","templated":true}]}}