{"id":114052,"date":"2025-11-23T04:06:12","date_gmt":"2025-11-23T04:06:12","guid":{"rendered":"https:\/\/www.europesays.com\/pl\/114052\/"},"modified":"2025-11-23T04:06:12","modified_gmt":"2025-11-23T04:06:12","slug":"kristen-stewart-pojawila-sie-na-festiwalu-w-toruniu-nie-zabraklo-rowniez-dody","status":"publish","type":"post","link":"https:\/\/www.europesays.com\/pl\/114052\/","title":{"rendered":"Kristen Stewart pojawi\u0142a si\u0119 na festiwalu w Toruniu. Nie zabrak\u0142o r\u00f3wnie\u017c Dody"},"content":{"rendered":"<p class=\"Paragraph_desktopParagraph__U31Gm\">Festiwalu Filmowy EnergaCAMERIMAGE w Toruniu przyci\u0105ga uwag\u0119 nie tylko polskich fan\u00f3w kina, jak r\u00f3wnie\u017c zagranicznych. W tym roku na wydarzeniu pojawi\u0142a si\u0119 Kristen Stewart, kt\u00f3ra przylecia\u0142a do Polski promowa\u0107 sw\u00f3j re\u017cyserski debiut \u2014 film &#8222;Chronologia wody&#8221;.<\/p>\n<p class=\"Paragraph_desktopParagraph__U31Gm\">Amerykanka postawi\u0142a na skromn\u0105 i typow\u0105 dla siebie stylizacj\u0119, czyli t-shirt, czapk\u0119 z daszkiem oraz spodnie i marynark\u0119. Dzie\u0144 wcze\u015bniej Kristen zaskoczy\u0142a festiwalowicz\u00f3w i przysz\u0142a niezapowiedziana na seans swojego filmu, zapowiadaj\u0105c produkcj\u0119 i rozmawiaj\u0105c chwil\u0119 z publiczno\u015bci\u0105.<\/p>\n<ul class=\"OchatFollowUps_wrapper__1ry7X\">\n<li class=\"OchatFollowUps_item__Dhyly OchatFollowUps_itemDesktop__R6aBv\">Gdzie odby\u0142 si\u0119 festiwal EnergaCAMERIMAGE?<\/li>\n<li class=\"OchatFollowUps_item__Dhyly OchatFollowUps_itemDesktop__R6aBv\">Jaki film promuje Kristen Stewart?<\/li>\n<li class=\"OchatFollowUps_item__Dhyly OchatFollowUps_itemDesktop__R6aBv\">Jak Doda okre\u015bli\u0142a swoj\u0105 stylizacj\u0119 na festiwalu?<\/li>\n<li class=\"OchatFollowUps_item__Dhyly OchatFollowUps_itemDesktop__R6aBv\">Dlaczego Cate Blanchett nie mog\u0142a przyjecha\u0107 na festiwal?<\/li>\n<\/ul>\n<p>Doda podekscytowana festiwalem w Toruniu. &#8222;Jutro wielka gala&#8221; <\/p>\n<p class=\"Paragraph_desktopParagraph__U31Gm\">Opr\u00f3cz Kristen Stweart na festiwalu w Toruniu nie zabrak\u0142o r\u00f3wnie\u017c przedstawicieli polskiego show-biznesu. W\u015br\u00f3d nich znalaz\u0142a si\u0119 Doda, kt\u00f3ra zaprezentowa\u0142a si\u0119 w stylizacji inspirowanej strojem stewardessy. Wybra\u0142a bia\u0142\u0105 koszul\u0119, spodnie z wysokim stanem oraz charakterystyczne nakrycie g\u0142owy.<\/p>\n<p class=\"Paragraph_desktopParagraph__U31Gm\">Artystka na swoim instagramowym profilu nie kry\u0142a rado\u015bci z tego, \u017ce mo\u017ce by\u0107 cz\u0119\u015bci\u0105 wydarzenia. Tym samym podkre\u015bli\u0142a, jak festiwal jest wa\u017cny dla polskiej kultury.<\/p>\n<blockquote>\n<p class=\"Paragraph_desktopParagraph__U31Gm\">Jest mi niezmiernie mi\u0142o go\u015bci\u0107 na Camerimage festiwalu w Toruniu na zaproszenie dyrektora Marka \u017bydowicza. Jestem dumna, \u017ce mamy tak wspania\u0142e festiwale w Polsce, kt\u00f3re zrzeszaj\u0105 nie tylko polskie, ale i mi\u0119dzynarodowe gwiazdy. Jutro wielka gala <\/p>\n<\/blockquote>\n<p class=\"Paragraph_desktopParagraph__U31Gm\">\u2014 napisa\u0142a Doda.<\/p>\n<p><img decoding=\"async\" class=\"Image_image__0tuHp Image_autoHeight__f2n87 \" height=\"587\" width=\"902\" src=\"https:\/\/www.europesays.com\/pl\/wp-content\/uploads\/2025\/11\/WoFk9kpTURBXy8wOGY2NGFhNzc3NTQ0MGE1Nzg4MDgwZmUyN2M5MGQ1OS5qcGeSlQLNA6wAwsOVAgDNAkvCw94AA6EwAaExAaEzw.jpeg\" alt=\"Screen z instagramowego profilu Dody\" loading=\"lazy\" \/>instagram.com\/dodaqueen \/ Matria\u0142y &#8222;Na prawach cytatu&#8221;<\/p>\n<p>Screen z instagramowego profilu Dody<\/p>\n<p class=\"Paragraph_desktopParagraph__U31Gm\">Przypomnijmy, \u017ce na festiwalu w Toruniu mia\u0142a r\u00f3wnie\u017c pojawi\u0107 si\u0119 Cate Balchett, kt\u00f3ra mia\u0142a zosta\u0107 uhonorowana nagrod\u0105 dla Ikony, kt\u00f3ra jest wyr\u00f3\u017cnieniem przyznawanym za wybitny wk\u0142ad w \u015bwiatow\u0105 kinematografi\u0119. Jak si\u0119 okaza\u0142o, <a href=\"https:\/\/plejada.pl\/newsy\/cate-blanchett-zmaga-sie-z-choroba-nie-pojawi-sie-na-festiwalu-filmowym-w-toruniu\/lx4jm19\" id=\"8c37c0fb-7e4f-4a09-880b-713f8452971f\" rel=\"nofollow noopener\" target=\"_blank\">aktorka nie dotar\u0142a z powodu problem\u00f3w zdrowotnych.<\/a><\/p>\n<p class=\"Paragraph_desktopParagraph__U31Gm\">&#8222;Z powodu choroby Cate Blanchett nie dotrze do Torunia na ceremoni\u0119 zamkni\u0119cia 33. edycji festiwalu filmowego EnergaCAMERIMAGE. Ma ona nadziej\u0119, \u017ce b\u0119dzie mog\u0142a do\u0142\u0105czy\u0107 do nas w Toruniu podczas przysz\u0142ej edycji Festiwalu i w\u00f3wczas odebra\u0107 Nagrod\u0119 dla Ikony&#8221; \u2014 przekazali organizatorzy festiwalu.<\/p>\n<p class=\"Paragraph_desktopParagraph__U31Gm\">Dzi\u0119kujemy, \u017ce przeczyta\u0142a\u015b\/e\u015b nasz artyku\u0142 do ko\u0144ca. W serwisie Plejada.pl ka\u017cdego dnia piszemy o najwa\u017cniejszych wydarzeniach show-biznesowych. B\u0105d\u017a na bie\u017c\u0105co! <a rel=\"nofollow noopener\" href=\"https:\/\/profile.google.com\/cp\/Cg0vZy8xMWJ6X19wdHBx\" id=\"90cb0137-739a-42e6-bb43-6c5e15bc310f\" target=\"_blank\">Obserwuj<\/a> Plejad\u0119 w Google. Odwied\u017a nas tak\u017ce na <a rel=\"nofollow noopener\" href=\"https:\/\/www.facebook.com\/plejadapl\" id=\"bed82fa7-5f2d-49a7-b049-b14989f36f75\" target=\"_blank\">Facebooku<\/a>, <a rel=\"nofollow noopener\" href=\"https:\/\/www.instagram.com\/plejadapl\/\" id=\"9165f611-6b0e-4e37-8bf2-ad124bd3e796\" target=\"_blank\">Instagramie<\/a>, <a rel=\"nofollow noopener\" href=\"https:\/\/www.youtube.com\/c\/plejada\" id=\"60a3cd96-5c85-4078-b92a-3037f373f344\" target=\"_blank\">YouTubie<\/a> oraz <a rel=\"nofollow noopener\" href=\"https:\/\/www.tiktok.com\/@plejada_pl\" id=\"2c3a37c0-e75c-49be-912f-6547682f671d\" target=\"_blank\">TikToku<\/a>.<\/p>\n<p class=\"Paragraph_desktopParagraph__U31Gm\">Chcesz podzieli\u0107 si\u0119 ciekawym newsem lub zaproponowa\u0107 temat? Skontaktuj si\u0119 z nami, pisz\u0105c maila na adres: <a href=\"https:\/\/www.onet.pl\/styl-zycia\/plejada\/kristen-stewart-pojawila-sie-na-festiwalu-w-toruniu-nie-zabraklo-rowniez-dody\/mailto:plejada@redakcjaonet.pl\" id=\"3fbd8ac5-4d87-48ed-8fc8-971ee2ed502e\" rel=\"nofollow noopener\" target=\"_blank\">plejada@redakcjaon<\/a><a rel=\"nofollow noopener\" href=\"http:\/\/et.pl\" id=\"9f366a0c-2048-44e1-886e-72d7233b1d87\" target=\"_blank\">et.pl<\/a>.<\/p>\n<p><script async src=\"\/\/www.instagram.com\/embed.js\"><\/script><script async src=\"\/\/www.tiktok.com\/embed.js\"><\/script><\/p>\n","protected":false},"excerpt":{"rendered":"Festiwalu Filmowy EnergaCAMERIMAGE w Toruniu przyci\u0105ga uwag\u0119 nie tylko polskich fan\u00f3w kina, jak r\u00f3wnie\u017c zagranicznych. W tym roku&hellip;\n","protected":false},"author":2,"featured_media":114053,"comment_status":"","ping_status":"","sticky":false,"template":"","format":"standard","meta":{"footnotes":""},"categories":[22],"tags":[7104,122,808,67,24859,53,52,68,51,55,42,38,40,39,41,123,47,196,10812,65,50],"class_list":{"0":"post-114052","1":"post","2":"type-post","3":"status-publish","4":"format-standard","5":"has-post-thumbnail","7":"category-rozrywka","8":"tag-doda_piosenkarka_dorota_rabczewska","9":"tag-entertainment","10":"tag-film_filmy_kino_kinematografia_aktorka_aktor_aktorzy_aktorki_rezyserzy","11":"tag-intextvideo_splayer","12":"tag-kristen_stewart","13":"tag-new_header","14":"tag-onet3","15":"tag-onet3d","16":"tag-onet3d_2i","17":"tag-phx","18":"tag-pl","19":"tag-poland","20":"tag-polish","21":"tag-polska","22":"tag-polski","23":"tag-rozrywka","24":"tag-screening_general","25":"tag-styl_zycia","26":"tag-torun_miasto","27":"tag-update_me","28":"tag-v2021"},"share_on_mastodon":{"url":"https:\/\/pubeurope.com\/@pl\/115597042358022775","error":""},"_links":{"self":[{"href":"https:\/\/www.europesays.com\/pl\/wp-json\/wp\/v2\/posts\/114052","targetHints":{"allow":["GET"]}}],"collection":[{"href":"https:\/\/www.europesays.com\/pl\/wp-json\/wp\/v2\/posts"}],"about":[{"href":"https:\/\/www.europesays.com\/pl\/wp-json\/wp\/v2\/types\/post"}],"author":[{"embeddable":true,"href":"https:\/\/www.europesays.com\/pl\/wp-json\/wp\/v2\/users\/2"}],"replies":[{"embeddable":true,"href":"https:\/\/www.europesays.com\/pl\/wp-json\/wp\/v2\/comments?post=114052"}],"version-history":[{"count":0,"href":"https:\/\/www.europesays.com\/pl\/wp-json\/wp\/v2\/posts\/114052\/revisions"}],"wp:featuredmedia":[{"embeddable":true,"href":"https:\/\/www.europesays.com\/pl\/wp-json\/wp\/v2\/media\/114053"}],"wp:attachment":[{"href":"https:\/\/www.europesays.com\/pl\/wp-json\/wp\/v2\/media?parent=114052"}],"wp:term":[{"taxonomy":"category","embeddable":true,"href":"https:\/\/www.europesays.com\/pl\/wp-json\/wp\/v2\/categories?post=114052"},{"taxonomy":"post_tag","embeddable":true,"href":"https:\/\/www.europesays.com\/pl\/wp-json\/wp\/v2\/tags?post=114052"}],"curies":[{"name":"wp","href":"https:\/\/api.w.org\/{rel}","templated":true}]}}