{"id":114054,"date":"2025-11-23T04:10:36","date_gmt":"2025-11-23T04:10:36","guid":{"rendered":"https:\/\/www.europesays.com\/pl\/114054\/"},"modified":"2025-11-23T04:10:36","modified_gmt":"2025-11-23T04:10:36","slug":"po-dramacie-w-sanoku-prokuratura-wszczela-dwa-sledztwa-i-ujawnia-nowe-szczegoly-wideo","status":"publish","type":"post","link":"https:\/\/www.europesays.com\/pl\/114054\/","title":{"rendered":"Po dramacie w Sanoku: Prokuratura wszcz\u0119\u0142a dwa \u015bledztwa i ujawnia nowe szczeg\u00f3\u0142y [WIDEO]"},"content":{"rendered":"<p>\u015aledztwo w sprawie zab\u00f3jstwa i napa\u015bci na funkcjonariuszy<\/p>\n<p data-start=\"535\" data-end=\"1298\">Prokuratura Rejonowa w Sanoku wszcz\u0119\u0142a \u015bledztwo w sprawie zab\u00f3jstwa 69-letniej kobiety, kt\u00f3re mia\u0142o miejsce 20 listopada. Zgodnie z art. 148 \u00a7 1 Kodeksu Karnego, \u015bcigane jest zab\u00f3jstwo. Ponadto, \u015bcigane s\u0105 r\u00f3wnie\u017c czyny zwi\u0105zane z czynem napa\u015bci na trzech funkcjonariuszy policji oraz jednego funkcjonariusza Pa\u0144stwowej Stra\u017cy Po\u017carnej, kt\u00f3rzy zostali ranni w wyniku ataku agresywnego m\u0119\u017cczyzny. Zgodnie z artyku\u0142em 223 \u00a7 1 oraz artyku\u0142em 157 \u00a7 1 Kodeksu Karnego, sprawa dotyczy tak\u017ce spowodowania rozstroju zdrowia u funkcjonariuszy, kt\u00f3ry trwa\u0142 powy\u017cej siedmiu dni. Dodatkowo, wszcz\u0119to \u015bledztwo na podstawie artyku\u0142u 231 \u00a7 1 Kodeksu Karnego i artyku\u0142u 155, dotycz\u0105ce podejrzenia przekroczenia uprawnie\u0144 przez funkcjonariuszy i nieumy\u015blnego spowodowania \u015bmierci.<\/p>\n<p>Standardowa procedura w przypadku u\u017cycia broni s\u0142u\u017cbowej<\/p>\n<p data-start=\"1362\" data-end=\"1853\">Marta Kolendowska-Matejczyuk zaznaczy\u0142a, \u017ce \u015bledztwo obejmuje r\u00f3wnie\u017c standardow\u0105 procedur\u0119 w przypadku u\u017cycia broni s\u0142u\u017cbowej przez funkcjonariuszy policji, kt\u00f3ra skutkowa\u0142a \u015bmierci\u0105 napastnika. \u2013 \u201eChcia\u0142abym tu podkre\u015bli\u0107, \u017ce jest to standardowa procedura w przypadku u\u017cycia broni s\u0142u\u017cbowej przez funkcjonariuszy policji, gdy nast\u0119puje \u015bmier\u0107, nawet je\u015bli zgon dotyczy napastnika, kt\u00f3ry wcze\u015bniej dopu\u015bci\u0142 si\u0119 czynnej napa\u015bci na funkcjonariuszy\u201d \u2013 powiedzia\u0142a rzecznik prasowy prokuratury.<\/p>\n<p>Czynno\u015bci dowodowe i zabezpieczenie \u015blad\u00f3w<\/p>\n<p data-start=\"1903\" data-end=\"2645\">Na miejscu zdarzenia, opr\u00f3cz funkcjonariuszy Komendy Powiatowej Policji w Sanoku, dzia\u0142ali tak\u017ce funkcjonariusze laboratorium kryminalistycznego w Rzeszowie, Komendy Wojew\u00f3dzkiej Policji w Rzeszowie oraz Biura Spraw Wewn\u0119trznych KWP w Rzeszowie. Kontynuowane s\u0105 ogl\u0119dziny miejsca zdarzenia, podczas kt\u00f3rych zabezpieczono ostre narz\u0119dzie, kt\u00f3rym pos\u0142ugiwa\u0142 si\u0119 46-letni m\u0119\u017cczyzna, a tak\u017ce bro\u0144 s\u0142u\u017cbow\u0105 funkcjonariuszy policji, kt\u00f3ra zosta\u0142a poddana badaniom balistycznym. Zabezpieczono r\u00f3wnie\u017c \u015blady po wystrza\u0142ach (tzw. GLS) oraz inne materia\u0142y dowodowe. W toku czynno\u015bci zabezpieczono tak\u017ce zw\u0142oki 46-letniego m\u0119\u017cczyzny oraz 69-letniej kobiety, kt\u00f3re zostan\u0105 poddane sekcji zw\u0142ok w Zak\u0142adzie Medycyny S\u0105dowej w Krakowie w dniu 24 listopada.<\/p>\n<p>Sekcja zw\u0142ok i wyniki \u015bledztwa<\/p>\n<p data-start=\"2683\" data-end=\"3339\">Rzecznik prasowy prokuratury doda\u0142a, \u017ce w przypadku m\u0119\u017cczyzny, stwierdzono rany wlotowe w okolicy szyi, klatki piersiowej oraz jamy brzusznej, jednak pe\u0142ne przyczyny jego \u015bmierci zostan\u0105 okre\u015blone dopiero po wykonaniu sekcji zw\u0142ok. \u2013 \u201eDok\u0142adna odpowied\u017a na pytanie o przyczyny obra\u017ce\u0144 m\u0119\u017cczyzny b\u0119dzie mo\u017cliwa po przeprowadzeniu sekcji zw\u0142ok\u201d \u2013 wyja\u015bni\u0142a Kolendowska-Matejczyuk. W przypadku 69-letniej kobiety, znaleziono rany k\u0142ute, a wst\u0119pne ustalenia wskazuj\u0105, \u017ce prawdopodobnie nie \u017cy\u0142a ju\u017c w momencie, gdy funkcjonariusze weszli do mieszkania. Reanimacja nie przynios\u0142a skutku, a przyczyny jej \u015bmierci r\u00f3wnie\u017c b\u0119d\u0105 wyja\u015bniane po wynikach sekcji zw\u0142ok.<\/p>\n<p><img decoding=\"async\" data-not-lazy=\"\" alt=\"Miranda Korzeniowska - zdj\u0119cie autora\" class=\"rounded-circle article__author--image\" src=\"https:\/\/www.europesays.com\/pl\/wp-content\/uploads\/2025\/11\/dcc5e445-a409-4a3f-af5a-c3c655ee0dbc.jpeg\"\/><a href=\"https:\/\/korsosanockie.pl\/autor\/bw0euPQTuiwu0CsjHEOh\" rel=\"nofollow noopener\" target=\"_blank\">Miranda Korzeniowska<\/a><\/p>\n<p>Niepoprawna optymistka ciekawa ludzi i \u015bwiata. Na co dzie\u0144 matka na pe\u0142ny etat, zatem nic co ludzkie nie jest mi obce. Kocham hokej mi\u0142o\u015bci\u0105 bezwarunkow\u0105.                                <\/p>\n<p>miranda.korzeniowska@korso.pl  <\/p>\n<p>tel. 534 585 653<\/p>\n","protected":false},"excerpt":{"rendered":"\u015aledztwo w sprawie zab\u00f3jstwa i napa\u015bci na funkcjonariuszy Prokuratura Rejonowa w Sanoku wszcz\u0119\u0142a \u015bledztwo w sprawie zab\u00f3jstwa 69-letniej&hellip;\n","protected":false},"author":2,"featured_media":114055,"comment_status":"","ping_status":"","sticky":false,"template":"","format":"standard","meta":{"footnotes":""},"categories":[12],"tags":[32,33,36,37,27,34,35,28,31,25,42,38,40,39,41,12479,29,30,26],"class_list":{"0":"post-114054","1":"post","2":"type-post","3":"status-publish","4":"format-standard","5":"has-post-thumbnail","7":"category-polska","8":"tag-breaking-news","9":"tag-breakingnews","10":"tag-featured-news","11":"tag-featurednews","12":"tag-headlines","13":"tag-latest-news","14":"tag-latestnews","15":"tag-naglowki","16":"tag-najwazniejsze-artykuly","17":"tag-news","18":"tag-pl","19":"tag-poland","20":"tag-polish","21":"tag-polska","22":"tag-polski","23":"tag-sanok","24":"tag-top-stories","25":"tag-topstories","26":"tag-wiadomosci"},"share_on_mastodon":{"url":"https:\/\/pubeurope.com\/@pl\/115597058104682833","error":""},"_links":{"self":[{"href":"https:\/\/www.europesays.com\/pl\/wp-json\/wp\/v2\/posts\/114054","targetHints":{"allow":["GET"]}}],"collection":[{"href":"https:\/\/www.europesays.com\/pl\/wp-json\/wp\/v2\/posts"}],"about":[{"href":"https:\/\/www.europesays.com\/pl\/wp-json\/wp\/v2\/types\/post"}],"author":[{"embeddable":true,"href":"https:\/\/www.europesays.com\/pl\/wp-json\/wp\/v2\/users\/2"}],"replies":[{"embeddable":true,"href":"https:\/\/www.europesays.com\/pl\/wp-json\/wp\/v2\/comments?post=114054"}],"version-history":[{"count":0,"href":"https:\/\/www.europesays.com\/pl\/wp-json\/wp\/v2\/posts\/114054\/revisions"}],"wp:featuredmedia":[{"embeddable":true,"href":"https:\/\/www.europesays.com\/pl\/wp-json\/wp\/v2\/media\/114055"}],"wp:attachment":[{"href":"https:\/\/www.europesays.com\/pl\/wp-json\/wp\/v2\/media?parent=114054"}],"wp:term":[{"taxonomy":"category","embeddable":true,"href":"https:\/\/www.europesays.com\/pl\/wp-json\/wp\/v2\/categories?post=114054"},{"taxonomy":"post_tag","embeddable":true,"href":"https:\/\/www.europesays.com\/pl\/wp-json\/wp\/v2\/tags?post=114054"}],"curies":[{"name":"wp","href":"https:\/\/api.w.org\/{rel}","templated":true}]}}