{"id":114056,"date":"2025-11-23T04:13:18","date_gmt":"2025-11-23T04:13:18","guid":{"rendered":"https:\/\/www.europesays.com\/pl\/114056\/"},"modified":"2025-11-23T04:13:18","modified_gmt":"2025-11-23T04:13:18","slug":"krzysztof-czeczot-wspomina-wypadek-samochodowy-zwrocil-sie-do-kobiety-z-drugiego-auta-2","status":"publish","type":"post","link":"https:\/\/www.europesays.com\/pl\/114056\/","title":{"rendered":"Krzysztof Czeczot wspomina wypadek samochodowy. Zwr\u00f3ci\u0142 si\u0119 do kobiety z drugiego auta"},"content":{"rendered":"<p class=\"Paragraph_desktopParagraph__U31Gm\">Pod koniec wrze\u015bnia w miejscowo\u015bci Niechanowo pod Gnieznem dosz\u0142o do wypadku samochodowego, w kt\u00f3rym uczestniczyli Karolina Gorczyca i <a href=\"https:\/\/plejada.pl\/krzysztof-czeczot\" id=\"0bc20e7e-3fe2-4a32-87ae-912acfb51a3c\" rel=\"nofollow noopener\" target=\"_blank\">Krzysztof Czeczot<\/a>. Do zdarzenia dosz\u0142o 27 wrze\u015bnia w godzinach popo\u0142udniowych. Jak ustali\u0142a policja, wypadek spowodowa\u0142a kobieta kieruj\u0105ca citroenem, kt\u00f3ra nie ust\u0105pi\u0142a pierwsze\u0144stwa mercedesowi prowadzonemu przez aktora.<\/p>\n<p class=\"Paragraph_desktopParagraph__U31Gm\">W wyniku zderzenia Czeczot dozna\u0142 z\u0142amania r\u0119ki, co zosta\u0142o zakwalifikowane jako wypadek drogowy. Karolina Gorczyca, kt\u00f3ra by\u0142a pasa\u017cerk\u0105 mercedesa, oraz kieruj\u0105ca drugim pojazdem kobieta nie odnios\u0142y \u017cadnych obra\u017ce\u0144.<\/p>\n<ul class=\"OchatFollowUps_wrapper__1ry7X\">\n<li class=\"OchatFollowUps_item__Dhyly OchatFollowUps_itemDesktop__R6aBv\">Kiedy dosz\u0142o do wypadku samochodowego z udzia\u0142em Czeczota?<\/li>\n<li class=\"OchatFollowUps_item__Dhyly OchatFollowUps_itemDesktop__R6aBv\">Jakie obra\u017cenia odni\u00f3s\u0142 Krzysztof Czeczot?<\/li>\n<li class=\"OchatFollowUps_item__Dhyly OchatFollowUps_itemDesktop__R6aBv\">Co wydarzy\u0142o si\u0119 z kobiet\u0105 prowadz\u0105c\u0105 drugi samoch\u00f3d?<\/li>\n<li class=\"OchatFollowUps_item__Dhyly OchatFollowUps_itemDesktop__R6aBv\">Jakie uczucia wyrazi\u0142 Krzysztof Czeczot w rozmowie o wypadku?<\/li>\n<\/ul>\n<p>Karolina Gorczyca poruszona zachowaniem m\u0119\u017ca w wypadku. &#8222;To by\u0142o mocne&#8221; <\/p>\n<p class=\"Paragraph_desktopParagraph__U31Gm\"><a href=\"https:\/\/plejada.pl\/karolina-gorczyca\" id=\"9750c1d5-fdc0-47a9-b48d-a6457fef39c2\" rel=\"nofollow noopener\" target=\"_blank\">Karolina Gorczyca<\/a> i Krzysztof Czeczot pojawili si\u0119 w sobotnim wydaniu <a href=\"https:\/\/plejada.pl\/pytanie-na-sniadanie\" id=\"a196d050-3552-4888-b9aa-7d4002127352\" rel=\"nofollow noopener\" target=\"_blank\">&#8222;Pytania na \u015bniadanie&#8221;<\/a>, gdzie ponownie wr\u00f3cili do tematu wypadku, kt\u00f3ry wstrz\u0105sn\u0105\u0142 ich \u017cyciem. \u2014 Jechali\u015bmy przepisowo, zapi\u0119ci w pasy. Nie wiadomo sk\u0105d si\u0119 pojawi\u0142 nagle samoch\u00f3d. Trzy takie my\u015bli mia\u0142em \u2014 po pierwsze, \u017ce zabij\u0119 t\u0119 pani\u0105, bo nasze auto by\u0142o du\u017ce, a tamto mniejsze. Po drugie, \u017ce nam si\u0119 co\u015b stanie, a po trzecie, widzia\u0142em luk\u0119 mi\u0119dzy samochodami i pomy\u015bla\u0142em, \u017ceby odbija\u0107 w to pole, st\u0105d to z\u0142amanie \u2014 t\u0142umaczy\u0142 aktor.<\/p>\n<blockquote>\n<p class=\"Paragraph_desktopParagraph__U31Gm\">Krzysztof szuka\u0142 sposobu, \u017ceby oszcz\u0119dzi\u0107 mnie w tym wszystkim. Szuka\u0142 takiego odbicia, \u017cebym ja nie uderzy\u0142a, a \u017ceby jakby wzi\u0105\u0107 na siebie. To by\u0142o takie mocne<\/p>\n<\/blockquote>\n<p class=\"Paragraph_desktopParagraph__U31Gm\">\u2014 doda\u0142a aktorka.<\/p>\n<p class=\"Paragraph_desktopParagraph__U31Gm\">Krzysztof Czeczot nie ukrywa, \u017ce \u0142\u0105czy si\u0119 r\u00f3wnie\u017c z kobiet\u0105, kt\u00f3ra uczestniczy\u0142a w wypadku. Niespodziewanie postanowi\u0142 si\u0119 do niej zwr\u00f3ci\u0107. \u2014 Jakkolwiek to nie zabrzmi, wysy\u0142amy teraz du\u017co ciep\u0142a do tej pani, bo przecie\u017c na pewno tego nie chcia\u0142a i to by\u0142 jaki\u015b splot. To jest m\u0142oda osoba i dla niej to te\u017c musia\u0142o by\u0107 traumatyczne do\u015bwiadczenie \u2014 t\u0142umaczy\u0142.<\/p>\n<p class=\"Paragraph_desktopParagraph__U31Gm\">Aktor nie ukrywa\u0142, \u017ce po opatrzeniu przez pani\u0105 doktor, mia\u0142 okazj\u0119 chwil\u0119 porozmawia\u0107 z kobiet\u0105, kt\u00f3ra prowadzi\u0142a drugi samoch\u00f3d.<\/p>\n<blockquote>\n<p class=\"Paragraph_desktopParagraph__U31Gm\">\u017bycz\u0119 pani wszystkiego dobrego. \u017byjemy, wszystko jest dobrze. Niech pani te\u017c dochodzi do siebie, bo trzeba pami\u0119ta\u0107, \u017ce po drugiej stronie te\u017c jest cz\u0142owiek i on te\u017c cierpi. Na koniec dnia wszyscy musimy my\u015ble\u0107 o tym, \u017ce jeste\u015bmy tu, na tej planecie przez jaki\u015b czas i warto dba\u0107 o siebie<\/p>\n<\/blockquote>\n<p class=\"Paragraph_desktopParagraph__U31Gm\">\u2014 apelowa\u0142, nie kryj\u0105c wdzi\u0119czno\u015bci wobec s\u0142u\u017cb, kt\u00f3re natychmiastowo zadzia\u0142a\u0142y. Po niespe\u0142na trzech minutach pojawi\u0142y si\u0119 one na miejscu wypadku, udzielaj\u0105c aktorskiej parze pomocy.<\/p>\n<p><img decoding=\"async\" class=\"Image_image__0tuHp Image_autoHeight__f2n87 \" height=\"528\" width=\"940\" src=\"https:\/\/www.europesays.com\/pl\/wp-content\/uploads\/2025\/11\/mwlk9kpTURBXy81YjgyYjJjMzZlMGUwY2QyMDIyNWQ5YjliZGMyMWRjOC5qcGeSlQLNA6wAwsOVAgDNAkvCw94AA6EwAaExAaEzw.jpeg\" alt=\"Screen z &quot;Pytania na \u015bniadanie&quot;\" loading=\"lazy\" \/>VOD<\/p>\n<p>Screen z &#8222;Pytania na \u015bniadanie&#8221;<\/p>\n<p class=\"Paragraph_desktopParagraph__U31Gm\">Dzi\u0119kujemy, \u017ce przeczyta\u0142a\u015b\/e\u015b nasz artyku\u0142 do ko\u0144ca. W serwisie Plejada.pl ka\u017cdego dnia piszemy o najwa\u017cniejszych wydarzeniach show-biznesowych. B\u0105d\u017a na bie\u017c\u0105co! <a rel=\"nofollow noopener\" href=\"https:\/\/profile.google.com\/cp\/Cg0vZy8xMWJ6X19wdHBx\" id=\"d402bee2-66db-44ba-84c7-b3c5fa30379d\" target=\"_blank\">Obserwuj<\/a> Plejad\u0119 w Google. Odwied\u017a nas tak\u017ce na <a rel=\"nofollow noopener\" href=\"https:\/\/www.facebook.com\/plejadapl\" id=\"d8a608ee-1956-4064-a43d-9c9201a710b2\" target=\"_blank\">Facebooku<\/a>, <a rel=\"nofollow noopener\" href=\"https:\/\/www.instagram.com\/plejadapl\/\" id=\"880c4a75-3a06-45d6-aaae-fcec2431535c\" target=\"_blank\">Instagramie<\/a>, <a rel=\"nofollow noopener\" href=\"https:\/\/www.youtube.com\/c\/plejada\" id=\"b1856761-ceed-4bf4-a6b7-c0cf096aad1a\" target=\"_blank\">YouTubie<\/a> oraz <a rel=\"nofollow noopener\" href=\"https:\/\/www.tiktok.com\/@plejada_pl\" id=\"f47f9569-db8b-46e4-a926-85ffe82241e6\" target=\"_blank\">TikToku<\/a>.<\/p>\n<p class=\"Paragraph_desktopParagraph__U31Gm\">Chcesz podzieli\u0107 si\u0119 ciekawym newsem lub zaproponowa\u0107 temat? Skontaktuj si\u0119 z nami, pisz\u0105c maila na adres: <a href=\"https:\/\/www.onet.pl\/styl-zycia\/plejada\/krzysztof-czeczot-wspomina-wypadek-samochodowy-zwrocil-sie-do-kobiety-z-drugiego-auta\/mailto:plejada@redakcjaonet.pl\" id=\"7c63b3a6-e1b6-4e84-b3cf-1d12fbfe4953\" rel=\"nofollow noopener\" target=\"_blank\">plejada@redakcjaon<\/a><a rel=\"nofollow noopener\" href=\"http:\/\/et.pl\" id=\"5c06b995-3ad4-4ae2-8ab1-3139e3c4fa39\" target=\"_blank\">et.pl<\/a>.<\/p>\n<p><script async src=\"\/\/www.instagram.com\/embed.js\"><\/script><script async src=\"\/\/www.tiktok.com\/embed.js\"><\/script><\/p>\n","protected":false},"excerpt":{"rendered":"Pod koniec wrze\u015bnia w miejscowo\u015bci Niechanowo pod Gnieznem dosz\u0142o do wypadku samochodowego, w kt\u00f3rym uczestniczyli Karolina Gorczyca i&hellip;\n","protected":false},"author":2,"featured_media":114057,"comment_status":"","ping_status":"","sticky":false,"template":"","format":"standard","meta":{"footnotes":""},"categories":[22],"tags":[122,67,6153,6152,53,52,68,51,55,42,38,40,39,41,2577,123,47,196,65,50,2915],"class_list":{"0":"post-114056","1":"post","2":"type-post","3":"status-publish","4":"format-standard","5":"has-post-thumbnail","7":"category-rozrywka","8":"tag-entertainment","9":"tag-intextvideo_splayer","10":"tag-karolina_gorczyca","11":"tag-krzysztof_czeczot","12":"tag-new_header","13":"tag-onet3","14":"tag-onet3d","15":"tag-onet3d_2i","16":"tag-phx","17":"tag-pl","18":"tag-poland","19":"tag-polish","20":"tag-polska","21":"tag-polski","22":"tag-pytanie_na_sniadanie","23":"tag-rozrywka","24":"tag-screening_general","25":"tag-styl_zycia","26":"tag-update_me","27":"tag-v2021","28":"tag-wypadek_samochodowy"},"share_on_mastodon":{"url":"https:\/\/pubeurope.com\/@pl\/115597069920465073","error":""},"_links":{"self":[{"href":"https:\/\/www.europesays.com\/pl\/wp-json\/wp\/v2\/posts\/114056","targetHints":{"allow":["GET"]}}],"collection":[{"href":"https:\/\/www.europesays.com\/pl\/wp-json\/wp\/v2\/posts"}],"about":[{"href":"https:\/\/www.europesays.com\/pl\/wp-json\/wp\/v2\/types\/post"}],"author":[{"embeddable":true,"href":"https:\/\/www.europesays.com\/pl\/wp-json\/wp\/v2\/users\/2"}],"replies":[{"embeddable":true,"href":"https:\/\/www.europesays.com\/pl\/wp-json\/wp\/v2\/comments?post=114056"}],"version-history":[{"count":0,"href":"https:\/\/www.europesays.com\/pl\/wp-json\/wp\/v2\/posts\/114056\/revisions"}],"wp:featuredmedia":[{"embeddable":true,"href":"https:\/\/www.europesays.com\/pl\/wp-json\/wp\/v2\/media\/114057"}],"wp:attachment":[{"href":"https:\/\/www.europesays.com\/pl\/wp-json\/wp\/v2\/media?parent=114056"}],"wp:term":[{"taxonomy":"category","embeddable":true,"href":"https:\/\/www.europesays.com\/pl\/wp-json\/wp\/v2\/categories?post=114056"},{"taxonomy":"post_tag","embeddable":true,"href":"https:\/\/www.europesays.com\/pl\/wp-json\/wp\/v2\/tags?post=114056"}],"curies":[{"name":"wp","href":"https:\/\/api.w.org\/{rel}","templated":true}]}}