{"id":114074,"date":"2025-11-23T05:21:10","date_gmt":"2025-11-23T05:21:10","guid":{"rendered":"https:\/\/www.europesays.com\/pl\/114074\/"},"modified":"2025-11-23T05:21:10","modified_gmt":"2025-11-23T05:21:10","slug":"wsrod-bieli-i-czerni-to-one-byly-tecza-na-wielkim-balu-tvn-feeria-barw-u-gwiazd-plejada","status":"publish","type":"post","link":"https:\/\/www.europesays.com\/pl\/114074\/","title":{"rendered":"W\u015br\u00f3d bieli i czerni to one by\u0142y t\u0119cz\u0105 na wielkim balu TVN. Feeria barw u gwiazd &#8211; Plejada"},"content":{"rendered":"<ol>\n<li><a href=\"https:\/\/news.google.com\/rss\/articles\/CBMiuAFBVV95cUxNZUtjUnJZRzZVTGZZVXFYSHY3d1dHeHJzYkh3TGpWRnBhbFV6WGZOU1phTUJPakF1cjdha1FYRnhnQ3dhZTE4LUFHWWYxVDd0RHlIc3RaTTlWUUhYMUpXQmpFUTkwbHN1b1J5TFRwOG5oZURZazFNam90NnVlMU1qdmZ0WWtKdUV6clV1OHFRMG15Tmw2Y1FORWhIWFhwaXlBY1E0RUVoSENRYmNYU2F3d1h3ZFo3blJw?oc=5\" target=\"_blank\" rel=\"nofollow noopener\">W\u015br\u00f3d bieli i czerni to one by\u0142y t\u0119cz\u0105 na wielkim balu TVN. Feeria barw u gwiazd<\/a>&nbsp;&nbsp;Plejada<\/li>\n<li><a href=\"https:\/\/news.google.com\/rss\/articles\/CBMixgFBVV95cUxPUjFyS3pYMkI3Z1ZjZkdWa25MZmczNDEtTDVJeF9xQlc3Ml9vSkwweG91QVduM2RVS0VuVks1bnVKQnhkSWRBWkJzbmFvZFVtMmo0ZmhMUHFfSEhROFViWTZtNng1ZkVydlpZWEZBdjB1VWc2aUlGVXNMbmx5UlRINHV3X2VjNXhxY2s0bXpQRmM5LU9oMElnSkdaVGFDN0pxYm00TTM3R1ctYUN5NmI4S1NKTE95ZGRFS3NicVQ2Nkp1eDJVX0E?oc=5\" target=\"_blank\" rel=\"nofollow noopener\">Bal Fundacji TVN. Sandra Hajduk jak z Hollywood, Anita Werner z partnerem<\/a>&nbsp;&nbsp;Onet<\/li>\n<li><a href=\"https:\/\/news.google.com\/rss\/articles\/CBMiugFBVV95cUxPV21WRndudi1WV1QzbUFHdV82NkJFVlJFYzhoN0lGTnNWeFUwMnVPMDJ6VHB5cExXQmVOVXEwb1ZEY1ZsZlRiVUZVcmV4eFNSQzQwTU1wdWpUUDFvZERWRFlFZks3bWxRbkxSSGJLTEU1ZXRjWkhVQjhzX0tjbWVackdoVEVNVzJQR0RfbUFpRG51UTNIU3QtdTBndWtrb3kteERrVUw0V0lWWTdtWWxUR3VrVWFUOUl4X3c?oc=5\" target=\"_blank\" rel=\"nofollow noopener\">Ma\u0142gorzata Socha ca\u0142a w prze\u015bwitach na Balu Fundacji TVN. Zachwyci\u0142a sylwetk\u0105<\/a>&nbsp;&nbsp;Plejada<\/li>\n<li><a href=\"https:\/\/news.google.com\/rss\/articles\/CBMiugFBVV95cUxObjMxUmM0NVdmUkFIR3NjWWRkeEFlcFdBa3J6UjF0SjRFYWZzYi1YSFh3ZEdnX2lTN1pXcGNqSV9wRERxTE4tWFhVemJyZGs0WExrdW1uMUV3b2lmRkNPTWtBZE9BcXRSMG83enc5U0J3VFZKTG9Pd0pNa1poZ0lPY0YtMy1QOUFhbFNGVjFzdFBqN2NFTDZZQTh6Y05QLTVUMmlOMllBaXVBSHRIeUZ6LXZOc0dxVW8yMWc?oc=5\" target=\"_blank\" rel=\"nofollow noopener\">Ma\u0142gorzata Rozenek-Majdan da\u0142a si\u0119 ponie\u015b\u0107. Od razu rzuca si\u0119 w oczy<\/a>&nbsp;&nbsp;Sport w INTERIA.PL<\/li>\n<li><a href=\"https:\/\/news.google.com\/rss\/articles\/CBMi6AFBVV95cUxNSDZxSjE4UnJOZHpDc3VmcEhDXy1uRWxILTU3RDRLQW83WHg3S0JBdFNIbVRNYlNmZnZQXzgzdzZVdG1VdG42cklDYUZzSlhhT0JjMDIxc3J2NHJ5cWs0bW9UcTh6WWt4MHNmUkxCNG1MeVBZbm9mQy0tZThaZG5kMDRKMDhrQkprX1U3VUJwd05HMnFlVEQzWEFkekw4UDFvd011RkgtRlYtT3MzR0RYMW90RGNDRnFUZ2RvZ01OTlZqZS1LclFEbVNVLVFGN2ozYnkxXzZoNlJSRGtNdldBSXcxanNaRXNI?oc=5\" target=\"_blank\" rel=\"nofollow noopener\">Wystrojone gwiazdy bryluj\u0105 na Balu Fundacji TVN: Magdalena Boczarska, Monika Olejnik z partnerem, Katarzyna Warnke (ZDJ\u0118CIA)<\/a>&nbsp;&nbsp;Pudelek<\/li>\n<\/ol>\n","protected":false},"excerpt":{"rendered":"W\u015br\u00f3d bieli i czerni to one by\u0142y t\u0119cz\u0105 na wielkim balu TVN. Feeria barw u gwiazd&nbsp;&nbsp;Plejada Bal Fundacji&hellip;\n","protected":false},"author":2,"featured_media":114075,"comment_status":"","ping_status":"","sticky":false,"template":"","format":"standard","meta":{"footnotes":""},"categories":[5],"tags":[24829,24830,32,33,24828,36,37,27,21360,34,35,24831,28,31,48,25,46,42,38,40,39,41,47,29,30,26,804],"class_list":{"0":"post-114074","1":"post","2":"type-post","3":"status-publish","4":"format-standard","5":"has-post-thumbnail","7":"category-naglowki","8":"tag-agnieszka_sienkiewicz","9":"tag-anita_werner","10":"tag-breaking-news","11":"tag-breakingnews","12":"tag-ewa_drzyzga","13":"tag-featured-news","14":"tag-featurednews","15":"tag-headlines","16":"tag-katarzyna_warnke","17":"tag-latest-news","18":"tag-latestnews","19":"tag-marta_wierzbicka","20":"tag-naglowki","21":"tag-najwazniejsze-artykuly","22":"tag-nat_styl","23":"tag-news","24":"tag-omp","25":"tag-pl","26":"tag-poland","27":"tag-polish","28":"tag-polska","29":"tag-polski","30":"tag-screening_general","31":"tag-top-stories","32":"tag-topstories","33":"tag-wiadomosci","34":"tag-zdjecia_gwiazd"},"share_on_mastodon":{"url":"https:\/\/pubeurope.com\/@pl\/115597337135709266","error":""},"_links":{"self":[{"href":"https:\/\/www.europesays.com\/pl\/wp-json\/wp\/v2\/posts\/114074","targetHints":{"allow":["GET"]}}],"collection":[{"href":"https:\/\/www.europesays.com\/pl\/wp-json\/wp\/v2\/posts"}],"about":[{"href":"https:\/\/www.europesays.com\/pl\/wp-json\/wp\/v2\/types\/post"}],"author":[{"embeddable":true,"href":"https:\/\/www.europesays.com\/pl\/wp-json\/wp\/v2\/users\/2"}],"replies":[{"embeddable":true,"href":"https:\/\/www.europesays.com\/pl\/wp-json\/wp\/v2\/comments?post=114074"}],"version-history":[{"count":0,"href":"https:\/\/www.europesays.com\/pl\/wp-json\/wp\/v2\/posts\/114074\/revisions"}],"wp:featuredmedia":[{"embeddable":true,"href":"https:\/\/www.europesays.com\/pl\/wp-json\/wp\/v2\/media\/114075"}],"wp:attachment":[{"href":"https:\/\/www.europesays.com\/pl\/wp-json\/wp\/v2\/media?parent=114074"}],"wp:term":[{"taxonomy":"category","embeddable":true,"href":"https:\/\/www.europesays.com\/pl\/wp-json\/wp\/v2\/categories?post=114074"},{"taxonomy":"post_tag","embeddable":true,"href":"https:\/\/www.europesays.com\/pl\/wp-json\/wp\/v2\/tags?post=114074"}],"curies":[{"name":"wp","href":"https:\/\/api.w.org\/{rel}","templated":true}]}}