{"id":114088,"date":"2025-11-23T06:17:13","date_gmt":"2025-11-23T06:17:13","guid":{"rendered":"https:\/\/www.europesays.com\/pl\/114088\/"},"modified":"2025-11-23T06:17:13","modified_gmt":"2025-11-23T06:17:13","slug":"ikona-ruchu-maga-rezygnuje-marjorie-taylor-green-odchodzi-z-kongresu","status":"publish","type":"post","link":"https:\/\/www.europesays.com\/pl\/114088\/","title":{"rendered":"Ikona ruchu MAGA rezygnuje. Marjorie Taylor Green odchodzi z Kongresu"},"content":{"rendered":"<p class=\"ods-c-paragraph \">\u2014 Mam zbyt du\u017ce poczucie w\u0142asnej warto\u015bci i godno\u015bci, zbyt mocno kocham swoj\u0105 rodzin\u0119 i nie chc\u0119, aby moja ukochana dzielnica musia\u0142a znosi\u0107 bolesne i pe\u0142ne nienawi\u015bci prawybory. Prowadzi je prezydent, o kt\u00f3rego wszyscy walczyli\u015bmy, tylko po to, aby walczy\u0107 i wygra\u0107 wybory, podczas gdy republikanie prawdopodobnie przegraj\u0105 wybory uzupe\u0142niaj\u0105ce \u2014 powiedzia\u0142a Greene w o\u015bwiadczeniu.<\/p>\n<p>Dalszy ci\u0105g artyku\u0142u pod materia\u0142em wideo<\/p>\n<p> Dlaczego Marjorie Taylor Greene rezygnuje z Kongresu? <\/p>\n<p> Kiedy ostatni dzie\u0144 Greene w Izbie Reprezentant\u00f3w? <\/p>\n<p> Co Marjorie Taylor Greene powiedzia\u0142a o swoich powodach rezygnacji? <\/p>\n<p> Jak Donald Trump odni\u00f3s\u0142 si\u0119 do Greene w kontek\u015bcie prawybor\u00f3w? <\/p>\n<p>  Trump chcia\u0142 si\u0119 pozby\u0107 Greene<\/p>\n<p class=\"ods-c-paragraph \">Krytyka Greene ze strony Trumpa pojawia si\u0119 w politycznie trudnym momencie dla Republikan\u00f3w, kt\u00f3rzy czuj\u0105 si\u0119 os\u0142abieni po mia\u017cd\u017c\u0105cym cyklu wyborczym, w kt\u00f3rym <a href=\"https:\/\/wiadomosci.onet.pl\/demokraci-lapia-wiatr-w-zagle-moze-stac-sie-politycznym-rewolucjonista\/cq1fl2l\" id=\"4242c578-6eca-45a4-bf14-0109d334a934\" rel=\"nofollow noopener\" target=\"_blank\">Demokraci zmietli ich we wszystkich najwa\u017cniejszych pojedynkach<\/a> \u2014 cz\u0119\u015bciowo poprzez kampani\u0119 skupion\u0105 na <a href=\"https:\/\/wiadomosci.onet.pl\/swiat\/to-koniec-shutdownu-donald-trump-podpisal-ustawe-o-finansowaniu-rzadu\/g5klvhm\" id=\"c0ec3703-3aac-4957-9785-e5ab01c087d1\" rel=\"nofollow noopener\" target=\"_blank\">skutkach shutdownu<\/a> i rosn\u0105cych cenach. Demokraci maj\u0105 nadziej\u0119, \u017ce ten impet potrwa do tzw. wybor\u00f3w po\u0142\u00f3wkowych [uzupe\u0142niaj\u0105cych] w przysz\u0142ym roku. Maj\u0105 nadziej\u0119, \u017ce uda im si\u0119 odzyska\u0107 wi\u0119kszo\u015b\u0107 w Izbie Reprezentant\u00f3w.<\/p>\n<p class=\"ods-c-paragraph \">Prezydent powiedzia\u0142, \u017ce je\u015bli zaufany republikanin wystartuje przeciwko Greene \u2014 kt\u00f3r\u0105 obecnie postrzega jako &#8222;skrajnie lewicow\u0105&#8221; \u2014 w przysz\u0142orocznych prawyborach, otrzyma jego poparcie.<\/p>\n<p class=\"ods-c-paragraph \">&#8222;Nie mog\u0119 codziennie odbiera\u0107 telefon\u00f3w od w\u015bciek\u0142ej wariatki. Rozumiem, \u017ce wspaniali, konserwatywni ludzie my\u015bl\u0105 o prawyborach przeciwko Marjorie w jej okr\u0119gu w Georgii, \u017ce oni r\u00f3wnie\u017c maj\u0105 do\u015b\u0107 jej i jej wybryk\u00f3w&#8221; \u2014 napisa\u0142 w serwisie Truth Social. &#8222;Je\u015bli w\u0142a\u015bciwa osoba wystartuje, b\u0119dzie mia\u0142a moje pe\u0142ne i nieust\u0119pliwe poparcie&#8221;.<\/p>\n","protected":false},"excerpt":{"rendered":"\u2014 Mam zbyt du\u017ce poczucie w\u0142asnej warto\u015bci i godno\u015bci, zbyt mocno kocham swoj\u0105 rodzin\u0119 i nie chc\u0119, aby&hellip;\n","protected":false},"author":2,"featured_media":114089,"comment_status":"","ping_status":"","sticky":false,"template":"","format":"standard","meta":{"footnotes":""},"categories":[5],"tags":[32,33,44,36,37,27,24689,34,35,23030,28,31,48,25,46,5027,42,38,40,39,41,47,80,29,30,71,26],"class_list":{"0":"post-114088","1":"post","2":"type-post","3":"status-publish","4":"format-standard","5":"has-post-thumbnail","7":"category-naglowki","8":"tag-breaking-news","9":"tag-breakingnews","10":"tag-donald_trump","11":"tag-featured-news","12":"tag-featurednews","13":"tag-headlines","14":"tag-izba_reprezentantow","15":"tag-latest-news","16":"tag-latestnews","17":"tag-marjorie_taylor_greene","18":"tag-naglowki","19":"tag-najwazniejsze-artykuly","20":"tag-nat_styl","21":"tag-news","22":"tag-omp","23":"tag-partia_republikanska","24":"tag-pl","25":"tag-poland","26":"tag-polish","27":"tag-polska","28":"tag-polski","29":"tag-screening_general","30":"tag-swiat","31":"tag-top-stories","32":"tag-topstories","33":"tag-usa","34":"tag-wiadomosci"},"share_on_mastodon":{"url":"https:\/\/pubeurope.com\/@pl\/115597557445561747","error":""},"_links":{"self":[{"href":"https:\/\/www.europesays.com\/pl\/wp-json\/wp\/v2\/posts\/114088","targetHints":{"allow":["GET"]}}],"collection":[{"href":"https:\/\/www.europesays.com\/pl\/wp-json\/wp\/v2\/posts"}],"about":[{"href":"https:\/\/www.europesays.com\/pl\/wp-json\/wp\/v2\/types\/post"}],"author":[{"embeddable":true,"href":"https:\/\/www.europesays.com\/pl\/wp-json\/wp\/v2\/users\/2"}],"replies":[{"embeddable":true,"href":"https:\/\/www.europesays.com\/pl\/wp-json\/wp\/v2\/comments?post=114088"}],"version-history":[{"count":0,"href":"https:\/\/www.europesays.com\/pl\/wp-json\/wp\/v2\/posts\/114088\/revisions"}],"wp:featuredmedia":[{"embeddable":true,"href":"https:\/\/www.europesays.com\/pl\/wp-json\/wp\/v2\/media\/114089"}],"wp:attachment":[{"href":"https:\/\/www.europesays.com\/pl\/wp-json\/wp\/v2\/media?parent=114088"}],"wp:term":[{"taxonomy":"category","embeddable":true,"href":"https:\/\/www.europesays.com\/pl\/wp-json\/wp\/v2\/categories?post=114088"},{"taxonomy":"post_tag","embeddable":true,"href":"https:\/\/www.europesays.com\/pl\/wp-json\/wp\/v2\/tags?post=114088"}],"curies":[{"name":"wp","href":"https:\/\/api.w.org\/{rel}","templated":true}]}}