{"id":114106,"date":"2025-11-23T06:37:09","date_gmt":"2025-11-23T06:37:09","guid":{"rendered":"https:\/\/www.europesays.com\/pl\/114106\/"},"modified":"2025-11-23T06:37:09","modified_gmt":"2025-11-23T06:37:09","slug":"malopolska-pokryta-sniegiem-20-st-c-w-sudetach-podsumowanie-nocy-2","status":"publish","type":"post","link":"https:\/\/www.europesays.com\/pl\/114106\/","title":{"rendered":"Ma\u0142opolska pokryta \u015bniegiem, -20 st. C w Sudetach. Podsumowanie nocy"},"content":{"rendered":"<p class=\"ods-c-paragraph \">W ci\u0105gu dnia synoptycy ostrzegali przed nocnymi opadami \u015bniegu. Zapowiadali, \u017ce na \u015al\u0105sku, Ziemi \u015awi\u0119tokrzyskiej i Lubelszczy\u017anie spadnie oko\u0142o 5 cm \u015bniegu. W Ma\u0142opolsce i na Podkarpaciu oko\u0142o 10 cm, a wysoko w Tatrach i Bieszczadach pokrywa \u015bnie\u017cna wzro\u015bnie o oko\u0142o 15 cm. Prognozy sprawdzi\u0142y si\u0119. Mocno sypa\u0142o m.in. w Ma\u0142opolsce.<\/p>\n<p> Jakie temperatury panowa\u0142y w Sudetach? <\/p>\n<p> Ile \u015bniegu spad\u0142o w Ma\u0142opolsce? <\/p>\n<p> Gdzie dosz\u0142o do zderzenia pojazd\u00f3w? <\/p>\n<p> Jakie s\u0105 zalecenia dotycz\u0105ce ubierania si\u0119 na mr\u00f3z? <\/p>\n<p class=\"ods-c-paragraph \">Do gro\u017anego zdarzenia dosz\u0142o na prze\u0142\u0119czy Salmopol. Jest to prze\u0142\u0119cz po\u0142o\u017cona na wysoko\u015bci 934 m n.p.m. w Beskidzie \u015al\u0105skim. Przebiega przez ni\u0105 droga wojew\u00f3dzka nr 942 \u0142\u0105cz\u0105ca Wis\u0142\u0119 ze Szczyrkiem i Bielsko-Bia\u0142\u0105. Na o\u015bnie\u017conej drodze zderzy\u0142y si\u0119 tam dwa pojazdy \u2014 informowa\u0142 portal Bielskie Drogi.<\/p>\n<p class=\"ods-c-paragraph \">Trudna sytuacja by\u0142a te\u017c na Podhalu. &#8222;W sobotni wiecz\u00f3r intensywnie zacz\u0105\u0142 pada\u0107 \u015bnieg, a przez noc mo\u017ce go spa\u0107 nawet do 25 centymetr\u00f3w. Szczeg\u00f3lnie krytyczna sytuacja panuje w rejonie Chocho\u0142owa, gdzie drogi sta\u0142y si\u0119 wyj\u0105tkowo niebezpieczne i skrajnie \u015bliskie. Mieszka\u0144cy i tury\u015bci donosz\u0105 o prawdziwym parali\u017cu komunikacyjnym. Na tamtejszych wzniesieniach tworz\u0105 si\u0119 zatory. Problemy maj\u0105 nie tylko samochody osobowe, ale i ci\u0119\u017csze pojazdy, kt\u00f3re maj\u0105 trudno\u015bci z podjazdem, cz\u0119sto blokuj\u0105c ruch w obu kierunkach&#8221;\u2014 informowa\u0142 portal M jak Ma\u0142opolska.<\/p>\n<p class=\"ods-c-paragraph \">Efekty opad\u00f3w by\u0142o wida\u0107 te\u017c na rynku w Nowym Targu&#8230;<\/p>\n<p class=\"ods-c-paragraph \">&#8230; i w Zakopanem, kt\u00f3re w zimowej szacie wygl\u0105da\u0142o niczym kraina z bajki. <\/p>\n<p> \u015anieg zawita\u0142 do Wielkopolski<\/p>\n<p class=\"ods-c-paragraph \">Pada\u0142o nie tylko na po\u0142udniu Polski. Ze \u015bniegu mogli si\u0119 cieszy\u0107 tak\u017ce mieszka\u0144cy Wielkopolski, a bia\u0142ych puch pokry\u0142 m.in. Stary Rynek w Poznaniu.<\/p>\n<p>   <img decoding=\"async\" src=\"https:\/\/www.europesays.com\/pl\/wp-content\/uploads\/2025\/11\/ttck9lBaHR0cHM6Ly9vY2RuLmV1L3B1bHNjbXMvTURBXy8zN2NjNDdiYzY0MGE3ZjhiMDRiNDYzMGI5OWViNWM3MS5wbmeRlQLNB.jpeg\" height=\"508\" width=\"940\" alt=\"Stary Rynek w Poznaniu pokryty \u015bniegiem\" loading=\"lazy\" class=\"ods-c-image__img ods-c-image__img--viewport-width\"\/><\/p>\n<p>Stary Rynek w Poznaniu pokryty \u015bniegiemhttps:\/\/poznan-stary-rynek.webcamera.pl\/<\/p>\n<p class=\"ods-c-paragraph \">Opady \u015bniegu przyczyni\u0142y si\u0119 jednak do trudnej sytuacji na pozna\u0144skich ulicach.<\/p>\n<p class=\"ods-c-paragraph \">Z kolei na Hali Izerskiej temperatura spad\u0142a do 20 st. poni\u017cej zera. Hala Izerska to g\u00f3rska \u0142\u0105ka po\u0142o\u017cona na wysoko\u015bci 840\u2013880 m n.p.m. w dolinie Izery w G\u00f3rach Izerskich w Sudetach.<\/p>\n<p class=\"ods-c-paragraph \">W niedziel\u0119 zima jeszcze bardziej si\u0119 umocni. Do intensywnych opad\u00f3w \u015bniegu do\u0142\u0105czy mr\u00f3z, kt\u00f3ry w wielu regionach utrzyma si\u0119 nawet w ci\u0105gu dnia. Niezwykle zimno zapowiada si\u0119 najbli\u017csza noc. <a href=\"https:\/\/wiadomosci.onet.pl\/pogoda\/dzis-zimowa-pogoda-osiagnie-apogeum-nowa-porcja-sniegu-i-tegi-mroz\/y64p57k\" id=\"3ff81e4c-3149-468a-a737-7035620ed74b\" rel=\"nofollow noopener\" target=\"_blank\">Na po\u0142udniu kraju temperatura mo\u017ce spa\u015b\u0107 nawet do -15 st. C. Sprawd\u017a szczeg\u00f3\u0142y prognozy na niedziel\u0119.<\/a><\/p>\n<p> Zima mo\u017ce by\u0107 gro\u017ana. To warto pami\u0119ta\u0107<\/p>\n<p class=\"ods-c-paragraph \">Rz\u0105dowe Centrum Bezpiecze\u0144stwa przypomina, \u017ce niskie temperatury i obfite opady \u015bniegu mog\u0105 by\u0107 gro\u017ane dla zdrowia, a nawet \u017cycia. Aby nie dopu\u015bci\u0107 do odmro\u017ce\u0144 i wych\u0142odzenia organizmu:<\/p>\n<ul class=\"ods-m-bullet-list\">\n<li class=\"ods-a-bullet ods-a-bullet--normal\"> ubieraj si\u0119 stosownie do temperatury na zewn\u0105trz. Gdy planujesz d\u0142u\u017csze przebywanie na dworze, ubierz si\u0119 warstwowo, najlepiej w odzie\u017c z naturalnych tkania lub tkanin typu polar. Wa\u017cne, by ubranie nie utrudnia\u0142o kr\u0105\u017cenia. <\/li>\n<li class=\"ods-a-bullet ods-a-bullet--normal\"> no\u015b odpowiednie, ciep\u0142e obuwie, kt\u00f3re nie b\u0119dzie ogranicza\u0142o mo\u017cliwo\u015bci poruszania palcami, <\/li>\n<li class=\"ods-a-bullet ods-a-bullet--normal\"> no\u015b ocieplane, lu\u017ane r\u0119kawice i czapk\u0119 zas\u0142aniaj\u0105c czo\u0142o i uszy,\u00a0 <\/li>\n<li class=\"ods-a-bullet ods-a-bullet--normal\"> nie zas\u0142aniaj twarzy szalem, gdy\u017c pod wp\u0142ywem oddechu stanie si\u0119 wilgotny i mo\u017ce przyspieszy\u0107 powstawanie odmro\u017ce\u0144, <\/li>\n<li class=\"ods-a-bullet ods-a-bullet--normal\"> przed wyj\u015bciem na mr\u00f3z posmaruj odkryte cz\u0119\u015bci cia\u0142a (policzki, noc, brod\u0119) kremem ochronnym lub wazelin\u0105 \u2013 szczeg\u00f3lnie dotyczy to dzieci,\u00a0 <\/li>\n<li class=\"ods-a-bullet ods-a-bullet--normal\"> nie st\u00f3j nieruchomo na zimnie; gdy zaczyna ci by\u0107 zimno, podskakuj, tup, rozcieraj d\u0142onie itp.,\u00a0 <\/li>\n<li class=\"ods-a-bullet ods-a-bullet--normal\"> nie spo\u017cywaj na zimnie alkoholu, sprzyja on wych\u0142adzaniu organizmu.\u00a0 <\/li>\n<\/ul>\n","protected":false},"excerpt":{"rendered":"W ci\u0105gu dnia synoptycy ostrzegali przed nocnymi opadami \u015bniegu. Zapowiadali, \u017ce na \u015al\u0105sku, Ziemi \u015awi\u0119tokrzyskiej i Lubelszczy\u017anie spadnie&hellip;\n","protected":false},"author":2,"featured_media":114107,"comment_status":"","ping_status":"","sticky":false,"template":"","format":"standard","meta":{"footnotes":""},"categories":[12],"tags":[32,33,36,37,27,1304,34,35,28,31,48,25,46,42,69,78,38,40,39,41,47,29,30,26,7441],"class_list":{"0":"post-114106","1":"post","2":"type-post","3":"status-publish","4":"format-standard","5":"has-post-thumbnail","7":"category-polska","8":"tag-breaking-news","9":"tag-breakingnews","10":"tag-featured-news","11":"tag-featurednews","12":"tag-headlines","13":"tag-krakow","14":"tag-latest-news","15":"tag-latestnews","16":"tag-naglowki","17":"tag-najwazniejsze-artykuly","18":"tag-nat_styl","19":"tag-news","20":"tag-omp","21":"tag-pl","22":"tag-podsumowanie_nocy","23":"tag-pogoda","24":"tag-poland","25":"tag-polish","26":"tag-polska","27":"tag-polski","28":"tag-screening_general","29":"tag-top-stories","30":"tag-topstories","31":"tag-wiadomosci","32":"tag-zima"},"share_on_mastodon":{"url":"https:\/\/pubeurope.com\/@pl\/115597636082804357","error":""},"_links":{"self":[{"href":"https:\/\/www.europesays.com\/pl\/wp-json\/wp\/v2\/posts\/114106","targetHints":{"allow":["GET"]}}],"collection":[{"href":"https:\/\/www.europesays.com\/pl\/wp-json\/wp\/v2\/posts"}],"about":[{"href":"https:\/\/www.europesays.com\/pl\/wp-json\/wp\/v2\/types\/post"}],"author":[{"embeddable":true,"href":"https:\/\/www.europesays.com\/pl\/wp-json\/wp\/v2\/users\/2"}],"replies":[{"embeddable":true,"href":"https:\/\/www.europesays.com\/pl\/wp-json\/wp\/v2\/comments?post=114106"}],"version-history":[{"count":0,"href":"https:\/\/www.europesays.com\/pl\/wp-json\/wp\/v2\/posts\/114106\/revisions"}],"wp:featuredmedia":[{"embeddable":true,"href":"https:\/\/www.europesays.com\/pl\/wp-json\/wp\/v2\/media\/114107"}],"wp:attachment":[{"href":"https:\/\/www.europesays.com\/pl\/wp-json\/wp\/v2\/media?parent=114106"}],"wp:term":[{"taxonomy":"category","embeddable":true,"href":"https:\/\/www.europesays.com\/pl\/wp-json\/wp\/v2\/categories?post=114106"},{"taxonomy":"post_tag","embeddable":true,"href":"https:\/\/www.europesays.com\/pl\/wp-json\/wp\/v2\/tags?post=114106"}],"curies":[{"name":"wp","href":"https:\/\/api.w.org\/{rel}","templated":true}]}}