{"id":114120,"date":"2025-11-23T07:00:12","date_gmt":"2025-11-23T07:00:12","guid":{"rendered":"https:\/\/www.europesays.com\/pl\/114120\/"},"modified":"2025-11-23T07:00:12","modified_gmt":"2025-11-23T07:00:12","slug":"kontuzje-w-lechu-poznan-trener-przekazal-najnowsze-informacje","status":"publish","type":"post","link":"https:\/\/www.europesays.com\/pl\/114120\/","title":{"rendered":"Kontuzje w Lechu Pozna\u0144. Trener przekaza\u0142 najnowsze informacje"},"content":{"rendered":"<p>Na\u00a0konferencji prasowej trener Lecha Pozna\u0144 mia\u0142 do\u00a0przekazania sporo informacji w\u00a0sprawie sytuacji zdrowotnej jego podopiecznych. Dobre wie\u015bci s\u0105\u00a0takie, \u017ce\u00a0do\u00a0zdrowia wraca jeden z\u00a0pi\u0142karzy, na\u00a0kt\u00f3rego\u00a0kibice najbardziej czekaj\u0105.<\/p>\n<p>Przed\u00a0meczem z\u00a0Radomiakiem Radom sytuacja kadrowa Kolejorza jest daleka od\u00a0optymalnej. Przetrzebiona urazami jest szczeg\u00f3lnie defensywa mistrza Polski. Du\u017cym wzmocnieniem dla ofensywy b\u0119dzie z\u00a0kolei powr\u00f3t do\u00a0sk\u0142adu Aliego Gholizadeha.<\/p>\n<p>Kontuzje w\u00a0Lechu Pozna\u0144. Niels Frederiksen przekaza\u0142 najnowsze informacje<\/p>\n<p>\u2013 Ali jest w\u00a0pe\u0142nym treningu od\u00a0dw\u00f3ch tygodni. Dobrze radzi sobie na\u00a0boisku, pokazuje jako\u015b\u0107. Jest gotowy, by\u00a0zagra\u0107 w\u00a0najbli\u017cszym meczu. Mo\u017ce nie\u00a0ca\u0142e spotkanie, ale\u00a0wi\u0119kszo\u015b\u0107 \u2013\u00a0poinformowa\u0142 przed\u00a0meczem z\u00a0Radomiakiem Niels Frederiksen.<\/p>\n<p>Wyja\u015bni\u0142 te\u017c, jak przebiega leczenie zawodnik\u00f3w, kt\u00f3rzy\u00a0wci\u0105\u017c wracaj\u0105 do\u00a0zdrowia po\u00a0powa\u017cnych urazach.<\/p>\n<p>\u2013 W\u00a0przypadku Patrika Walemarka i\u00a0Daniela Hakansa wszystko idzie zgodnie z\u00a0planem. Mamy nadziej\u0119, \u017ce\u00a0zaczn\u0105 treningi z\u00a0dru\u017cyn\u0105 w\u00a0grudniu i\u00a0b\u0119d\u0105 stopniowo w\u0142\u0105czani do\u00a0zespo\u0142u. Prawdopodobnie b\u0119dzie to\u00a0za\u00a0wcze\u015bnie, by\u00a0da\u0107 im\u00a0gra\u0107. Rados\u0142aw Murawski wr\u00f3ci nieco p\u00f3\u017aniej. Liczymy, \u017ce\u00a0zacznie treningi z\u00a0dru\u017cyn\u0105 w\u00a0styczniu. Tutaj tak\u017ce wszystko idzie zgodnie z\u00a0planem \u2013\u00a0zapewni\u0142 szkoleniowiec.<\/p>\n<p>Wymieniona wy\u017cej tr\u00f3jka to\u00a0nie\u00a0jedyni pi\u0142karze, z\u00a0kt\u00f3rych\u00a0nie\u00a0b\u0119dzie m\u00f3g\u0142 w\u00a0niedziel\u0119 skorzysta\u0107 du\u0144ski trener.<\/p>\n<p>\u2013 Ishak jest w\u00a0pe\u0142ni zdrowy, liczymy na\u00a0niego w\u00a0niedziel\u0119. Mili\u0107 nie\u00a0b\u0119dzie dost\u0119pny. Liczymy, \u017ce\u00a0wznowi treningi we\u00a0wtorek i\u00a0mo\u017ce b\u0119dzie gotowy na\u00a0czwartkowy mecz w\u00a0pucharach, o\u00a0tym jednak zdecydujemy po\u00a0badaniach, kt\u00f3re wykonamy w\u00a0poniedzia\u0142ek. Alex Douglas \u015bciga si\u0119 z\u00a0czasem. Prawdopodobnie nie\u00a0b\u0119dzie gotowy na\u00a0mecz Radomiakiem, ale\u00a0nie\u00a0wykluczamy takiej mo\u017cliwo\u015bci. Timothy Ouma z\u00a0powod\u00f3w rodzinnych jeszcze do\u00a0nas nie\u00a0wr\u00f3ci\u0142 po\u00a0przerwie na\u00a0kadr\u0119, na\u00a0pewno nie\u00a0wyst\u0105pi w\u00a0najbli\u017cszym meczu \u2013 wyja\u015bni\u0142 Niels Frederiksen.<\/p>\n<p>WI\u0118CEJ O\u00a0LECHU POZNA\u0143 NA\u00a0WESZ\u0141O:<\/p>\n<p>Fot.\u00a0Newspix<\/p>\n","protected":false},"excerpt":{"rendered":"Na\u00a0konferencji prasowej trener Lecha Pozna\u0144 mia\u0142 do\u00a0przekazania sporo informacji w\u00a0sprawie sytuacji zdrowotnej jego podopiecznych. Dobre wie\u015bci s\u0105\u00a0takie, \u017ce\u00a0do\u00a0zdrowia&hellip;\n","protected":false},"author":2,"featured_media":114121,"comment_status":"","ping_status":"","sticky":false,"template":"","format":"standard","meta":{"footnotes":""},"categories":[24],"tags":[6744,24862,6745,24863,215,1750,24864,42,38,40,39,41,1749,127,126,13684],"class_list":{"0":"post-114120","1":"post","2":"type-post","3":"status-publish","4":"format-standard","5":"has-post-thumbnail","7":"category-sport","8":"tag-alex-douglas","9":"tag-ali-gholizadeh","10":"tag-antonio-milic","11":"tag-daniel-hakans","12":"tag-lech-poznan","13":"tag-niels-frederiksen","14":"tag-patrik-walemark","15":"tag-pl","16":"tag-poland","17":"tag-polish","18":"tag-polska","19":"tag-polski","20":"tag-radoslaw-murawski","21":"tag-sport","22":"tag-sports","23":"tag-timothy-ouma"},"share_on_mastodon":{"url":"https:\/\/pubeurope.com\/@pl\/115597726419643544","error":""},"_links":{"self":[{"href":"https:\/\/www.europesays.com\/pl\/wp-json\/wp\/v2\/posts\/114120","targetHints":{"allow":["GET"]}}],"collection":[{"href":"https:\/\/www.europesays.com\/pl\/wp-json\/wp\/v2\/posts"}],"about":[{"href":"https:\/\/www.europesays.com\/pl\/wp-json\/wp\/v2\/types\/post"}],"author":[{"embeddable":true,"href":"https:\/\/www.europesays.com\/pl\/wp-json\/wp\/v2\/users\/2"}],"replies":[{"embeddable":true,"href":"https:\/\/www.europesays.com\/pl\/wp-json\/wp\/v2\/comments?post=114120"}],"version-history":[{"count":0,"href":"https:\/\/www.europesays.com\/pl\/wp-json\/wp\/v2\/posts\/114120\/revisions"}],"wp:featuredmedia":[{"embeddable":true,"href":"https:\/\/www.europesays.com\/pl\/wp-json\/wp\/v2\/media\/114121"}],"wp:attachment":[{"href":"https:\/\/www.europesays.com\/pl\/wp-json\/wp\/v2\/media?parent=114120"}],"wp:term":[{"taxonomy":"category","embeddable":true,"href":"https:\/\/www.europesays.com\/pl\/wp-json\/wp\/v2\/categories?post=114120"},{"taxonomy":"post_tag","embeddable":true,"href":"https:\/\/www.europesays.com\/pl\/wp-json\/wp\/v2\/tags?post=114120"}],"curies":[{"name":"wp","href":"https:\/\/api.w.org\/{rel}","templated":true}]}}