{"id":114124,"date":"2025-11-23T07:07:08","date_gmt":"2025-11-23T07:07:08","guid":{"rendered":"https:\/\/www.europesays.com\/pl\/114124\/"},"modified":"2025-11-23T07:07:08","modified_gmt":"2025-11-23T07:07:08","slug":"istotne-zmiany-na-enea-stadionie-kolejny-krok-w-kierunku-utrzymania-najwyzszych-standardow","status":"publish","type":"post","link":"https:\/\/www.europesays.com\/pl\/114124\/","title":{"rendered":"Istotne zmiany na Enea Stadionie. &#8222;Kolejny krok w kierunku utrzymania najwy\u017cszych standard\u00f3w&#8221;"},"content":{"rendered":"<p>    W niedziel\u0119 test.<\/p>\n<p>Jak ju\u017c informowali\u015bmy, na pocz\u0105tku listopada ruszy\u0142a operacja wymiany murawy na Enea Stadionie przy Bu\u0142garskiej. Wykorzystana zosta\u0142a do tego listopadowa przerwa reprezentacyjna oraz trzytygodniowy odst\u0119p mi\u0119dzy meczami. <\/p>\n<p>Jak przekazano, na stadionie zasz\u0142y istotne zmiany, kt\u00f3re poprawi\u0105 jako\u015b\u0107 murawy i komfort u\u017cytkowania. &#8222;W ostatnich tygodniach zrealizowali\u015bmy kompleksow\u0105 modernizacj\u0119 system\u00f3w technicznych, w ramach kt\u00f3rej: wymieniono ca\u0142y system nawodnienia wraz ze zraszaczami, wdro\u017cono nowy system sterowania automatyk\u0105 z pomiarem temperatury, zainstalowano nowoczesny system podgrzewania stref rozgrzewkowych, zamontowano blisko 8 km okablowania sygna\u0142owego i zasilaj\u0105cego&#8221;- informuj\u0105 przedstawiciele Enea Stadionu. <\/p>\n<p>&#8222;Dzi\u0119ki tym zmianom murawa b\u0119dzie jeszcze lepiej przygotowana do zmiennych warunk\u00f3w pogodowych, a nowoczesna automatyka pozwoli na pe\u0142n\u0105 kontrol\u0119 parametr\u00f3w \u015brodowiskowych. Modernizacja to kolejny krok w kierunku utrzymania najwy\u017cszych standard\u00f3w infrastruktury stadionu&#8221;- dodaj\u0105. <\/p>\n<p>Przypomnijmy, \u017ce nowa nawierzchnia &#8211; jak zazwyczaj w rolkach, sprowadzona zosta\u0142a z plantacji pod Budapesztem na W\u0119grzech. To ju\u017c niemal tradycja, cho\u0107 w ubieg\u0142ym roku trawa pochodzi\u0142a ze S\u0142owacji. Trawa zostanie w niedziel\u0119 przetestowana podczas meczu Lecha z Radomiakiem Radom. <\/p>\n<p style=\"margin-bottom: 6px;\">Autor: <a href=\"https:\/\/epoznan.pl\/newsListAuthor-j\" rel=\"nofollow noopener\" target=\"_blank\">j<\/a><\/p>\n<p>Dodano: 22 listopada 2025 r. godz. 10:02<\/p>\n","protected":false},"excerpt":{"rendered":"W niedziel\u0119 test. Jak ju\u017c informowali\u015bmy, na pocz\u0105tku listopada ruszy\u0142a operacja wymiany murawy na Enea Stadionie przy Bu\u0142garskiej.&hellip;\n","protected":false},"author":2,"featured_media":114125,"comment_status":"","ping_status":"","sticky":false,"template":"","format":"standard","meta":{"footnotes":""},"categories":[24],"tags":[24865,3511,42,38,40,39,41,127,126],"class_list":{"0":"post-114124","1":"post","2":"type-post","3":"status-publish","4":"format-standard","5":"has-post-thumbnail","7":"category-sport","8":"tag-enea-stadion","9":"tag-inwestycje","10":"tag-pl","11":"tag-poland","12":"tag-polish","13":"tag-polska","14":"tag-polski","15":"tag-sport","16":"tag-sports"},"share_on_mastodon":{"url":"https:\/\/pubeurope.com\/@pl\/115597754211417073","error":""},"_links":{"self":[{"href":"https:\/\/www.europesays.com\/pl\/wp-json\/wp\/v2\/posts\/114124","targetHints":{"allow":["GET"]}}],"collection":[{"href":"https:\/\/www.europesays.com\/pl\/wp-json\/wp\/v2\/posts"}],"about":[{"href":"https:\/\/www.europesays.com\/pl\/wp-json\/wp\/v2\/types\/post"}],"author":[{"embeddable":true,"href":"https:\/\/www.europesays.com\/pl\/wp-json\/wp\/v2\/users\/2"}],"replies":[{"embeddable":true,"href":"https:\/\/www.europesays.com\/pl\/wp-json\/wp\/v2\/comments?post=114124"}],"version-history":[{"count":0,"href":"https:\/\/www.europesays.com\/pl\/wp-json\/wp\/v2\/posts\/114124\/revisions"}],"wp:featuredmedia":[{"embeddable":true,"href":"https:\/\/www.europesays.com\/pl\/wp-json\/wp\/v2\/media\/114125"}],"wp:attachment":[{"href":"https:\/\/www.europesays.com\/pl\/wp-json\/wp\/v2\/media?parent=114124"}],"wp:term":[{"taxonomy":"category","embeddable":true,"href":"https:\/\/www.europesays.com\/pl\/wp-json\/wp\/v2\/categories?post=114124"},{"taxonomy":"post_tag","embeddable":true,"href":"https:\/\/www.europesays.com\/pl\/wp-json\/wp\/v2\/tags?post=114124"}],"curies":[{"name":"wp","href":"https:\/\/api.w.org\/{rel}","templated":true}]}}