{"id":114146,"date":"2025-11-23T07:34:09","date_gmt":"2025-11-23T07:34:09","guid":{"rendered":"https:\/\/www.europesays.com\/pl\/114146\/"},"modified":"2025-11-23T07:34:09","modified_gmt":"2025-11-23T07:34:09","slug":"burza-w-sieci-po-polfinale-the-voice-of-poland-jedno-wielkie-nieporozumienie","status":"publish","type":"post","link":"https:\/\/www.europesays.com\/pl\/114146\/","title":{"rendered":"Burza w sieci po p\u00f3\u0142finale &#8222;The Voice of Poland&#8221;. &#8222;Jedno wielkie nieporozumienie&#8221;"},"content":{"rendered":"<p class=\"ods-c-paragraph \">P\u00f3\u0142fina\u0142 <a href=\"https:\/\/plejada.pl\/the-voice-of-poland\" id=\"c7e3e52e-d1a3-4871-9ae8-b2fd036083e8\" rel=\"nofollow noopener\" target=\"_blank\">&#8222;The Voice of Poland&#8221;<\/a> przyni\u00f3s\u0142 sporo emocji i wra\u017ce\u0144. Decyzj\u0105 widz\u00f3w i juror\u00f3w do fina\u0142u przesz\u0142o pi\u0119ciu uczestnik\u00f3w: \u0141ukasz Reks, Mateusz Jagie\u0142\u0142o, \u017baneta Che\u0142miniak, Jasiek Piwowarczyk i Hanna Kuzimowicz.<\/p>\n<p>Dalszy ci\u0105g artyku\u0142u pod materia\u0142em wideo<br \/>\nFala komentarzy po &#8222;The Voice of Poland&#8221;. &#8222;Ten program jest ustawiony&#8221;<\/p>\n<p class=\"ods-c-paragraph \">Nie wszystkim widzom spodoba\u0142y si\u0119 ostateczne wyniki. Po og\u0142oszeniu decyzji w sieci zawrza\u0142o. Internauci zarzucaj\u0105 produkcji ustawk\u0119.<\/p>\n<blockquote class=\"ods-o-quota\">\n<p class=\"ods-o-quota__paragraph\">Ale ten program jest ustawiony. \u017banetka, kt\u00f3ra \u015bpiewa jak w &#8222;Od przedszkola do Opola&#8221; i do tego dziewczynka, kt\u00f3ra umie tylko wy\u015bpiewywa\u0107 d\u0142ugie d\u017awi\u0119ki. W finale powinien by\u0107 Dominik i Mateusz. Ale najprawdopodobniej produkcji nie spodoba\u0142oby si\u0119 pi\u0119ciu facet\u00f3w. A widzom mo\u017cna wcisn\u0105\u0107 wszystko, \u017ce tak wysz\u0142o z g\u0142osowania SMS<\/p>\n<\/blockquote>\n<p class=\"ods-c-paragraph \">\u2014 napisa\u0142a jedna z nich.<\/p>\n<blockquote class=\"ods-o-quota\">\n<p class=\"ods-o-quota__paragraph\">Jestem w ogromnym szoku, \u017ce Dominik nie przeszed\u0142 do fina\u0142u. (&#8230;) Dzisiejsza decyzja ca\u0142kowicie podwa\u017cy\u0142a moj\u0105 wiar\u0119 w uczciwo\u015b\u0107 tego programu<\/p>\n<\/blockquote>\n<blockquote class=\"ods-o-quota\">\n<p class=\"ods-o-quota__paragraph\">Jedno wielkie nieporozumienie. Odpada artysta przez wielkie A na rzecz dziewczyny nijakiej i mia\u0142kiej&#8230; pora\u017cka.<\/p>\n<\/blockquote>\n<blockquote class=\"ods-o-quota\"><\/blockquote>\n<blockquote class=\"ods-o-quota\">\n<p class=\"ods-o-quota__paragraph\">My\u015bla\u0142am, \u017ce to jest program najlepszy g\u0142os polski. O co tu chodzi. Odpadaj\u0105 \u015bwietni wokali\u015bcie. Czy naprawd\u0119 tak wygl\u0105da uczciwy konkurs?<\/p>\n<\/blockquote>\n<p class=\"ods-c-paragraph \">\u2014 napisali inni internauci.<\/p>\n<p class=\"ods-c-paragraph \">Nie zabrak\u0142o te\u017c pozytywnych komentarzy, wspieraj\u0105cych finalist\u00f3w.<\/p>\n<p class=\"ods-c-paragraph \">&#8222;Hania wymiata. Rozwali\u0142a system. Pi\u0119knie \u015bpiewa. Najlepszy singiel. Nie wspomn\u0119 o ruchu. Co\u015b pi\u0119knego&#8221;; &#8222;Hania dzisiejszymi wyst\u0119pami pokaza\u0142a, dlaczego Micha\u0142 Szpak mia\u0142 taki problem z wyborem w poprzednim etapie. \u015awietnie za\u015bpiewa\u0142a&#8221;; &#8222;Super, wielkie gratulacje! By\u0142a dzi\u015b lepsza!&#8221; \u2014 czytamy.<\/p>\n<p class=\"ods-c-paragraph \">Dzi\u0119kujemy, \u017ce przeczyta\u0142a\u015b\/e\u015b nasz artyku\u0142 do ko\u0144ca. W serwisie Plejada.pl ka\u017cdego dnia piszemy o najwa\u017cniejszych wydarzeniach show-biznesowych. B\u0105d\u017a na bie\u017c\u0105co! <a rel=\"nofollow noopener\" href=\"https:\/\/profile.google.com\/cp\/Cg0vZy8xMWJ6X19wdHBx\" id=\"48b9818c-8f65-4a1e-b71a-825267b0c4f7\" target=\"_blank\">Obserwuj<\/a> Plejad\u0119 w Wiadomo\u015bciach Google. Odwied\u017a nas tak\u017ce na <a rel=\"nofollow noopener\" href=\"https:\/\/www.facebook.com\/plejadapl\" id=\"95b754c2-f631-4fc6-bb5d-28281ed4ae39\" target=\"_blank\">Facebooku<\/a>, <a rel=\"nofollow noopener\" href=\"https:\/\/www.instagram.com\/plejadapl\/\" id=\"f01adaf2-02d8-41c0-b892-83f02ea760ab\" target=\"_blank\">Instagramie<\/a>, <a rel=\"nofollow noopener\" href=\"https:\/\/www.youtube.com\/c\/plejada\" id=\"bababa0c-734b-435a-bd87-8ceb1ca2442d\" target=\"_blank\">YouTube<\/a> oraz <a rel=\"nofollow noopener\" href=\"https:\/\/www.tiktok.com\/@plejada_pl\" id=\"6e734159-86b5-46e4-8f85-9be87d626680\" target=\"_blank\">TikToku<\/a>.<\/p>\n<p class=\"ods-c-paragraph \">Chcesz podzieli\u0107 si\u0119 ciekawym newsem lub zaproponowa\u0107 temat? Skontaktuj si\u0119 z nami, pisz\u0105c e-maila na adres: <a rel=\"nofollow noopener\" href=\"https:\/\/plejada.pl\/newsy\/burza-w-sieci-po-polfinale-the-voice-of-poland-jedno-wielkie-nieporozumienie\/mailto:plejada@redakcjaonet.pl\" id=\"79f5b4e5-2305-49ac-b8b6-2fcf70c4955f\" target=\"_blank\">plejada@redakcjaonet.pl<\/a>.<\/p>\n<p><script async src=\"\/\/www.instagram.com\/embed.js\"><\/script><script async src=\"\/\/www.tiktok.com\/embed.js\"><\/script><\/p>\n","protected":false},"excerpt":{"rendered":"P\u00f3\u0142fina\u0142 &#8222;The Voice of Poland&#8221; przyni\u00f3s\u0142 sporo emocji i wra\u017ce\u0144. Decyzj\u0105 widz\u00f3w i juror\u00f3w do fina\u0142u przesz\u0142o pi\u0119ciu&hellip;\n","protected":false},"author":2,"featured_media":114147,"comment_status":"","ping_status":"","sticky":false,"template":"","format":"standard","meta":{"footnotes":""},"categories":[5],"tags":[3323,32,33,36,37,27,34,35,28,31,48,25,125,46,42,38,40,39,41,47,3090,29,30,506,26],"class_list":{"0":"post-114146","1":"post","2":"type-post","3":"status-publish","4":"format-standard","5":"has-post-thumbnail","7":"category-naglowki","8":"tag-_the_voice_of_poland_","9":"tag-breaking-news","10":"tag-breakingnews","11":"tag-featured-news","12":"tag-featurednews","13":"tag-headlines","14":"tag-latest-news","15":"tag-latestnews","16":"tag-naglowki","17":"tag-najwazniejsze-artykuly","18":"tag-nat_styl","19":"tag-news","20":"tag-newsy","21":"tag-omp","22":"tag-pl","23":"tag-poland","24":"tag-polish","25":"tag-polska","26":"tag-polski","27":"tag-screening_general","28":"tag-the_voice_of_poland","29":"tag-top-stories","30":"tag-topstories","31":"tag-tvp","32":"tag-wiadomosci"},"share_on_mastodon":{"url":"https:\/\/pubeurope.com\/@pl\/115597860082428255","error":""},"_links":{"self":[{"href":"https:\/\/www.europesays.com\/pl\/wp-json\/wp\/v2\/posts\/114146","targetHints":{"allow":["GET"]}}],"collection":[{"href":"https:\/\/www.europesays.com\/pl\/wp-json\/wp\/v2\/posts"}],"about":[{"href":"https:\/\/www.europesays.com\/pl\/wp-json\/wp\/v2\/types\/post"}],"author":[{"embeddable":true,"href":"https:\/\/www.europesays.com\/pl\/wp-json\/wp\/v2\/users\/2"}],"replies":[{"embeddable":true,"href":"https:\/\/www.europesays.com\/pl\/wp-json\/wp\/v2\/comments?post=114146"}],"version-history":[{"count":0,"href":"https:\/\/www.europesays.com\/pl\/wp-json\/wp\/v2\/posts\/114146\/revisions"}],"wp:featuredmedia":[{"embeddable":true,"href":"https:\/\/www.europesays.com\/pl\/wp-json\/wp\/v2\/media\/114147"}],"wp:attachment":[{"href":"https:\/\/www.europesays.com\/pl\/wp-json\/wp\/v2\/media?parent=114146"}],"wp:term":[{"taxonomy":"category","embeddable":true,"href":"https:\/\/www.europesays.com\/pl\/wp-json\/wp\/v2\/categories?post=114146"},{"taxonomy":"post_tag","embeddable":true,"href":"https:\/\/www.europesays.com\/pl\/wp-json\/wp\/v2\/tags?post=114146"}],"curies":[{"name":"wp","href":"https:\/\/api.w.org\/{rel}","templated":true}]}}