{"id":114164,"date":"2025-11-23T07:49:09","date_gmt":"2025-11-23T07:49:09","guid":{"rendered":"https:\/\/www.europesays.com\/pl\/114164\/"},"modified":"2025-11-23T07:49:09","modified_gmt":"2025-11-23T07:49:09","slug":"nie-zyje-byla-gwiazda-nba-mial-54-lata","status":"publish","type":"post","link":"https:\/\/www.europesays.com\/pl\/114164\/","title":{"rendered":"Nie \u017cyje by\u0142a gwiazda NBA. Mia\u0142 54 lata"},"content":{"rendered":"\n<p class=\"contentpart contentpart--default contentpart--text\" data-position=\"0\"><a href=\"https:\/\/sportowefakty.wp.pl\/koszykowka\/rodney-rogers\" rel=\"nofollow noopener\" target=\"_blank\">Rodney Rogers<\/a>, by\u0142y gwiazdor <a href=\"https:\/\/sportowefakty.wp.pl\/koszykowka\/nba\" rel=\"nofollow noopener\" target=\"_blank\">NBA<\/a>, odszed\u0142 21 listopada 2025 r. z powodu przyczyn zwi\u0105zanych z urazem rdzenia kr\u0119gowego, kt\u00f3rego  dozna\u0142 w 2008 r. Jak przekaza\u0142a jego rodzina w o\u015bwiadczeniu  opublikowanym przez Uniwersytet Wake Forest, Rogers zmar\u0142 spokojnie,  otoczony mi\u0142o\u015bci\u0105 \u017cony Faye.<\/p>\n<p class=\"contentpart contentpart--default contentpart--text\" data-position=\"1\">Rogers pozostawi\u0142 \u017con\u0119 Faye, c\u00f3rki Roddrek\u0119 i Rydiah oraz syn\u00f3w  Rodneya II, Devonte&#8217;go i Erica Hipilito, kt\u00f3rego traktowa\u0142 jak swojego  syna, a tak\u017ce matk\u0119 Estelle Spencer.<\/p>\n<p> <img role=\"presentation\" src=\"https:\/\/std.wpcdn.pl\/images\/adv\/placeholder_wp.svg\" loading=\"lazy\" alt=\"\" decoding=\"async\"\/>  <\/p>\n<p class=\"contentpart contentpart--default contentpart--text\" data-position=\"2\">Podczas  swojej kariery NBA, Rogers gra\u0142 dla siedmiu r\u00f3\u017cnych dru\u017cyn, w tym dla  Los Angeles Clippers, Phoenix Suns, Boston Celtics, Brooklyn Nets,  Charlotte Hornets i Philadelphia 76ers.<\/p>\n<p class=\"contentpart contentpart--default contentpart--text\" data-position=\"3\">ZOBACZ WIDEO: #dziejesiewsporcie: By\u0142a 10. sekunda meczu. Niebywa\u0142e, co zrobi\u0142 bramkarz<\/p>\n<p class=\"contentpart contentpart--default contentpart--text\" data-position=\"5\">W sezonie 1999-2000 zdoby\u0142 tytu\u0142  najlepszego rezerwowego NBA, uzyskuj\u0105c \u015brednio 13,8 punkt\u00f3w na mecz.<\/p>\n<p class=\"contentpart contentpart--default contentpart--text\" data-position=\"6\">Po  wypadku z 2008 r., kt\u00f3ry spowodowa\u0142 parali\u017c od ramion w d\u00f3\u0142, Rogers  za\u0142o\u017cy\u0142 fundacj\u0119 wspieraj\u0105c\u0105 osoby z urazami kr\u0119gos\u0142upa. Jego  determinacja i duch inspirowa\u0142y tysi\u0105ce ludzi.<\/p>\n<p> <img role=\"presentation\" src=\"https:\/\/std.wpcdn.pl\/images\/adv\/placeholder_wp.svg\" loading=\"lazy\" alt=\"\" decoding=\"async\"\/>  <\/p>\n<p class=\"contentpart contentpart--default contentpart--text\" data-position=\"7\">&#8211; Jego talent by\u0142 niesamowity, ale to jego osobowo\u015b\u0107 by\u0142a jeszcze   bardziej wyj\u0105tkowa &#8211; powiedzia\u0142 by\u0142y trener Dave Odom. &#8211; Rodney kocha\u0142   swoich bliskich i zawsze przyjmowa\u0142 \u017cycie takim, jakie by\u0142o &#8211; doda\u0142.<\/p>\n","protected":false},"excerpt":{"rendered":"Rodney Rogers, by\u0142y gwiazdor NBA, odszed\u0142 21 listopada 2025 r. z powodu przyczyn zwi\u0105zanych z urazem rdzenia kr\u0119gowego,&hellip;\n","protected":false},"author":2,"featured_media":114165,"comment_status":"","ping_status":"","sticky":false,"template":"","format":"standard","meta":{"footnotes":""},"categories":[24],"tags":[2449,6779,42,38,40,39,41,24873,127,126],"class_list":{"0":"post-114164","1":"post","2":"type-post","3":"status-publish","4":"format-standard","5":"has-post-thumbnail","7":"category-sport","8":"tag-koszykowka","9":"tag-nba","10":"tag-pl","11":"tag-poland","12":"tag-polish","13":"tag-polska","14":"tag-polski","15":"tag-rodney-rogers","16":"tag-sport","17":"tag-sports"},"share_on_mastodon":{"url":"https:\/\/pubeurope.com\/@pl\/115597919207423423","error":""},"_links":{"self":[{"href":"https:\/\/www.europesays.com\/pl\/wp-json\/wp\/v2\/posts\/114164","targetHints":{"allow":["GET"]}}],"collection":[{"href":"https:\/\/www.europesays.com\/pl\/wp-json\/wp\/v2\/posts"}],"about":[{"href":"https:\/\/www.europesays.com\/pl\/wp-json\/wp\/v2\/types\/post"}],"author":[{"embeddable":true,"href":"https:\/\/www.europesays.com\/pl\/wp-json\/wp\/v2\/users\/2"}],"replies":[{"embeddable":true,"href":"https:\/\/www.europesays.com\/pl\/wp-json\/wp\/v2\/comments?post=114164"}],"version-history":[{"count":0,"href":"https:\/\/www.europesays.com\/pl\/wp-json\/wp\/v2\/posts\/114164\/revisions"}],"wp:featuredmedia":[{"embeddable":true,"href":"https:\/\/www.europesays.com\/pl\/wp-json\/wp\/v2\/media\/114165"}],"wp:attachment":[{"href":"https:\/\/www.europesays.com\/pl\/wp-json\/wp\/v2\/media?parent=114164"}],"wp:term":[{"taxonomy":"category","embeddable":true,"href":"https:\/\/www.europesays.com\/pl\/wp-json\/wp\/v2\/categories?post=114164"},{"taxonomy":"post_tag","embeddable":true,"href":"https:\/\/www.europesays.com\/pl\/wp-json\/wp\/v2\/tags?post=114164"}],"curies":[{"name":"wp","href":"https:\/\/api.w.org\/{rel}","templated":true}]}}