{"id":114215,"date":"2025-11-23T08:45:04","date_gmt":"2025-11-23T08:45:04","guid":{"rendered":"https:\/\/www.europesays.com\/pl\/114215\/"},"modified":"2025-11-23T08:45:04","modified_gmt":"2025-11-23T08:45:04","slug":"szykuja-sie-dyskwalifikacje-mclarenow-powrotroberta-pl","status":"publish","type":"post","link":"https:\/\/www.europesays.com\/pl\/114215\/","title":{"rendered":"Szykuj\u0105 si\u0119 dyskwalifikacje McLaren\u00f3w! &#8211; powrotroberta.pl"},"content":{"rendered":"<p>Ukazuje si\u0119 niezwykle szczery i emocjonalny wywiad Roberta Kubicy z BBC. \u201eProblemem w F1 jest miejsce. Mo\u017ce kiedy\u015b, jak FIA powie, \u017ce samoch\u00f3d musi by\u0107 10-15 cm szerszy, b\u0119d\u0105 m\u00f3g\u0142 prowadzi\u0107, ale to nie jest tak, \u017ce rajdy s\u0105 wyj\u015bciem awaryjnym. To, co jest dla mnie wa\u017cne, to to, \u017ce widz\u0119 post\u0119p. W \u017cyciu codziennym zmagam si\u0119 z ograniczeniami, ale je\u017cd\u017c\u0105c widz\u0119 post\u0119p \u2013 czy to w samochodzie rajdowym czy symulatorze. Pytanie brzmi, jak du\u017c\u0105 sprawno\u015b\u0107 uda mi si\u0119 odzyska\u0107 i ile mi to zajmie, ale je\u017celi mam by\u0107 szczery, to nie ma to dla mnie znaczenia czy zajmie miesi\u0105c czy 10 lat, mo\u017ce kiedy\u015b zn\u00f3w b\u0119d\u0119 mia\u0142 szans\u0119 je\u017adzi\u0107 w F1\u201d \u2013 m\u00f3wi Polak.<\/p>\n","protected":false},"excerpt":{"rendered":"Ukazuje si\u0119 niezwykle szczery i emocjonalny wywiad Roberta Kubicy z BBC. \u201eProblemem w F1 jest miejsce. Mo\u017ce kiedy\u015b,&hellip;\n","protected":false},"author":2,"featured_media":114216,"comment_status":"","ping_status":"","sticky":false,"template":"","format":"standard","meta":{"footnotes":""},"categories":[24],"tags":[42,38,40,39,41,127,126],"class_list":{"0":"post-114215","1":"post","2":"type-post","3":"status-publish","4":"format-standard","5":"has-post-thumbnail","7":"category-sport","8":"tag-pl","9":"tag-poland","10":"tag-polish","11":"tag-polska","12":"tag-polski","13":"tag-sport","14":"tag-sports"},"share_on_mastodon":{"url":"https:\/\/pubeurope.com\/@pl\/115598139272695201","error":""},"_links":{"self":[{"href":"https:\/\/www.europesays.com\/pl\/wp-json\/wp\/v2\/posts\/114215","targetHints":{"allow":["GET"]}}],"collection":[{"href":"https:\/\/www.europesays.com\/pl\/wp-json\/wp\/v2\/posts"}],"about":[{"href":"https:\/\/www.europesays.com\/pl\/wp-json\/wp\/v2\/types\/post"}],"author":[{"embeddable":true,"href":"https:\/\/www.europesays.com\/pl\/wp-json\/wp\/v2\/users\/2"}],"replies":[{"embeddable":true,"href":"https:\/\/www.europesays.com\/pl\/wp-json\/wp\/v2\/comments?post=114215"}],"version-history":[{"count":0,"href":"https:\/\/www.europesays.com\/pl\/wp-json\/wp\/v2\/posts\/114215\/revisions"}],"wp:featuredmedia":[{"embeddable":true,"href":"https:\/\/www.europesays.com\/pl\/wp-json\/wp\/v2\/media\/114216"}],"wp:attachment":[{"href":"https:\/\/www.europesays.com\/pl\/wp-json\/wp\/v2\/media?parent=114215"}],"wp:term":[{"taxonomy":"category","embeddable":true,"href":"https:\/\/www.europesays.com\/pl\/wp-json\/wp\/v2\/categories?post=114215"},{"taxonomy":"post_tag","embeddable":true,"href":"https:\/\/www.europesays.com\/pl\/wp-json\/wp\/v2\/tags?post=114215"}],"curies":[{"name":"wp","href":"https:\/\/api.w.org\/{rel}","templated":true}]}}