{"id":114269,"date":"2025-11-23T09:18:09","date_gmt":"2025-11-23T09:18:09","guid":{"rendered":"https:\/\/www.europesays.com\/pl\/114269\/"},"modified":"2025-11-23T09:18:09","modified_gmt":"2025-11-23T09:18:09","slug":"grzegorz-braun-wywolal-burze-minister-zurek-zapowiada-stanowcze-dzialania","status":"publish","type":"post","link":"https:\/\/www.europesays.com\/pl\/114269\/","title":{"rendered":"Grzegorz Braun wywo\u0142a\u0142 burz\u0119. Minister \u017burek zapowiada stanowcze dzia\u0142ania"},"content":{"rendered":"<ul class=\"UnorderedList_container__nmfSl\">\n<li class=\"UnorderedList_listElement__Py7xi\" data-id=\"ai-summary-link\">Du\u017co czytania, a ma\u0142o czasu? Sprawd\u017a\u00a0skr\u00f3t\u00a0artyku\u0142u<\/li>\n<\/ul>\n<p class=\"Paragraph_desktopParagraph__U31Gm\">Minister, poproszony przez Polsk\u0105 Agencj\u0119 Prasow\u0105 (PAP) o komentarz <a href=\"https:\/\/wiadomosci.onet.pl\/krakow\/skandaliczne-slowa-brauna-w-oswiecimiu-przerazajace-on-jest-pozytecznym-idiota-rosji\/8tyq5qk\" id=\"f8067435-e655-4c1b-ad9b-f6d366c7cb0c\" rel=\"nofollow noopener\" target=\"_blank\">do sobotnich wypowiedzi europos\u0142a Grzegorza Brauna w O\u015bwi\u0119cimiu<\/a>, powiedzia\u0142: \u2014 Nie odpuszcz\u0119. Prokuratura poka\u017ce, \u017ce dzia\u0142a i \u017ce jest skuteczna, bo w Polsce nie ma miejsca na antysemityzm, a takie wypowiedzi dramatycznie szkodz\u0105 pa\u0144stwu polskiemu na arenie mi\u0119dzynarodowej, ale tak\u017ce na arenie naszego kraju.<\/p>\n<p class=\"VideoPlayerText_videoPlayerText__iDwyz\">Dalszy ci\u0105g materia\u0142u pod wideo<\/p>\n<p class=\"Paragraph_desktopParagraph__U31Gm\">Zdaniem Waldemara \u017burka &#8222;Braun od d\u0142u\u017cszego czasu igra sobie z polskim wymiarem sprawiedliwo\u015bci, ale tylko dlatego, \u017ce pozostaje pod ochron\u0105 immunitetu&#8221;. \u2014 Osobi\u015bcie podpisa\u0142em mu zdj\u0119cie immunitetu w sprawie, kt\u00f3ra dotyczy\u0142a negowania kom\u00f3r gazowych w Auschwitz\u2013Birkenau \u2014 podkre\u015bli\u0142 prokurator generalny.<\/p>\n<ul class=\"OchatFollowUps_wrapper__1ry7X\">\n<li class=\"OchatFollowUps_item__Dhyly OchatFollowUps_itemDesktop__R6aBv\">Jakie dzia\u0142ania zapowiada minister \u017burek?<\/li>\n<li class=\"OchatFollowUps_item__Dhyly OchatFollowUps_itemDesktop__R6aBv\">Co m\u00f3wi\u0142 Grzegorz Braun w O\u015bwi\u0119cimiu?<\/li>\n<li class=\"OchatFollowUps_item__Dhyly OchatFollowUps_itemDesktop__R6aBv\">Dlaczego \u017burek uwa\u017ca wypowiedzi Brauna za szkodliwe?<\/li>\n<li class=\"OchatFollowUps_item__Dhyly OchatFollowUps_itemDesktop__R6aBv\">Jakie s\u0105 plany Konfederacji Korony Polskiej dotycz\u0105ce Mi\u0119dzynarodowej Rady O\u015bwi\u0119cimskiej?<\/li>\n<\/ul>\n<p>Kolejne skandaliczne s\u0142owa Grzegorza Brauna <\/p>\n<p class=\"Paragraph_desktopParagraph__U31Gm\">Podczas sobotniej konferencji prasowej w O\u015bwi\u0119cimiu europose\u0142 Braun, w pobli\u017cu Muzeum Auschwitz-Birkenau, m\u00f3wi\u0142: \u2014 Teren niemieckiego nazistowskiego obozu koncentracyjnego Auschwitz-Birkenau jest to strefa de facto eksterytorialna. To ju\u017c nie jest pa\u0144stwo polskie, niepodleg\u0142e, na terenie kt\u00f3rego Polacy s\u0105 suwerenni i wolni.<\/p>\n<p class=\"Paragraph_desktopParagraph__U31Gm\">Przekonywa\u0142, \u017ce projekt rz\u0105dowej uchwa\u0142y dotycz\u0105cej przeciwdzia\u0142ania antysemityzmowi &#8222;ustanawia strategi\u0119 nier\u00f3wno\u015bci wobec prawa&#8221;. Pod koniec pa\u017adziernika na stronie KPRM opublikowano projekt uchwa\u0142y Rady Ministr\u00f3w w sprawie przyj\u0119cia Krajowej Strategii przeciwdzia\u0142ania antysemityzmowi i wspieraniu \u017cycia \u017cydowskiego na lata 2025-2030. Ma ona definiowa\u0107 priorytety aktywno\u015bci rz\u0105du w obszarze przeciwdzia\u0142ania zjawisku antysemityzmu.<\/p>\n<p class=\"Paragraph_desktopParagraph__U31Gm\">Braun w odniesieniu do Mi\u0119dzynarodowej Rady O\u015bwi\u0119cimskiej, organu powo\u0142anego w 2000 r. jako cia\u0142o opiniodawczo-doradcze przy premierze, m\u00f3wi\u0142: \u2014 Je\u015bli b\u0119dzie to od nas zale\u017ca\u0142o, \u017cadne nowotwory prawno-ustrojowe, takie jak Mi\u0119dzynarodowa Rada O\u015bwi\u0119cimska, nie b\u0119d\u0105 mia\u0142y umocowania w polskim prawie i w polskim bud\u017cecie.<\/p>\n<p class=\"Paragraph_desktopParagraph__U31Gm\">\u2014 Je\u015bli w zdrowiu do\u017cyjemy nast\u0119pnych wybor\u00f3w, deklaruj\u0119: Konfederacja Korony Polskiej uzyskawszy adekwatny wp\u0142yw na bieg spraw publicznych w Polsce, rozp\u0119dzi Mi\u0119dzynarodow\u0105 Rad\u0119 O\u015bwi\u0119cimsk\u0105 na cztery wiatry \u2014 doda\u0142 Braun.<\/p>\n<p>Waldemar \u017burek: B\u0119dziemy to \u015bciga\u0107 ze stanowczo\u015bci\u0105 <\/p>\n<p class=\"Paragraph_desktopParagraph__U31Gm\">Zdaniem ministra sprawiedliwo\u015bci Waldemara \u017burka &#8222;takie wypowiedzi, jeszcze w tym miejscu, kt\u00f3re jest dla nas miejscem absolutnie szczeg\u00f3lnym, s\u0105 skandaliczne i niedopuszczalne&#8221;.<\/p>\n<p class=\"Paragraph_desktopParagraph__U31Gm\">\u2014 Nie pozwolimy, \u017ceby ktokolwiek g\u0142osi\u0142 bezkarnie takie pogl\u0105dy. B\u0119dziemy je \u015bciga\u0107 ze stanowczo\u015bci\u0105. To jest naprawd\u0119 wstyd dla Polak\u00f3w, \u017ce kto\u015b taki w XXI wieku po tym, co si\u0119 sta\u0142o w Polsce podczas II wojny \u015bwiatowej, robi sobie z tego miejsca jakie\u015b ohydne polityczne igrzyska \u2014 powiedzia\u0142 minister sprawiedliwo\u015bci.<\/p>\n","protected":false},"excerpt":{"rendered":"Du\u017co czytania, a ma\u0142o czasu? Sprawd\u017a\u00a0skr\u00f3t\u00a0artyku\u0142u Minister, poproszony przez Polsk\u0105 Agencj\u0119 Prasow\u0105 (PAP) o komentarz do sobotnich wypowiedzi&hellip;\n","protected":false},"author":2,"featured_media":114270,"comment_status":"","ping_status":"","sticky":false,"template":"","format":"standard","meta":{"footnotes":""},"categories":[12],"tags":[11607,32,33,36,37,7514,27,67,34,35,28,31,53,25,52,68,51,55,42,38,40,39,41,47,29,30,65,50,793,26,8598],"class_list":{"0":"post-114269","1":"post","2":"type-post","3":"status-publish","4":"format-standard","5":"has-post-thumbnail","7":"category-polska","8":"tag-antysemityzm_idea_polityczna_i_spoleczna","9":"tag-breaking-news","10":"tag-breakingnews","11":"tag-featured-news","12":"tag-featurednews","13":"tag-grzegorz_braun_polityk_rezyser","14":"tag-headlines","15":"tag-intextvideo_splayer","16":"tag-latest-news","17":"tag-latestnews","18":"tag-naglowki","19":"tag-najwazniejsze-artykuly","20":"tag-new_header","21":"tag-news","22":"tag-onet3","23":"tag-onet3d","24":"tag-onet3d_2i","25":"tag-phx","26":"tag-pl","27":"tag-poland","28":"tag-polish","29":"tag-polska","30":"tag-polski","31":"tag-screening_general","32":"tag-top-stories","33":"tag-topstories","34":"tag-update_me","35":"tag-v2021","36":"tag-waldemar_zurek","37":"tag-wiadomosci","38":"tag-zydzi_zyd_zydowka_zydowki_ortodoksyjni"},"share_on_mastodon":{"url":"","error":"Validation failed: Text character limit of 500 exceeded"},"_links":{"self":[{"href":"https:\/\/www.europesays.com\/pl\/wp-json\/wp\/v2\/posts\/114269","targetHints":{"allow":["GET"]}}],"collection":[{"href":"https:\/\/www.europesays.com\/pl\/wp-json\/wp\/v2\/posts"}],"about":[{"href":"https:\/\/www.europesays.com\/pl\/wp-json\/wp\/v2\/types\/post"}],"author":[{"embeddable":true,"href":"https:\/\/www.europesays.com\/pl\/wp-json\/wp\/v2\/users\/2"}],"replies":[{"embeddable":true,"href":"https:\/\/www.europesays.com\/pl\/wp-json\/wp\/v2\/comments?post=114269"}],"version-history":[{"count":0,"href":"https:\/\/www.europesays.com\/pl\/wp-json\/wp\/v2\/posts\/114269\/revisions"}],"wp:featuredmedia":[{"embeddable":true,"href":"https:\/\/www.europesays.com\/pl\/wp-json\/wp\/v2\/media\/114270"}],"wp:attachment":[{"href":"https:\/\/www.europesays.com\/pl\/wp-json\/wp\/v2\/media?parent=114269"}],"wp:term":[{"taxonomy":"category","embeddable":true,"href":"https:\/\/www.europesays.com\/pl\/wp-json\/wp\/v2\/categories?post=114269"},{"taxonomy":"post_tag","embeddable":true,"href":"https:\/\/www.europesays.com\/pl\/wp-json\/wp\/v2\/tags?post=114269"}],"curies":[{"name":"wp","href":"https:\/\/api.w.org\/{rel}","templated":true}]}}