{"id":114296,"date":"2025-11-23T09:42:16","date_gmt":"2025-11-23T09:42:16","guid":{"rendered":"https:\/\/www.europesays.com\/pl\/114296\/"},"modified":"2025-11-23T09:42:16","modified_gmt":"2025-11-23T09:42:16","slug":"zrobil-furore-w-the-voice-of-poland-tak-mowi-o-wspolpracy-z-michalem-szpakiem-2","status":"publish","type":"post","link":"https:\/\/www.europesays.com\/pl\/114296\/","title":{"rendered":"Zrobi\u0142 furor\u0119 w &#8222;The Voice of Poland&#8221;. Tak m\u00f3wi o wsp\u00f3\u0142pracy z Micha\u0142em Szpakiem"},"content":{"rendered":"<p class=\"Paragraph_desktopParagraph__U31Gm\">W p\u00f3\u0142finale <a href=\"https:\/\/plejada.pl\/the-voice-of-poland-program\" id=\"cfe664d1-021e-4e7b-9dbc-3130332b56d3\" rel=\"nofollow noopener\" target=\"_blank\">&#8222;The Voice of Poland&#8221;<\/a> o awans do kluczowego etapu powalczy Dominik Czu\u017c z dru\u017cyny Micha\u0142a Szpaka. Ju\u017c podczas &#8222;Przes\u0142ucha\u0144 w ciemno&#8221; zachwyci\u0142 zar\u00f3wno juror\u00f3w, jak i publiczno\u015b\u0107. W rozmowie z Plejad\u0105 uczestnik opowiada o swojej relacji z wokalist\u0105.<\/p>\n<blockquote>\n<p class=\"Paragraph_desktopParagraph__U31Gm\">Z Micha\u0142em mega si\u0119 lubimy. Naprawd\u0119 jest taki do rany przy\u0142\u00f3\u017c. To jest tak dobry cz\u0142owiek, uwielbiam jego kontrowersje, artyzm i jak on pi\u0119knie wygl\u0105da w tych swoich strojach<\/p>\n<\/blockquote>\n<p class=\"Paragraph_desktopParagraph__U31Gm\">\u2014 Mega mu zazdroszcz\u0119 stylizacji. Ci\u0119\u017cko jest dobra\u0107 str\u00f3j pod cz\u0142owieka, a szczeg\u00f3lnie jeszcze wi\u0119ksz\u0105 sztuk\u0105 jest dobrze w tym wygl\u0105da\u0107, jak i si\u0119 porusza\u0107 \u2014 przyznaje.<\/p>\n<ul class=\"OchatFollowUps_wrapper__1ry7X\">\n<li class=\"OchatFollowUps_item__Dhyly OchatFollowUps_itemDesktop__R6aBv\">Jakie s\u0105 emocje Dominika Czu\u017ca zwi\u0105zane z uczestnictwem w 'The Voice of Poland&#8217;?<\/li>\n<li class=\"OchatFollowUps_item__Dhyly OchatFollowUps_itemDesktop__R6aBv\">Dlaczego Dominik Czu\u017c ceni Micha\u0142a Szpaka?<\/li>\n<li class=\"OchatFollowUps_item__Dhyly OchatFollowUps_itemDesktop__R6aBv\">Jakie plany ma Dominik Czu\u017c po zako\u0144czeniu programu?<\/li>\n<li class=\"OchatFollowUps_item__Dhyly OchatFollowUps_itemDesktop__R6aBv\">Jak wygl\u0105da relacja Dominika Czu\u017ca z Micha\u0142em Szpakiem?<\/li>\n<\/ul>\n<p>Zrobi\u0142 furor\u0119 w &#8222;The Voice of Poland&#8221;. Tak m\u00f3wi o wsp\u00f3\u0142pracy z Micha\u0142em Szpakiem <\/p>\n<p class=\"Paragraph_desktopParagraph__U31Gm\">\u2014 Jest kompletnym artyst\u0105. Jestem dumny, \u017ce jestem w jego dru\u017cynie jako jedyny facet. Piszemy ze sob\u0105, bardzo si\u0119 lubimy, wysy\u0142amy sobie memy. Du\u017co daje te\u017c porad, jak na scenie wyst\u0119powa\u0107, jak si\u0119 rusza\u0107 \u2014 nie szcz\u0119dzi ciep\u0142ych s\u0142\u00f3w Dominik Czu\u017c. W rozmowie odnosi si\u0119 tak\u017ce do swoich emocji zwi\u0105zanych z doj\u015bciem do etapu wyst\u0119p\u00f3w na \u017cywo.<\/p>\n<blockquote>\n<p class=\"Paragraph_desktopParagraph__U31Gm\">Jestem w generalnym szoku. Z jednej strony czuj\u0119 rywalizacj\u0119, a z drugiej strony jestem mega dumny z tego, \u017ce mog\u0119 wspiera\u0107 m\u00f3j region, Bielsko-Bia\u0142\u0105, moich ludzi, przyjaci\u00f3\u0142. Mog\u0119 w ko\u0144cu pokaza\u0107, \u017ce marzenia si\u0119 spe\u0142niaj\u0105 i granie na ulicy jest rozwojowe i mo\u017ce doprowadzi\u0107 mnie na ekrany telewizyjne<\/p>\n<\/blockquote>\n<p class=\"Paragraph_desktopParagraph__U31Gm\">\u2014 m\u00f3wi. Warto przypomnie\u0107, \u017ce przez wiele lat wokalista wyst\u0119powa\u0142 jako muzyk uliczny, a tak\u017ce bra\u0142 udzia\u0142 w licznych jam sessions. \u2014 \u017bycz\u0119 ka\u017cdemu, by spotka\u0142 swojego idola na ulicy, aby jego idol zauwa\u017cy\u0142 po prostu to, co m\u00f3j zauwa\u017cy\u0142 we mnie. Tomasz Organek poleci\u0142 mi, co zrobi\u0107 z tym [pasj\u0105 muzyczn\u0105] dalej. Dzi\u0119ki niemu tak naprawd\u0119 tutaj jestem i ciesz\u0119 si\u0119, \u017ce mog\u0119 dumnie reprezentowa\u0107 jego wyb\u00f3r \u2014 stwierdzi\u0142, wspominaj\u0105c, co wp\u0142yn\u0119\u0142o na jego decyzj\u0119, dotycz\u0105cej udzia\u0142u w show.<\/p>\n<p class=\"Paragraph_desktopParagraph__U31Gm\">Dominik Czu\u017c po zako\u0144czeniu programu zamierza nie tylko kontynuowa\u0107 swoj\u0105 muzyczn\u0105 karier\u0119, lecz tak\u017ce realizowa\u0107 inne plany, o kt\u00f3rych opowiedzia\u0142 w rozmowie.<\/p>\n<blockquote>\n<p class=\"Paragraph_desktopParagraph__U31Gm\">Chcia\u0142bym \u0142azienk\u0119 sobie zrobi\u0107. W sumie nietypowe, ale potrzebuj\u0119, bo przeprowadzam si\u0119 w Bielsku, \u017ce tak powiem na stare \u015bmieci<\/p>\n<\/blockquote>\n<p class=\"Paragraph_desktopParagraph__U31Gm\">\u2014 Mi\u0119dzy innymi [te\u017c] koncertowanie, \u015bpiewanie. (&#8230;) B\u0119d\u0119 dla was moi kochani gra\u0142. Trzymajcie kciuki i mam nadziej\u0119, \u017ce zajd\u0119 jak najdalej, poniewa\u017c mam dla was du\u017co ciekawych rzeczy do pokazania \u2014 podsumowuje.<\/p>\n<p><img decoding=\"async\" class=\"Image_image__0tuHp Image_autoHeight__f2n87 \" height=\"587\" width=\"391\" src=\"https:\/\/www.europesays.com\/pl\/wp-content\/uploads\/2025\/11\/bhck9kpTURBXy83YjNkYjE5YzU3MmJlNGY2M2ViZjNmZDY5ZmY4NTQ2ZS5qcGeSlQLNA6wAwsOVAgDNAkvCw94AA6EwAaExAaEzw.jpeg\" alt=\"Micha\u0142 Szpak w &quot;The Voice of Poland&quot; w 2024 r.\" loading=\"lazy\" \/>FOTON \/ PAP<\/p>\n<p>Micha\u0142 Szpak w &#8222;The Voice of Poland&#8221; w 2024 r.<\/p>\n<p><img decoding=\"async\" class=\"Image_image__0tuHp Image_autoHeight__f2n87 \" height=\"587\" width=\"390\" src=\"https:\/\/www.europesays.com\/pl\/wp-content\/uploads\/2025\/11\/9LZk9kpTURBXy85ZTM3MjRhNzEzYThkYjlkODg0NjY1YjM0ZTI3YTlkNC5qcGeSlQLNA6wAwsOVAgDNAkvCw94AA6EwAaExAaEzw.jpeg\" alt=\"Micha\u0142 Szpak\" loading=\"lazy\" \/>Tomasz Gzell \/ PAP<\/p>\n<p>Micha\u0142 Szpak<\/p>\n<p class=\"Paragraph_desktopParagraph__U31Gm\">Dzi\u0119kujemy, \u017ce przeczyta\u0142a\u015b\/e\u015b nasz artyku\u0142 do ko\u0144ca. W serwisie Plejada.pl ka\u017cdego dnia piszemy o najwa\u017cniejszych wydarzeniach show-biznesowych. B\u0105d\u017a na bie\u017c\u0105co! <a rel=\"nofollow noopener\" href=\"https:\/\/news.google.com\/publications\/CAAiEF0PeAlb7W1llpV_mwV2rL4qFAgKIhBdD3gJW-1tZZaVf5sFdqy-?hl=pl&amp;gl=PL&amp;ceid=PL%3Apl\" id=\"cdc34006-4209-4480-89d6-9cb0af782afb\" target=\"_blank\">Obserwuj<\/a> Plejad\u0119 w Wiadomo\u015bciach Google. Odwied\u017a nas tak\u017ce na <a rel=\"nofollow noopener\" href=\"https:\/\/www.facebook.com\/plejadapl\" id=\"db4d1d7c-bb0c-45b2-b84c-1aca04d61960\" target=\"_blank\">Facebooku<\/a>, <a rel=\"nofollow noopener\" href=\"https:\/\/www.instagram.com\/plejadapl\/\" id=\"0298b6bb-1785-41e5-9142-ed907ca152a4\" target=\"_blank\">Instagramie<\/a>, <a rel=\"nofollow noopener\" href=\"https:\/\/www.youtube.com\/c\/plejada\" id=\"05b6cba3-ec01-4097-ac34-7c0a31be9236\" target=\"_blank\">YouTubie<\/a> oraz <a rel=\"nofollow noopener\" href=\"https:\/\/www.tiktok.com\/@plejada_pl\" id=\"6729bc77-482f-462b-afe9-a71e68cfcc10\" target=\"_blank\">TikToku<\/a>.<\/p>\n<p class=\"Paragraph_desktopParagraph__U31Gm\">Chcesz podzieli\u0107 si\u0119 ciekawym newsem lub zaproponowa\u0107 temat? Skontaktuj si\u0119 z nami, pisz\u0105c maila na adres: <a href=\"https:\/\/www.onet.pl\/styl-zycia\/plejada\/zrobil-furore-w-the-voice-of-poland-tak-mowi-o-wspolpracy-z-michalem-szpakiem\/mailto:plejada@redakcjaonet.pl\" id=\"63430fe6-b5f3-4b55-aa73-dbe1f79334ad\" rel=\"nofollow noopener\" target=\"_blank\">plejada@redakcjaon<\/a><a rel=\"nofollow noopener\" href=\"https:\/\/et.pl\/\" id=\"ee214863-4118-40d3-9b71-6e366183aa64\" target=\"_blank\">et.pl<\/a>.<\/p>\n<p><script async src=\"\/\/www.instagram.com\/embed.js\"><\/script><script async src=\"\/\/www.tiktok.com\/embed.js\"><\/script><\/p>\n","protected":false},"excerpt":{"rendered":"W p\u00f3\u0142finale &#8222;The Voice of Poland&#8221; o awans do kluczowego etapu powalczy Dominik Czu\u017c z dru\u017cyny Micha\u0142a Szpaka.&hellip;\n","protected":false},"author":2,"featured_media":114297,"comment_status":"","ping_status":"","sticky":false,"template":"","format":"standard","meta":{"footnotes":""},"categories":[22],"tags":[122,12780,53,52,68,51,55,42,38,40,39,41,123,47,196,9792,341,338,65,50,4578],"class_list":{"0":"post-114296","1":"post","2":"type-post","3":"status-publish","4":"format-standard","5":"has-post-thumbnail","7":"category-rozrywka","8":"tag-entertainment","9":"tag-michal_szpak_piosenkarz","10":"tag-new_header","11":"tag-onet3","12":"tag-onet3d","13":"tag-onet3d_2i","14":"tag-phx","15":"tag-pl","16":"tag-poland","17":"tag-polish","18":"tag-polska","19":"tag-polski","20":"tag-rozrywka","21":"tag-screening_general","22":"tag-styl_zycia","23":"tag-the_voice_of_poland_program","24":"tag-tylko_w_onecie","25":"tag-tylko_w_plejadzie","26":"tag-update_me","27":"tag-v2021","28":"tag-video_article"},"share_on_mastodon":{"url":"https:\/\/pubeurope.com\/@pl\/115598363598931469","error":""},"_links":{"self":[{"href":"https:\/\/www.europesays.com\/pl\/wp-json\/wp\/v2\/posts\/114296","targetHints":{"allow":["GET"]}}],"collection":[{"href":"https:\/\/www.europesays.com\/pl\/wp-json\/wp\/v2\/posts"}],"about":[{"href":"https:\/\/www.europesays.com\/pl\/wp-json\/wp\/v2\/types\/post"}],"author":[{"embeddable":true,"href":"https:\/\/www.europesays.com\/pl\/wp-json\/wp\/v2\/users\/2"}],"replies":[{"embeddable":true,"href":"https:\/\/www.europesays.com\/pl\/wp-json\/wp\/v2\/comments?post=114296"}],"version-history":[{"count":0,"href":"https:\/\/www.europesays.com\/pl\/wp-json\/wp\/v2\/posts\/114296\/revisions"}],"wp:featuredmedia":[{"embeddable":true,"href":"https:\/\/www.europesays.com\/pl\/wp-json\/wp\/v2\/media\/114297"}],"wp:attachment":[{"href":"https:\/\/www.europesays.com\/pl\/wp-json\/wp\/v2\/media?parent=114296"}],"wp:term":[{"taxonomy":"category","embeddable":true,"href":"https:\/\/www.europesays.com\/pl\/wp-json\/wp\/v2\/categories?post=114296"},{"taxonomy":"post_tag","embeddable":true,"href":"https:\/\/www.europesays.com\/pl\/wp-json\/wp\/v2\/tags?post=114296"}],"curies":[{"name":"wp","href":"https:\/\/api.w.org\/{rel}","templated":true}]}}