{"id":114311,"date":"2025-11-23T09:55:09","date_gmt":"2025-11-23T09:55:09","guid":{"rendered":"https:\/\/www.europesays.com\/pl\/114311\/"},"modified":"2025-11-23T09:55:09","modified_gmt":"2025-11-23T09:55:09","slug":"uefa-siega-po-szymona-marciniaka-ten-mecz-ligi-mistrzow-poprowadzi-przeglad-sportowy-onet","status":"publish","type":"post","link":"https:\/\/www.europesays.com\/pl\/114311\/","title":{"rendered":"UEFA si\u0119ga po Szymona Marciniaka! Ten mecz Ligi Mistrz\u00f3w poprowadzi &#8211; Przegl\u0105d Sportowy Onet"},"content":{"rendered":"<ol>\n<li><a href=\"https:\/\/news.google.com\/rss\/articles\/CBMizgFBVV95cUxNX3BpdFl4a2loS2lnUTJRWnUzVFZHOHZ2RXB4Z1d6aE1LRHRoVzVVdW5fWHd6dnRPTFBzNTlDS2dnWlBleUxSdUdHM0hTbVpoTS1KSTRLNmQzNzA0ZDkxZ1dwQ0tZbU9RS3FXSGtjWUdIVFRKWWM0VW1Db3NkSFRqTk5va1pCNmhSc2FiSjZIVWNOczZGc0hwOXp6eDFhMkpyOEtkUWZ0WGZGbkYyNjV0eUI4Z25SbEtJUExtNlE0bFRsQmlRSGlJWXQtcmhhQQ?oc=5\" target=\"_blank\" rel=\"nofollow noopener\">UEFA si\u0119ga po Szymona Marciniaka! Ten mecz Ligi Mistrz\u00f3w poprowadzi<\/a>&nbsp;&nbsp;Przegl\u0105d Sportowy Onet<\/li>\n<li><a href=\"https:\/\/news.google.com\/rss\/articles\/CBMitwFBVV95cUxOWF9zb3JXUWlLeDdlYjlLZFdmS1g0UWVVNWtIOVc5T2pnYzJuMkU0azE4UE9HcUFETG5PYkprczItdFJudUxmMWJCLVdGN1lGMnJkQWJ1WF9xV2xxSGRWTjJXNDBPRWxCbXo4aFlaMFNOMW4zR0hIUTNieGhvcU12Ylc4eDdRd0sweFd4QWFMbHdIeEVuSnlZODdEY1pvVlJiOThQM1g2cTBBOHZNaFFDV211MnpzbVE?oc=5\" target=\"_blank\" rel=\"nofollow noopener\">Szymon Marciniak zagwi\u017cd\u017ce Polakowi w Lidze Mistrz\u00f3w. Mi\u0119dzynarodowy sk\u0142ad s\u0119dziowski<\/a>&nbsp;&nbsp;Gol24<\/li>\n<li><a href=\"https:\/\/news.google.com\/rss\/articles\/CBMimwFBVV95cUxPUXNod2hJYTlMNTA5TTlBU0g2eDlRRmxVVXdPem8tWDRFUVowdTVJb01UWTlrQ0NZLXpFMmZyNnFGVkdYZ0dnQVdrdWhZek5MRGd2TXROQ2xPaG55ZHJicE9QdmxqVWJlVVJRZ1RyWTFWSkVyeVJGRE1OdXNEbHU0Z3pLamhRUGJfbmJpT2hBOHo5bW5Oa1VVTlUtVQ?oc=5\" target=\"_blank\" rel=\"nofollow noopener\">Polski s\u0119dzia ponownie doceniony! Poprowadzi mecz 5. kolejki Ligi Mistrz\u00f3w<\/a>&nbsp;&nbsp;Pi\u0142kaNo\u017cna.pl<\/li>\n<li><a href=\"https:\/\/news.google.com\/rss\/articles\/CBMifkFVX3lxTE1WdXNnalFzTjZpNDFoLWk2OEozUmVhNU1rZC1EZWN0dllQckxMajk2ekhWNzV1Y3paZDh3aWIyMVQ1dUFJYk1lbk9OWWtUOVQ4R0x2V19NYkg3MTlUcDdPOU1UVk8tUVNzSlFkLXVDTXM3cm43M2ludEItbmVLQQ?oc=5\" target=\"_blank\" rel=\"nofollow noopener\">SSC Napoli &#8211; Qaraba\u011f FK<\/a>&nbsp;&nbsp;CANAL+<\/li>\n<\/ol>\n","protected":false},"excerpt":{"rendered":"UEFA si\u0119ga po Szymona Marciniaka! Ten mecz Ligi Mistrz\u00f3w poprowadzi&nbsp;&nbsp;Przegl\u0105d Sportowy Onet Szymon Marciniak zagwi\u017cd\u017ce Polakowi w Lidze&hellip;\n","protected":false},"author":2,"featured_media":114312,"comment_status":"","ping_status":"","sticky":false,"template":"","format":"standard","meta":{"footnotes":""},"categories":[24],"tags":[67,16135,299,194,20278,42,38,40,39,41,136,128,47,127,135,126,5780,130],"class_list":{"0":"post-114311","1":"post","2":"type-post","3":"status-publish","4":"format-standard","5":"has-post-thumbnail","7":"category-sport","8":"tag-intextvideo_splayer","9":"tag-karabach_agdam","10":"tag-liga_mistrzow","11":"tag-maja","12":"tag-napoli","13":"tag-pl","14":"tag-poland","15":"tag-polish","16":"tag-polska","17":"tag-polski","18":"tag-ps_detal_new","19":"tag-psv2","20":"tag-screening_general","21":"tag-sport","22":"tag-sport_sport","23":"tag-sports","24":"tag-szymon_marciniak","25":"tag-wiadomosci_sportowe"},"share_on_mastodon":{"url":"https:\/\/pubeurope.com\/@pl\/115598414763995537","error":""},"_links":{"self":[{"href":"https:\/\/www.europesays.com\/pl\/wp-json\/wp\/v2\/posts\/114311","targetHints":{"allow":["GET"]}}],"collection":[{"href":"https:\/\/www.europesays.com\/pl\/wp-json\/wp\/v2\/posts"}],"about":[{"href":"https:\/\/www.europesays.com\/pl\/wp-json\/wp\/v2\/types\/post"}],"author":[{"embeddable":true,"href":"https:\/\/www.europesays.com\/pl\/wp-json\/wp\/v2\/users\/2"}],"replies":[{"embeddable":true,"href":"https:\/\/www.europesays.com\/pl\/wp-json\/wp\/v2\/comments?post=114311"}],"version-history":[{"count":0,"href":"https:\/\/www.europesays.com\/pl\/wp-json\/wp\/v2\/posts\/114311\/revisions"}],"wp:featuredmedia":[{"embeddable":true,"href":"https:\/\/www.europesays.com\/pl\/wp-json\/wp\/v2\/media\/114312"}],"wp:attachment":[{"href":"https:\/\/www.europesays.com\/pl\/wp-json\/wp\/v2\/media?parent=114311"}],"wp:term":[{"taxonomy":"category","embeddable":true,"href":"https:\/\/www.europesays.com\/pl\/wp-json\/wp\/v2\/categories?post=114311"},{"taxonomy":"post_tag","embeddable":true,"href":"https:\/\/www.europesays.com\/pl\/wp-json\/wp\/v2\/tags?post=114311"}],"curies":[{"name":"wp","href":"https:\/\/api.w.org\/{rel}","templated":true}]}}