{"id":114349,"date":"2025-11-23T10:23:08","date_gmt":"2025-11-23T10:23:08","guid":{"rendered":"https:\/\/www.europesays.com\/pl\/114349\/"},"modified":"2025-11-23T10:23:08","modified_gmt":"2025-11-23T10:23:08","slug":"lando-norris-i-oscar-piastri-zdyskwalifikowani-zwrot-w-walce-o-tytul-w-f1-przeglad-sportowy-onet","status":"publish","type":"post","link":"https:\/\/www.europesays.com\/pl\/114349\/","title":{"rendered":"Lando Norris i Oscar Piastri zdyskwalifikowani! Zwrot w walce o tytu\u0142 w F1 &#8211; Przegl\u0105d Sportowy Onet"},"content":{"rendered":"<ol>\n<li><a href=\"https:\/\/news.google.com\/rss\/articles\/CBMiwgFBVV95cUxNUXJmUHNhVjAyX0p2SXIxWWFMZmtvSnJTbjFsWHFuQWs4RXlvRFQ5VmxNc05CaFFCMnk1NnVNckQ2TUlOOXJqX280aDNiR3VyN0dhRUV4cjRad2VBUkhOTnl6YUJaS3NhcmsxVDZMWHVDS09ON1F0RDAtR2daSmNxcEViQmtIYmVZMUtYc1FGc0VMVktuZmdNLXExQ3dHQWhiR2xadE1MSF9EWXpJMHlkRVJkWUdKbG1sRnY5WENBX2U1Zw?oc=5\" target=\"_blank\" rel=\"nofollow noopener\">Lando Norris i Oscar Piastri zdyskwalifikowani! Zwrot w walce o tytu\u0142 w F1<\/a>&nbsp;&nbsp;Przegl\u0105d Sportowy Onet<\/li>\n<li><a href=\"https:\/\/news.google.com\/rss\/articles\/CBMiqgFBVV95cUxNcWstRE42OVhPMlJhcEZuWmZaZXVjb1dOWFh3Ui1kdWptX1hDRmxfZWZUVGVRS3YyYnpvQUlDMTJQMk0yWHlUMTJzdjhKSjkyVkJPYkpHUEpFZWE5T0xObTJvemdaT0kxRlowTzJNVzM2M2lab05oOS0xM0JzTmZONDhoUGJNVGx5MTRzUmNTbFlZZlR5cXJPOTVLTmNNT3BrMURpRXpUal9ydw?oc=5\" target=\"_blank\" rel=\"nofollow noopener\">Dyskwalifikacja McLarena z GP Las Vegas?! To by\u0142by szok dla F1<\/a>&nbsp;&nbsp;SportoweFakty<\/li>\n<li><a href=\"https:\/\/news.google.com\/rss\/articles\/CBMirwFBVV95cUxPTlZraFFId1c0Q0c2a0FxbDNpUUpPNGVoTUhaalktRGhGb3pEMWtfckJpa1h1YzJOVnFGSWVvRXNuNTlPcmZfZlc5SUR3X3dxYlJxRHZFYVhEV2pEVXRqYkVudW43M0xmS3phU0I4cHZYTnZvUGY1Tjc4MDc4WGhELVhuRzNoVnJLQkxYak1xaUNtSW5GVHBxa0ROZ0VOU0MxNXo4M2EzSVpNUzRQaVlz?oc=5\" target=\"_blank\" rel=\"nofollow noopener\">Wie\u015bci gruchn\u0119\u0142y tu\u017c po wy\u015bcigu! To mo\u017ce zawa\u017cy\u0107 o tytule mistrza \u015bwiata F1<\/a>&nbsp;&nbsp;Sport.pl<\/li>\n<li><a href=\"https:\/\/news.google.com\/rss\/articles\/CBMiogFBVV95cUxQZzBtdlllNVB3emxsTGlJdEZaMlM4UGs1SWF2bE5fWm5UMVRuV0FrbXAwMlpfV3R6YUl2MjUtS1BtVzIycndxb1lkS1oxQjhsTm5jLXJuQ0JPM0ZHZWlhenExOWZwOVpNVGRBUzY0cjdaSmozWTRpYTQtSkpRamZOb0s3UkF6bE1qYjA3UlotQ04xU1RzcUJiTkMtTkp2aGFUd1E?oc=5\" target=\"_blank\" rel=\"nofollow noopener\">F1: Dyskwalifikacja Norrisa i Piastriego z GP Las Vegas! Verstappen coraz bli\u017cej!<\/a>&nbsp;&nbsp;parcfer.me<\/li>\n<li><a href=\"https:\/\/news.google.com\/rss\/articles\/CBMimAFBVV95cUxOSmtoLWdJc1FqTEs0N1FsRzc5OEo0V3l3bW9mVWdNTVBGUUhWVlp6enhabGV5cDNnZjR0VGp5aE1wTEFIV1dnUHYtRnFsTU5JcEdaZG5wZm5lemMxYzRqWUUyUjkwclVpVjBrUVdWdkFlYTZFQ1ViLURweC1EbVJSZWtvbF9LY1ZCOEhuN1k1WjFYMXk2a0JkRg?oc=5\" target=\"_blank\" rel=\"nofollow noopener\">F1. Norris i Piastri zdyskwalifikowani z GP Las Vegas<\/a>&nbsp;&nbsp;Motorsport.com<\/li>\n<\/ol>\n","protected":false},"excerpt":{"rendered":"Lando Norris i Oscar Piastri zdyskwalifikowani! Zwrot w walce o tytu\u0142 w F1&nbsp;&nbsp;Przegl\u0105d Sportowy Onet Dyskwalifikacja McLarena z&hellip;\n","protected":false},"author":2,"featured_media":114350,"comment_status":"","ping_status":"","sticky":false,"template":"","format":"standard","meta":{"footnotes":""},"categories":[24],"tags":[2857,67,24897,194,24895,24898,24896,42,38,40,39,41,136,128,47,127,135,126],"class_list":{"0":"post-114349","1":"post","2":"type-post","3":"status-publish","4":"format-standard","5":"has-post-thumbnail","7":"category-sport","8":"tag-formula_1","9":"tag-intextvideo_splayer","10":"tag-lando_norris","11":"tag-maja","12":"tag-max_verstappen","13":"tag-mclaren_f1","14":"tag-oscar_piastri","15":"tag-pl","16":"tag-poland","17":"tag-polish","18":"tag-polska","19":"tag-polski","20":"tag-ps_detal_new","21":"tag-psv2","22":"tag-screening_general","23":"tag-sport","24":"tag-sport_sport","25":"tag-sports"},"share_on_mastodon":{"url":"https:\/\/pubeurope.com\/@pl\/115598524922366735","error":""},"_links":{"self":[{"href":"https:\/\/www.europesays.com\/pl\/wp-json\/wp\/v2\/posts\/114349","targetHints":{"allow":["GET"]}}],"collection":[{"href":"https:\/\/www.europesays.com\/pl\/wp-json\/wp\/v2\/posts"}],"about":[{"href":"https:\/\/www.europesays.com\/pl\/wp-json\/wp\/v2\/types\/post"}],"author":[{"embeddable":true,"href":"https:\/\/www.europesays.com\/pl\/wp-json\/wp\/v2\/users\/2"}],"replies":[{"embeddable":true,"href":"https:\/\/www.europesays.com\/pl\/wp-json\/wp\/v2\/comments?post=114349"}],"version-history":[{"count":0,"href":"https:\/\/www.europesays.com\/pl\/wp-json\/wp\/v2\/posts\/114349\/revisions"}],"wp:featuredmedia":[{"embeddable":true,"href":"https:\/\/www.europesays.com\/pl\/wp-json\/wp\/v2\/media\/114350"}],"wp:attachment":[{"href":"https:\/\/www.europesays.com\/pl\/wp-json\/wp\/v2\/media?parent=114349"}],"wp:term":[{"taxonomy":"category","embeddable":true,"href":"https:\/\/www.europesays.com\/pl\/wp-json\/wp\/v2\/categories?post=114349"},{"taxonomy":"post_tag","embeddable":true,"href":"https:\/\/www.europesays.com\/pl\/wp-json\/wp\/v2\/tags?post=114349"}],"curies":[{"name":"wp","href":"https:\/\/api.w.org\/{rel}","templated":true}]}}